{"id":414,"date":"2017-06-02T12:51:41","date_gmt":"2017-06-02T15:51:41","guid":{"rendered":"https:\/\/wp.ufpel.edu.br\/lvm\/?p=414"},"modified":"2017-06-02T21:11:10","modified_gmt":"2017-06-03T00:11:10","slug":"abertura-de-novo-edital-projeto-de-ensino-gepam","status":"publish","type":"post","link":"https:\/\/wp.ufpel.edu.br\/lvm\/abertura-de-novo-edital-projeto-de-ensino-gepam\/","title":{"rendered":"Abertura de Novo Edital &#8211; Projeto de Ensino GEPAM"},"content":{"rendered":"<p>Aten\u00e7\u00e3o alunos dos Cursos de Matem\u00e1tica Presencial ou a Dist\u00e2ncia da UFPel.<\/p>\n<p>Novo edital para o projeto GEPAM.<\/p>\n<p>Atua\u00e7\u00e3o:<\/p>\n<p><strong>Matem\u00e1tica a Dist\u00e2ncia<\/strong> \u2013 Atuar como l\u00edder do GEPAM em seu polo, organizar as frequ\u00eancias, os assuntos, separar bibliografia adequada e planejar os encontros, escrever relat\u00f3rios semanais, entrar em contato com o articulador na sede por meio das redes sociais tanto para eventuais d\u00favidas quanto para socializar os estudos, convidar palestrantes, sob a orienta\u00e7\u00e3o dos professores do projeto, para complementar a forma\u00e7\u00e3o dos participantes do grupo. Escrever um artigo sobre o trabalho realizado.<\/p>\n<p><strong>Matem\u00e1tica presencial<\/strong> \u2013 um articulador na sede, em Pelotas: organizar as frequ\u00eancias dos grupos dos polos, manter a documenta\u00e7\u00e3o do GEPAM atualizada, enviar as d\u00favidas aos professores do projeto, segundo os assuntos estudados, socializar entre os diferentes grupos os conte\u00fados estudados; manter atualizada a rede atrav\u00e9s da qual os grupos se comunicam. Auxiliar na organiza\u00e7\u00e3o do encontro entre os grupos. Escrever um artigo sobre o trabalho realizado.<\/p>\n<p><a href=\"https:\/\/goo.gl\/forms\/u0HQganqNFI4eOE42\">Para se inscrever, clique aqui.<\/a><\/p>\n<p>O edital pode ser acessado atrav\u00e9s do arquivo abaixo:<\/p>\n<p><a href=\"https:\/\/wp.ufpel.edu.br\/lvm\/files\/2017\/06\/ED06_GEPAM.pdf\">ED06_GEPAM<\/a><\/p>\n<p>&nbsp;<\/p>\n","protected":false},"excerpt":{"rendered":"<p>Aten\u00e7\u00e3o alunos dos Cursos de Matem\u00e1tica Presencial ou a Dist\u00e2ncia da UFPel. Novo edital para o projeto GEPAM. Atua\u00e7\u00e3o: Matem\u00e1tica a Dist\u00e2ncia \u2013 Atuar como l\u00edder do GEPAM em seu polo, organizar as frequ\u00eancias, os assuntos, separar bibliografia adequada e planejar os encontros, escrever relat\u00f3rios semanais, entrar em contato com o articulador na sede por [&hellip;]<\/p>\n","protected":false},"author":291,"featured_media":0,"comment_status":"closed","ping_status":"closed","sticky":false,"template":"","format":"standard","meta":{"footnotes":""},"categories":[38885],"tags":[],"class_list":["post-414","post","type-post","status-publish","format-standard","hentry","category-editais"],"jetpack_featured_media_url":"","_links":{"self":[{"href":"https:\/\/wp.ufpel.edu.br\/lvm\/wp-json\/wp\/v2\/posts\/414","targetHints":{"allow":["GET"]}}],"collection":[{"href":"https:\/\/wp.ufpel.edu.br\/lvm\/wp-json\/wp\/v2\/posts"}],"about":[{"href":"https:\/\/wp.ufpel.edu.br\/lvm\/wp-json\/wp\/v2\/types\/post"}],"author":[{"embeddable":true,"href":"https:\/\/wp.ufpel.edu.br\/lvm\/wp-json\/wp\/v2\/users\/291"}],"replies":[{"embeddable":true,"href":"https:\/\/wp.ufpel.edu.br\/lvm\/wp-json\/wp\/v2\/comments?post=414"}],"version-history":[{"count":3,"href":"https:\/\/wp.ufpel.edu.br\/lvm\/wp-json\/wp\/v2\/posts\/414\/revisions"}],"predecessor-version":[{"id":420,"href":"https:\/\/wp.ufpel.edu.br\/lvm\/wp-json\/wp\/v2\/posts\/414\/revisions\/420"}],"wp:attachment":[{"href":"https:\/\/wp.ufpel.edu.br\/lvm\/wp-json\/wp\/v2\/media?parent=414"}],"wp:term":[{"taxonomy":"category","embeddable":true,"href":"https:\/\/wp.ufpel.edu.br\/lvm\/wp-json\/wp\/v2\/categories?post=414"},{"taxonomy":"post_tag","embeddable":true,"href":"https:\/\/wp.ufpel.edu.br\/lvm\/wp-json\/wp\/v2\/tags?post=414"}],"curies":[{"name":"wp","href":"https:\/\/api.w.org\/{rel}","templated":true}]}}