{"id":405,"date":"2017-06-02T12:21:04","date_gmt":"2017-06-02T15:21:04","guid":{"rendered":"https:\/\/wp.ufpel.edu.br\/lvm\/?p=405"},"modified":"2017-06-02T12:47:56","modified_gmt":"2017-06-02T15:47:56","slug":"resultados-dos-projetos-de-ensino","status":"publish","type":"post","link":"https:\/\/wp.ufpel.edu.br\/lvm\/resultados-dos-projetos-de-ensino\/","title":{"rendered":"Resultados da Sele\u00e7\u00e3o dos Projetos de Ensino"},"content":{"rendered":"<p>Resultado da Sele\u00e7\u00e3o de Bolsistas para o Projeto Laborat\u00f3rio Virtual Multilinguagens<\/p>\n<table style=\"height: 418px\" width=\"720\">\n<tbody>\n<tr>\n<td width=\"245\"><\/td>\n<td width=\"64\">HIST\u00d3RICO<\/td>\n<td width=\"64\">ENTREVISTA<\/td>\n<td width=\"64\">TOTAL<\/td>\n<td width=\"64\"><\/td>\n<\/tr>\n<tr>\n<td>Gabriel Arena Cabral<\/td>\n<td>9,1<\/td>\n<td>9<\/td>\n<td>9,0<\/td>\n<td>classificado<\/td>\n<\/tr>\n<tr>\n<td>Gabriela dos Santos Montezi<\/td>\n<td>8,8<\/td>\n<td>9<\/td>\n<td>8,9<\/td>\n<td>classificado<\/td>\n<\/tr>\n<tr>\n<td>Aline Goulart da Silveira<\/td>\n<td>6,3<\/td>\n<td>9,5<\/td>\n<td>8,5<\/td>\n<td>classificado<\/td>\n<\/tr>\n<tr>\n<td>Kau\u00e3 Soares de Carvalho<\/td>\n<td>7,9<\/td>\n<td>9<\/td>\n<td>8,7<\/td>\n<td>classificado<\/td>\n<\/tr>\n<tr>\n<td>Bernardo Mateus Canterli de Medeiros<\/td>\n<td>9<\/td>\n<td>8,2<\/td>\n<td>8,4<\/td>\n<td>suplente<\/td>\n<\/tr>\n<tr>\n<td>Hellen de Aguiar Rodrigues<\/td>\n<td>7,7<\/td>\n<td>8,5<\/td>\n<td>8,3<\/td>\n<td>suplente<\/td>\n<\/tr>\n<tr>\n<td>Maristela Bergmann<\/td>\n<td>9<\/td>\n<td>7,5<\/td>\n<td>8,0<\/td>\n<td>suplente<\/td>\n<\/tr>\n<tr>\n<td>Virg\u00ednia dos Santos<\/td>\n<td>8<\/td>\n<td>6<\/td>\n<td>6,6<\/td>\n<td>n\u00e3o classificado<\/td>\n<\/tr>\n<tr>\n<td>Leonardo Santos da Rosa<\/td>\n<td>0<\/td>\n<td>8<\/td>\n<td>5,6<\/td>\n<td>n\u00e3o classificado<\/td>\n<\/tr>\n<\/tbody>\n<\/table>\n<p>&nbsp;<\/p>\n<p>Resultado da Sele\u00e7\u00e3o de Bolsistas para o Projeto\u00a0GEPAM<\/p>\n<table style=\"height: 268px\" width=\"723\">\n<tbody>\n<tr>\n<td width=\"245\"><\/td>\n<td width=\"64\">HIST\u00d3RICO<\/td>\n<td width=\"64\">ENTREVISTA<\/td>\n<td width=\"64\">TOTAL<\/td>\n<td width=\"64\"><\/td>\n<\/tr>\n<tr>\n<td>Viviane Maximiano dos Santos<\/td>\n<td>6,7<\/td>\n<td>8<\/td>\n<td>7,6<\/td>\n<td>classificado<\/td>\n<\/tr>\n<tr>\n<td>Let\u00edcia Santos Alves<\/td>\n<td>6,4<\/td>\n<td>8<\/td>\n<td>7,5<\/td>\n<td>classificado<\/td>\n<\/tr>\n<tr>\n<td>Dionatan Michel Caetano Ribeiro<\/td>\n<td>4,6<\/td>\n<td>8<\/td>\n<td>7,0<\/td>\n<td>classificado<\/td>\n<\/tr>\n<tr>\n<td>Jessica Barbosa Castro de Freitas<\/td>\n<td>1,4<\/td>\n<td>7<\/td>\n<td>5,3<\/td>\n<td>n\u00e3o classificado<\/td>\n<\/tr>\n<\/tbody>\n<\/table>\n<p>&nbsp;<\/p>\n","protected":false},"excerpt":{"rendered":"<p>Resultado da Sele\u00e7\u00e3o de Bolsistas para o Projeto Laborat\u00f3rio Virtual Multilinguagens HIST\u00d3RICO ENTREVISTA TOTAL Gabriel Arena Cabral 9,1 9 9,0 classificado Gabriela dos Santos Montezi 8,8 9 8,9 classificado Aline Goulart da Silveira 6,3 9,5 8,5 classificado Kau\u00e3 Soares de Carvalho 7,9 9 8,7 classificado Bernardo Mateus Canterli de Medeiros 9 8,2 8,4 suplente Hellen [&hellip;]<\/p>\n","protected":false},"author":291,"featured_media":0,"comment_status":"closed","ping_status":"closed","sticky":false,"template":"","format":"standard","meta":{"footnotes":""},"categories":[38885],"tags":[],"class_list":["post-405","post","type-post","status-publish","format-standard","hentry","category-editais"],"jetpack_featured_media_url":"","_links":{"self":[{"href":"https:\/\/wp.ufpel.edu.br\/lvm\/wp-json\/wp\/v2\/posts\/405","targetHints":{"allow":["GET"]}}],"collection":[{"href":"https:\/\/wp.ufpel.edu.br\/lvm\/wp-json\/wp\/v2\/posts"}],"about":[{"href":"https:\/\/wp.ufpel.edu.br\/lvm\/wp-json\/wp\/v2\/types\/post"}],"author":[{"embeddable":true,"href":"https:\/\/wp.ufpel.edu.br\/lvm\/wp-json\/wp\/v2\/users\/291"}],"replies":[{"embeddable":true,"href":"https:\/\/wp.ufpel.edu.br\/lvm\/wp-json\/wp\/v2\/comments?post=405"}],"version-history":[{"count":5,"href":"https:\/\/wp.ufpel.edu.br\/lvm\/wp-json\/wp\/v2\/posts\/405\/revisions"}],"predecessor-version":[{"id":413,"href":"https:\/\/wp.ufpel.edu.br\/lvm\/wp-json\/wp\/v2\/posts\/405\/revisions\/413"}],"wp:attachment":[{"href":"https:\/\/wp.ufpel.edu.br\/lvm\/wp-json\/wp\/v2\/media?parent=405"}],"wp:term":[{"taxonomy":"category","embeddable":true,"href":"https:\/\/wp.ufpel.edu.br\/lvm\/wp-json\/wp\/v2\/categories?post=405"},{"taxonomy":"post_tag","embeddable":true,"href":"https:\/\/wp.ufpel.edu.br\/lvm\/wp-json\/wp\/v2\/tags?post=405"}],"curies":[{"name":"wp","href":"https:\/\/api.w.org\/{rel}","templated":true}]}}