{"id":376,"date":"2017-05-29T16:27:55","date_gmt":"2017-05-29T19:27:55","guid":{"rendered":"https:\/\/wp.ufpel.edu.br\/lvm\/?p=376"},"modified":"2017-05-29T23:25:24","modified_gmt":"2017-05-30T02:25:24","slug":"resultado-dos-editais-de-selecao-de-bolsista-para-projetos-de-extensao-lam-2017","status":"publish","type":"post","link":"https:\/\/wp.ufpel.edu.br\/lvm\/resultado-dos-editais-de-selecao-de-bolsista-para-projetos-de-extensao-lam-2017\/","title":{"rendered":"Resultado dos Editais de Sele\u00e7\u00e3o de Bolsista para Projetos de Extens\u00e3o &#8211; LAM 2017"},"content":{"rendered":"<table width=\"469\">\n<tbody>\n<tr>\n<td colspan=\"4\" width=\"469\"><strong>GEFDDIM<\/strong><\/td>\n<\/tr>\n<tr>\n<td width=\"275\">Candidato (a)<\/td>\n<td width=\"61\">Hist\u00f3rico<\/td>\n<td width=\"69\">Entrevista<\/td>\n<td width=\"64\">M\u00e9dia<\/td>\n<\/tr>\n<tr>\n<td width=\"275\"><strong>Aiana Silveira Bilhalva<\/strong><\/td>\n<td width=\"61\"><strong>7,6<\/strong><\/td>\n<td width=\"69\"><strong>9<\/strong><\/td>\n<td width=\"64\"><strong>8,6<\/strong><\/td>\n<\/tr>\n<tr>\n<td width=\"275\">Marcos Aur\u00e9lio da Silva Martins<\/td>\n<td width=\"61\">3,9<\/td>\n<td width=\"69\">9,5<\/td>\n<td width=\"64\">7,8<\/td>\n<\/tr>\n<tr>\n<td width=\"275\">Monica Flugel Alves<\/td>\n<td width=\"61\">6,9<\/td>\n<td width=\"69\">6,5<\/td>\n<td width=\"64\">6,6<\/td>\n<\/tr>\n<tr>\n<td width=\"275\">Amalia Gislaine Prates Heberle<\/td>\n<td width=\"61\">7,4<\/td>\n<td width=\"69\">6<\/td>\n<td width=\"64\">6,4<\/td>\n<\/tr>\n<tr>\n<td width=\"275\">Luciane Bichet Luz<\/td>\n<td width=\"61\">6,2<\/td>\n<td width=\"69\">5<\/td>\n<td width=\"64\">5,4<\/td>\n<\/tr>\n<tr>\n<td width=\"275\">Aline Goulart da Silveira<\/td>\n<td width=\"61\">6,3<\/td>\n<td width=\"69\">nc<\/td>\n<td width=\"64\">0,0<\/td>\n<\/tr>\n<tr>\n<td width=\"275\">Kau\u00e3 Soares de Carvalho<\/td>\n<td width=\"61\">7,9<\/td>\n<td width=\"69\">nc<\/td>\n<td width=\"64\">0,0<\/td>\n<\/tr>\n<\/tbody>\n<\/table>\n<p>&nbsp;<\/p>\n<table width=\"469\">\n<tbody>\n<tr>\n<td colspan=\"4\" width=\"469\"><strong>Oficinas Multilinguagens<\/strong><\/td>\n<\/tr>\n<tr>\n<td width=\"275\">Candidato (a)<\/td>\n<td width=\"61\">Hist\u00f3rico<\/td>\n<td width=\"69\">Entrevista<\/td>\n<td width=\"64\">M\u00e9dia<\/td>\n<\/tr>\n<tr>\n<td width=\"275\"><strong>Marcos Aur\u00e9lio da Silva Martins<\/strong><\/td>\n<td width=\"61\"><strong>3,9<\/strong><\/td>\n<td width=\"69\"><strong>9,5<\/strong><\/td>\n<td width=\"64\"><strong>7,8<\/strong><\/td>\n<\/tr>\n<tr>\n<td width=\"275\">Monica Flugel Alves<\/td>\n<td width=\"61\">6,9<\/td>\n<td width=\"69\">6,5<\/td>\n<td width=\"64\">6,6<\/td>\n<\/tr>\n<tr>\n<td width=\"275\">Amalia Gislaine Prates Heberle<\/td>\n<td width=\"61\">7,4<\/td>\n<td width=\"69\">6<\/td>\n<td width=\"64\">6,4<\/td>\n<\/tr>\n<tr>\n<td width=\"275\">Jessica dos Santos Tabeliao<\/td>\n<td width=\"61\">6,2<\/td>\n<td width=\"69\">6<\/td>\n<td width=\"64\">6,1<\/td>\n<\/tr>\n<tr>\n<td width=\"275\">Aline Goulart da Silveira<\/td>\n<td width=\"61\">6,3<\/td>\n<td width=\"69\">nc<\/td>\n<td width=\"64\">0,0<\/td>\n<\/tr>\n<tr>\n<td width=\"275\">Kau\u00e3 Soares de Carvalho<\/td>\n<td width=\"61\">7,9<\/td>\n<td width=\"69\">nc<\/td>\n<td width=\"64\">0,0<\/td>\n<\/tr>\n<\/tbody>\n<\/table>\n<p>&nbsp;<\/p>\n<table width=\"469\">\n<tbody>\n<tr>\n<td colspan=\"4\" width=\"469\"><strong>Programa Laborat\u00f3rio Multilinguagens<\/strong><\/td>\n<\/tr>\n<tr>\n<td width=\"275\">Candidato (a)<\/td>\n<td width=\"61\">Hist\u00f3rico<\/td>\n<td width=\"69\">Entrevista<\/td>\n<td width=\"64\">M\u00e9dia<\/td>\n<\/tr>\n<tr>\n<td width=\"275\"><strong>Raquel de Almeida Almeida<\/strong><\/td>\n<td width=\"61\"><strong>6,8<\/strong><\/td>\n<td width=\"69\"><strong>9<\/strong><\/td>\n<td width=\"64\"><strong>8,3<\/strong><\/td>\n<\/tr>\n<tr>\n<td width=\"275\">Marcos Aur\u00e9lio da Silva Martins<\/td>\n<td width=\"61\">3,9<\/td>\n<td width=\"69\">9,5<\/td>\n<td width=\"64\">7,8<\/td>\n<\/tr>\n<tr>\n<td width=\"275\">Monica Flugel Alves<\/td>\n<td width=\"61\">6,9<\/td>\n<td width=\"69\">6,5<\/td>\n<td width=\"64\">6,6<\/td>\n<\/tr>\n<tr>\n<td width=\"275\">Amalia Gislaine Prates Heberle<\/td>\n<td width=\"61\">7,4<\/td>\n<td width=\"69\">6<\/td>\n<td width=\"64\">6,4<\/td>\n<\/tr>\n<tr>\n<td width=\"275\">Jessica dos Santos Tabeli\u00e3o<\/td>\n<td width=\"61\">6,2<\/td>\n<td width=\"69\">6<\/td>\n<td width=\"64\">6,1<\/td>\n<\/tr>\n<tr>\n<td width=\"275\">Aline Goulart da Silveira<\/td>\n<td width=\"61\">6,3<\/td>\n<td width=\"69\">nc<\/td>\n<td width=\"64\">0,0<\/td>\n<\/tr>\n<tr>\n<td width=\"275\">Kau\u00e3 Soares de Carvalho<\/td>\n<td width=\"61\">7,9<\/td>\n<td width=\"69\">nc<\/td>\n<td width=\"64\">0,0<\/td>\n<\/tr>\n<\/tbody>\n<\/table>\n<ul>\n<li>nc &#8211; n\u00e3o compareceu<\/li>\n<\/ul>\n<p>Os bolsistas selecionados dever\u00e3o entregar na PREC at\u00e9 o dia 31\/05\/2017 a seguinte documenta\u00e7\u00e3o:<\/p>\n<ol>\n<li>Hist\u00f3rico Escolar atualizado;<\/li>\n<li>C\u00f3pia da Carteira de Identidade e do CPF (frente e verso);<\/li>\n<li>Plano de trabalho assinado pelo Coordenador e pelo Bolsista (Preencher o modelo <a href=\"https:\/\/wp.ufpel.edu.br\/prec\/files\/2017\/05\/FORMUL%C3%81RIO-PLANO-DE-TRABALHO-1.docx\">FORMUL\u00c1RIO PLANO DE TRABALHO<\/a> juntamente com o respectivo coordenador do programa em que foi selecionado);<\/li>\n<li>Dados banc\u00e1rios: conta corrente e individual (n\u00e3o pode ser conta de terceiros, conjunta ou conta poupan\u00e7a).<\/li>\n<li>No caso de bolsa VULNERABILIDADE SOCIAL dever\u00e1 entregar comprovante fornecido pela Pr\u00f3-Reitoria de Assuntos Estudantis (PRAE).<\/li>\n<\/ol>\n<p>Maiores informa\u00e7\u00f5es pelo email ritamatematica@gmail.com<\/p>\n","protected":false},"excerpt":{"rendered":"<p>GEFDDIM Candidato (a) Hist\u00f3rico Entrevista M\u00e9dia Aiana Silveira Bilhalva 7,6 9 8,6 Marcos Aur\u00e9lio da Silva Martins 3,9 9,5 7,8 Monica Flugel Alves 6,9 6,5 6,6 Amalia Gislaine Prates Heberle 7,4 6 6,4 Luciane Bichet Luz 6,2 5 5,4 Aline Goulart da Silveira 6,3 nc 0,0 Kau\u00e3 Soares de Carvalho 7,9 nc 0,0 &nbsp; Oficinas [&hellip;]<\/p>\n","protected":false},"author":291,"featured_media":0,"comment_status":"closed","ping_status":"closed","sticky":false,"template":"","format":"standard","meta":{"footnotes":""},"categories":[38885],"tags":[],"class_list":["post-376","post","type-post","status-publish","format-standard","hentry","category-editais"],"jetpack_featured_media_url":"","_links":{"self":[{"href":"https:\/\/wp.ufpel.edu.br\/lvm\/wp-json\/wp\/v2\/posts\/376","targetHints":{"allow":["GET"]}}],"collection":[{"href":"https:\/\/wp.ufpel.edu.br\/lvm\/wp-json\/wp\/v2\/posts"}],"about":[{"href":"https:\/\/wp.ufpel.edu.br\/lvm\/wp-json\/wp\/v2\/types\/post"}],"author":[{"embeddable":true,"href":"https:\/\/wp.ufpel.edu.br\/lvm\/wp-json\/wp\/v2\/users\/291"}],"replies":[{"embeddable":true,"href":"https:\/\/wp.ufpel.edu.br\/lvm\/wp-json\/wp\/v2\/comments?post=376"}],"version-history":[{"count":2,"href":"https:\/\/wp.ufpel.edu.br\/lvm\/wp-json\/wp\/v2\/posts\/376\/revisions"}],"predecessor-version":[{"id":387,"href":"https:\/\/wp.ufpel.edu.br\/lvm\/wp-json\/wp\/v2\/posts\/376\/revisions\/387"}],"wp:attachment":[{"href":"https:\/\/wp.ufpel.edu.br\/lvm\/wp-json\/wp\/v2\/media?parent=376"}],"wp:term":[{"taxonomy":"category","embeddable":true,"href":"https:\/\/wp.ufpel.edu.br\/lvm\/wp-json\/wp\/v2\/categories?post=376"},{"taxonomy":"post_tag","embeddable":true,"href":"https:\/\/wp.ufpel.edu.br\/lvm\/wp-json\/wp\/v2\/tags?post=376"}],"curies":[{"name":"wp","href":"https:\/\/api.w.org\/{rel}","templated":true}]}}