{"id":342,"date":"2017-05-23T02:31:25","date_gmt":"2017-05-23T05:31:25","guid":{"rendered":"https:\/\/wp.ufpel.edu.br\/lvm\/?p=342"},"modified":"2017-05-25T22:16:22","modified_gmt":"2017-05-26T01:16:22","slug":"extensao_2017","status":"publish","type":"post","link":"https:\/\/wp.ufpel.edu.br\/lvm\/extensao_2017\/","title":{"rendered":"Inscri\u00e7\u00f5es para Sele\u00e7\u00e3o de Bolsistas &#8211; Projetos de Extens\u00e3o 2017 &#8211; LIFE-LAM"},"content":{"rendered":"<p>As inscri\u00e7\u00f5es para a sele\u00e7\u00e3o de bolsistas para atuar nos projetos de Extens\u00e3o do LIFE\/LAM est\u00e3o abertas de 23 a 28 de maio de 2017.<\/p>\n<p>Os projetos s\u00e3o:<\/p>\n<p><strong>GEFDDiM<\/strong> &#8211; Grupo de Estudos em Forma\u00e7\u00e3o Docente a Dist\u00e2ncia de Matem\u00e1tica &#8211; podem se candidatar estudantes de Matem\u00e1tica na modalidade presencial, ir\u00e3o atuar principalmente no acompanhamento e registro dos grupos de professores e tutores de est\u00e1gios e suas reuni\u00f5es peri\u00f3dicas, bem como nos encontros relacionados ao grupo e em outras a\u00e7\u00f5es do LAM.<\/p>\n<p><a href=\"https:\/\/goo.gl\/forms\/FCfFyxueuIxI6LIA2\">Clique aqui para se inscrever na sele\u00e7\u00e3o do Projeto GEFDDiM<\/a><\/p>\n<p><strong>Oficinas Multilinguagens<\/strong> &#8211; s\u00e3o oficinas semipresenciais ofertadas a professores e estudantes a partir da sede em Pelotas. O bolsista ir\u00e1 atuar no planejamento, constru\u00e7\u00e3o de material, na oficina propriamente dita e em sua avalia\u00e7\u00e3o, tamb\u00e9m no registro das mesmas, bem como outras a\u00e7\u00f5es do LAM. Podem se candidatar estudantes de Matem\u00e1tica ou Pedagogia na modalidade presencial.<\/p>\n<p><a href=\"https:\/\/goo.gl\/forms\/6SP6uRvxgbrTf4Vr2\">Clique aqui para se inscrever na sele\u00e7\u00e3o do Projeto Oficinas Multilinguagens<\/a><\/p>\n<p><strong>Programa Laborat\u00f3rio Multilinguagens<\/strong> &#8211; podem se candidatar estu<span class=\"Apple-style-span\">dantes de Matem\u00e1tica ou Pedagogia na modalidade presencial. A atua\u00e7\u00e3o se d\u00e1 no planejamento, constru\u00e7\u00e3o de material, na oficina propriamente dita e em sua avalia\u00e7\u00e3o, tamb\u00e9m no registro das mesmas,\u00a0bem como outras a\u00e7\u00f5es do LAM. As oficinas do Programa LAM se d\u00e3o prioritariamente fora da sede.<\/span><\/p>\n<p><a href=\"https:\/\/goo.gl\/forms\/cKe69sglr1n9Tmcz1\">Clique aqui para se inscrever na sele\u00e7\u00e3o do Programa Laborat\u00f3rio Multilinguagens<\/a><\/p>\n<div>\n<p>Os editais para os projetos de extens\u00e3o do LAM 2017 podem ser acessados atrav\u00e9s dos links abaixo:<\/p>\n<p><a href=\"https:\/\/wp.ufpel.edu.br\/prec\/files\/2017\/05\/GEFDDiM.pdf\">GEFDDIM<\/a><\/p>\n<p><a href=\"https:\/\/wp.ufpel.edu.br\/prec\/files\/2017\/05\/Oficinas-Multilinguagens.pdf\">Oficinas Multilinguagens<\/a><\/p>\n<p><a href=\"https:\/\/wp.ufpel.edu.br\/prec\/files\/2017\/05\/Laborat%C3%B3rio-Multilinguagens.pdf\">Laborat\u00f3rio Multilinguagens<\/a><\/p>\n<\/div>\n<p>&nbsp;<\/p>\n","protected":false},"excerpt":{"rendered":"<p>As inscri\u00e7\u00f5es para a sele\u00e7\u00e3o de bolsistas para atuar nos projetos de Extens\u00e3o do LIFE\/LAM est\u00e3o abertas de 23 a 28 de maio de 2017. Os projetos s\u00e3o: GEFDDiM &#8211; Grupo de Estudos em Forma\u00e7\u00e3o Docente a Dist\u00e2ncia de Matem\u00e1tica &#8211; podem se candidatar estudantes de Matem\u00e1tica na modalidade presencial, ir\u00e3o atuar principalmente no acompanhamento [&hellip;]<\/p>\n","protected":false},"author":291,"featured_media":0,"comment_status":"closed","ping_status":"closed","sticky":false,"template":"","format":"standard","meta":{"footnotes":""},"categories":[38885],"tags":[],"class_list":["post-342","post","type-post","status-publish","format-standard","hentry","category-editais"],"jetpack_featured_media_url":"","_links":{"self":[{"href":"https:\/\/wp.ufpel.edu.br\/lvm\/wp-json\/wp\/v2\/posts\/342","targetHints":{"allow":["GET"]}}],"collection":[{"href":"https:\/\/wp.ufpel.edu.br\/lvm\/wp-json\/wp\/v2\/posts"}],"about":[{"href":"https:\/\/wp.ufpel.edu.br\/lvm\/wp-json\/wp\/v2\/types\/post"}],"author":[{"embeddable":true,"href":"https:\/\/wp.ufpel.edu.br\/lvm\/wp-json\/wp\/v2\/users\/291"}],"replies":[{"embeddable":true,"href":"https:\/\/wp.ufpel.edu.br\/lvm\/wp-json\/wp\/v2\/comments?post=342"}],"version-history":[{"count":10,"href":"https:\/\/wp.ufpel.edu.br\/lvm\/wp-json\/wp\/v2\/posts\/342\/revisions"}],"predecessor-version":[{"id":375,"href":"https:\/\/wp.ufpel.edu.br\/lvm\/wp-json\/wp\/v2\/posts\/342\/revisions\/375"}],"wp:attachment":[{"href":"https:\/\/wp.ufpel.edu.br\/lvm\/wp-json\/wp\/v2\/media?parent=342"}],"wp:term":[{"taxonomy":"category","embeddable":true,"href":"https:\/\/wp.ufpel.edu.br\/lvm\/wp-json\/wp\/v2\/categories?post=342"},{"taxonomy":"post_tag","embeddable":true,"href":"https:\/\/wp.ufpel.edu.br\/lvm\/wp-json\/wp\/v2\/tags?post=342"}],"curies":[{"name":"wp","href":"https:\/\/api.w.org\/{rel}","templated":true}]}}