{"id":230,"date":"2016-05-09T19:58:59","date_gmt":"2016-05-09T22:58:59","guid":{"rendered":"https:\/\/wp.ufpel.edu.br\/lvm\/?p=230"},"modified":"2016-05-09T19:58:59","modified_gmt":"2016-05-09T22:58:59","slug":"selecao-extensao-lam-2016","status":"publish","type":"post","link":"https:\/\/wp.ufpel.edu.br\/lvm\/selecao-extensao-lam-2016\/","title":{"rendered":"Sele\u00e7\u00e3o Extens\u00e3o LAM 2016"},"content":{"rendered":"<p>Est\u00e3o abertas de 9 a 18 de maio de 2016 as inscri\u00e7\u00f5es para Sele\u00e7\u00e3o de Bolsista de Extens\u00e3o para atua\u00e7\u00e3o no Projeto Oficina Multilinguagens de Forma\u00e7\u00e3o de Professores da Educa\u00e7\u00e3o B\u00e1sica, do LAM\/LIFE.<\/p>\n<p>Podem se candidatar estudantes dos cursos de Matem\u00e1tica, Pedagogia ou \u00c1reas Afins, que desejem contribuir com o projeto.<\/p>\n<p>As inscri\u00e7\u00f5es podem ser feitas entregando formul\u00e1rio de inscri\u00e7\u00e3o na sala 308A da Cotada no turno da tarde ou clicando <a href=\"http:\/\/goo.gl\/forms\/CCJQHosIak\">aqui <\/a>e preenchendo a ficha de inscri\u00e7\u00e3o.<\/p>\n<p>O edital est\u00e1 dispon\u00edvel e se encontra em <a href=\"https:\/\/wp.ufpel.edu.br\/lvm\/files\/2016\/05\/2016_EDITAL_EXTENSAO.pdf\">2016_EDITAL_EXTENSAO.<\/a><\/p>\n","protected":false},"excerpt":{"rendered":"<p>Est\u00e3o abertas de 9 a 18 de maio de 2016 as inscri\u00e7\u00f5es para Sele\u00e7\u00e3o de Bolsista de Extens\u00e3o para atua\u00e7\u00e3o no Projeto Oficina Multilinguagens de Forma\u00e7\u00e3o de Professores da Educa\u00e7\u00e3o B\u00e1sica, do LAM\/LIFE. Podem se candidatar estudantes dos cursos de Matem\u00e1tica, Pedagogia ou \u00c1reas Afins, que desejem contribuir com o projeto. As inscri\u00e7\u00f5es podem ser [&hellip;]<\/p>\n","protected":false},"author":291,"featured_media":0,"comment_status":"closed","ping_status":"closed","sticky":false,"template":"","format":"standard","meta":{"footnotes":""},"categories":[38885],"tags":[],"class_list":["post-230","post","type-post","status-publish","format-standard","hentry","category-editais"],"jetpack_featured_media_url":"","_links":{"self":[{"href":"https:\/\/wp.ufpel.edu.br\/lvm\/wp-json\/wp\/v2\/posts\/230","targetHints":{"allow":["GET"]}}],"collection":[{"href":"https:\/\/wp.ufpel.edu.br\/lvm\/wp-json\/wp\/v2\/posts"}],"about":[{"href":"https:\/\/wp.ufpel.edu.br\/lvm\/wp-json\/wp\/v2\/types\/post"}],"author":[{"embeddable":true,"href":"https:\/\/wp.ufpel.edu.br\/lvm\/wp-json\/wp\/v2\/users\/291"}],"replies":[{"embeddable":true,"href":"https:\/\/wp.ufpel.edu.br\/lvm\/wp-json\/wp\/v2\/comments?post=230"}],"version-history":[{"count":1,"href":"https:\/\/wp.ufpel.edu.br\/lvm\/wp-json\/wp\/v2\/posts\/230\/revisions"}],"predecessor-version":[{"id":233,"href":"https:\/\/wp.ufpel.edu.br\/lvm\/wp-json\/wp\/v2\/posts\/230\/revisions\/233"}],"wp:attachment":[{"href":"https:\/\/wp.ufpel.edu.br\/lvm\/wp-json\/wp\/v2\/media?parent=230"}],"wp:term":[{"taxonomy":"category","embeddable":true,"href":"https:\/\/wp.ufpel.edu.br\/lvm\/wp-json\/wp\/v2\/categories?post=230"},{"taxonomy":"post_tag","embeddable":true,"href":"https:\/\/wp.ufpel.edu.br\/lvm\/wp-json\/wp\/v2\/tags?post=230"}],"curies":[{"name":"wp","href":"https:\/\/api.w.org\/{rel}","templated":true}]}}