{"id":2147,"date":"2025-05-21T17:04:00","date_gmt":"2025-05-21T20:04:00","guid":{"rendered":"https:\/\/wp.ufpel.edu.br\/lvm\/?p=2147"},"modified":"2025-07-06T03:17:42","modified_gmt":"2025-07-06T06:17:42","slug":"laboratorio-multilinguagens-na-escola-bibiano-de-almeida","status":"publish","type":"post","link":"https:\/\/wp.ufpel.edu.br\/lvm\/laboratorio-multilinguagens-na-escola-bibiano-de-almeida\/","title":{"rendered":"Laborat\u00f3rio Multilinguagens na Escola Bibiano de Almeida"},"content":{"rendered":"<p>No dia 17 de maio (s\u00e1bado) a equipe do LAM ministrou duas oficinas para os estudantes da Escola Municipal de Ensino Fundamental Bibiano de Almeida no evento Matematicando.<br \/>\nFoi um momento de aprendizagem tanto para os alunos quanto para os professores.<\/p>\n<p>Os ingressantes do curso de Matem\u00e1tica, com o apoio dos veteranos e de alguns professores, experimentaram a pr\u00e1tica did\u00e1tica de ministrar oficinas em eventos de escolas. Os temas demandados pela escola foram as opera\u00e7\u00f5es matem\u00e1ticas.<\/p>\n<p>Jogos did\u00e1ticos e materiais manipulativos foram trabalhados com os adolescentes, que afirmaram ter gostado da oficina e do projeto. Este retorno \u00e9 importante no sentido de aproximar a Universidade e a Escola, como espa\u00e7o de todos.<\/p>\n","protected":false},"excerpt":{"rendered":"<p>No dia 17 de maio (s\u00e1bado) a equipe do LAM ministrou duas oficinas para os estudantes da Escola Municipal de Ensino Fundamental Bibiano de Almeida no evento Matematicando. Foi um momento de aprendizagem tanto para os alunos quanto para os professores. Os ingressantes do curso de Matem\u00e1tica, com o apoio dos veteranos e de alguns [&hellip;]<\/p>\n","protected":false},"author":291,"featured_media":0,"comment_status":"closed","ping_status":"closed","sticky":false,"template":"","format":"standard","meta":{"footnotes":""},"categories":[9259,70661],"tags":[],"class_list":["post-2147","post","type-post","status-publish","format-standard","hentry","category-eventos","category-extensao"],"jetpack_featured_media_url":"","_links":{"self":[{"href":"https:\/\/wp.ufpel.edu.br\/lvm\/wp-json\/wp\/v2\/posts\/2147","targetHints":{"allow":["GET"]}}],"collection":[{"href":"https:\/\/wp.ufpel.edu.br\/lvm\/wp-json\/wp\/v2\/posts"}],"about":[{"href":"https:\/\/wp.ufpel.edu.br\/lvm\/wp-json\/wp\/v2\/types\/post"}],"author":[{"embeddable":true,"href":"https:\/\/wp.ufpel.edu.br\/lvm\/wp-json\/wp\/v2\/users\/291"}],"replies":[{"embeddable":true,"href":"https:\/\/wp.ufpel.edu.br\/lvm\/wp-json\/wp\/v2\/comments?post=2147"}],"version-history":[{"count":4,"href":"https:\/\/wp.ufpel.edu.br\/lvm\/wp-json\/wp\/v2\/posts\/2147\/revisions"}],"predecessor-version":[{"id":2170,"href":"https:\/\/wp.ufpel.edu.br\/lvm\/wp-json\/wp\/v2\/posts\/2147\/revisions\/2170"}],"wp:attachment":[{"href":"https:\/\/wp.ufpel.edu.br\/lvm\/wp-json\/wp\/v2\/media?parent=2147"}],"wp:term":[{"taxonomy":"category","embeddable":true,"href":"https:\/\/wp.ufpel.edu.br\/lvm\/wp-json\/wp\/v2\/categories?post=2147"},{"taxonomy":"post_tag","embeddable":true,"href":"https:\/\/wp.ufpel.edu.br\/lvm\/wp-json\/wp\/v2\/tags?post=2147"}],"curies":[{"name":"wp","href":"https:\/\/api.w.org\/{rel}","templated":true}]}}