{"id":2065,"date":"2025-04-05T15:38:55","date_gmt":"2025-04-05T18:38:55","guid":{"rendered":"https:\/\/wp.ufpel.edu.br\/lvm\/?p=2065"},"modified":"2025-04-05T22:57:00","modified_gmt":"2025-04-06T01:57:00","slug":"estudantes-da-matematica-ufpel-na-caminhada-de-conscientizacao-sobre-autismo","status":"publish","type":"post","link":"https:\/\/wp.ufpel.edu.br\/lvm\/estudantes-da-matematica-ufpel-na-caminhada-de-conscientizacao-sobre-autismo\/","title":{"rendered":"Estudantes da Matem\u00e1tica UFPel na Caminhada de Conscientiza\u00e7\u00e3o sobre Autismo"},"content":{"rendered":"<p>Membros do LAM e estudantes do N\u00facleo Presencial do PIBID da UFPel participaram da Caminhada de Conscientiza\u00e7\u00e3o sobre o autismo no dia 05\/02, em Pelotas.<\/p>\n<p>A caminhada \u00e9 promovida pela Associa\u00e7\u00e3o de Autistas, Pais e M\u00e3es de Autistas com enfoque Hol\u00edstico &#8211; AMPAHRO, e conta com familiares, escolas e pessoas que se importam com a inclus\u00e3o.<\/p>\n<p>A equipe do LAM busca promover a\u00e7\u00f5es inclusivas e diversas, apoiando a<a href=\"https:\/\/wp.ufpel.edu.br\/lvm\/files\/2025\/04\/caminhada.jpg\"><img class=\"size-medium wp-image-2067 alignright\" src=\"https:\/\/wp.ufpel.edu.br\/lvm\/files\/2025\/04\/caminhada-400x300.jpg\" alt=\"\" width=\"400\" height=\"300\" srcset=\"https:\/\/wp.ufpel.edu.br\/lvm\/files\/2025\/04\/caminhada-400x300.jpg 400w, https:\/\/wp.ufpel.edu.br\/lvm\/files\/2025\/04\/caminhada-1024x768.jpg 1024w, https:\/\/wp.ufpel.edu.br\/lvm\/files\/2025\/04\/caminhada-768x576.jpg 768w, https:\/\/wp.ufpel.edu.br\/lvm\/files\/2025\/04\/caminhada-1536x1152.jpg 1536w, https:\/\/wp.ufpel.edu.br\/lvm\/files\/2025\/04\/caminhada.jpg 1600w\" sizes=\"(max-width: 400px) 100vw, 400px\" \/><\/a> Educa\u00e7\u00e3o para todos, e trabalhando com as necessidades educacionais voltadas \u00e0 aprendizagem com significado.<\/p>\n<p>&nbsp;<\/p>\n<p>&nbsp;<\/p>\n<p>&nbsp;<\/p>\n","protected":false},"excerpt":{"rendered":"<p>Membros do LAM e estudantes do N\u00facleo Presencial do PIBID da UFPel participaram da Caminhada de Conscientiza\u00e7\u00e3o sobre o autismo no dia 05\/02, em Pelotas. A caminhada \u00e9 promovida pela Associa\u00e7\u00e3o de Autistas, Pais e M\u00e3es de Autistas com enfoque Hol\u00edstico &#8211; AMPAHRO, e conta com familiares, escolas e pessoas que se importam com a [&hellip;]<\/p>\n","protected":false},"author":291,"featured_media":0,"comment_status":"closed","ping_status":"closed","sticky":false,"template":"","format":"standard","meta":{"footnotes":""},"categories":[70661],"tags":[],"class_list":["post-2065","post","type-post","status-publish","format-standard","hentry","category-extensao"],"jetpack_featured_media_url":"","_links":{"self":[{"href":"https:\/\/wp.ufpel.edu.br\/lvm\/wp-json\/wp\/v2\/posts\/2065","targetHints":{"allow":["GET"]}}],"collection":[{"href":"https:\/\/wp.ufpel.edu.br\/lvm\/wp-json\/wp\/v2\/posts"}],"about":[{"href":"https:\/\/wp.ufpel.edu.br\/lvm\/wp-json\/wp\/v2\/types\/post"}],"author":[{"embeddable":true,"href":"https:\/\/wp.ufpel.edu.br\/lvm\/wp-json\/wp\/v2\/users\/291"}],"replies":[{"embeddable":true,"href":"https:\/\/wp.ufpel.edu.br\/lvm\/wp-json\/wp\/v2\/comments?post=2065"}],"version-history":[{"count":1,"href":"https:\/\/wp.ufpel.edu.br\/lvm\/wp-json\/wp\/v2\/posts\/2065\/revisions"}],"predecessor-version":[{"id":2068,"href":"https:\/\/wp.ufpel.edu.br\/lvm\/wp-json\/wp\/v2\/posts\/2065\/revisions\/2068"}],"wp:attachment":[{"href":"https:\/\/wp.ufpel.edu.br\/lvm\/wp-json\/wp\/v2\/media?parent=2065"}],"wp:term":[{"taxonomy":"category","embeddable":true,"href":"https:\/\/wp.ufpel.edu.br\/lvm\/wp-json\/wp\/v2\/categories?post=2065"},{"taxonomy":"post_tag","embeddable":true,"href":"https:\/\/wp.ufpel.edu.br\/lvm\/wp-json\/wp\/v2\/tags?post=2065"}],"curies":[{"name":"wp","href":"https:\/\/api.w.org\/{rel}","templated":true}]}}