{"id":1702,"date":"2024-07-31T15:51:04","date_gmt":"2024-07-31T18:51:04","guid":{"rendered":"https:\/\/wp.ufpel.edu.br\/lvm\/?p=1702"},"modified":"2024-08-02T16:19:47","modified_gmt":"2024-08-02T19:19:47","slug":"semana-academica-matematica-em-movimento-e-seus-caminhos","status":"publish","type":"post","link":"https:\/\/wp.ufpel.edu.br\/lvm\/semana-academica-matematica-em-movimento-e-seus-caminhos\/","title":{"rendered":"Semana Acad\u00eamica &#8211; Matem\u00e1tica em movimento e seus caminhos"},"content":{"rendered":"<p>De 29 a 31 de julho <span style=\"color: var(--cor-texto); font-family: var(--fonte-corpo);\">no Campus Cap\u00e3o do Le\u00e3o<\/span><span style=\"color: var(--cor-texto); font-family: var(--fonte-corpo);\"> est\u00e1 acontecendo a Semana Acad\u00eamica do Curso de Licenciatura em Matem\u00e1tica Diurno, do qual conta com diversas palestras, oficinas, mesas redondas e coffee break, propondo a socializa\u00e7\u00e3o sobre diferentes projetos existentes na UFPel e \u00e1reas da matem\u00e1tica.<\/span><\/p>\n<p><span style=\"color: var(--cor-texto); font-family: var(--fonte-corpo);\">Na tarde do dia 29 o Laborat\u00f3rio Multilinguagens teve o prazer de apresentar nossas atividades, projetos de ensino, extens\u00e3o e pesquisa, al\u00e9m da aplica\u00e7\u00e3o de uma oficina com o jogo Troca.<\/span><\/p>\n<p><span style=\"color: var(--cor-texto); font-family: var(--fonte-corpo);\"><a href=\"https:\/\/wp.ufpel.edu.br\/lvm\/files\/2024\/07\/WhatsApp-Image-2024-07-31-at-15.35.57.jpeg\"><img class=\"alignleft wp-image-1704\" src=\"https:\/\/wp.ufpel.edu.br\/lvm\/files\/2024\/07\/WhatsApp-Image-2024-07-31-at-15.35.57-400x300.jpeg\" alt=\"\" width=\"334\" height=\"250\" srcset=\"https:\/\/wp.ufpel.edu.br\/lvm\/files\/2024\/07\/WhatsApp-Image-2024-07-31-at-15.35.57-400x300.jpeg 400w, https:\/\/wp.ufpel.edu.br\/lvm\/files\/2024\/07\/WhatsApp-Image-2024-07-31-at-15.35.57-1024x768.jpeg 1024w, https:\/\/wp.ufpel.edu.br\/lvm\/files\/2024\/07\/WhatsApp-Image-2024-07-31-at-15.35.57-768x576.jpeg 768w, https:\/\/wp.ufpel.edu.br\/lvm\/files\/2024\/07\/WhatsApp-Image-2024-07-31-at-15.35.57.jpeg 1280w\" sizes=\"(max-width: 334px) 100vw, 334px\" \/><\/a> <\/span><span style=\"color: var(--cor-texto); font-family: var(--fonte-corpo);\"><a href=\"https:\/\/wp.ufpel.edu.br\/lvm\/files\/2024\/07\/WhatsApp-Image-2024-07-31-at-15.36.02.jpeg\"><img class=\"alignleft wp-image-1705\" src=\"https:\/\/wp.ufpel.edu.br\/lvm\/files\/2024\/07\/WhatsApp-Image-2024-07-31-at-15.36.02-400x300.jpeg\" alt=\"\" width=\"333\" height=\"250\" srcset=\"https:\/\/wp.ufpel.edu.br\/lvm\/files\/2024\/07\/WhatsApp-Image-2024-07-31-at-15.36.02-400x300.jpeg 400w, https:\/\/wp.ufpel.edu.br\/lvm\/files\/2024\/07\/WhatsApp-Image-2024-07-31-at-15.36.02-1024x768.jpeg 1024w, https:\/\/wp.ufpel.edu.br\/lvm\/files\/2024\/07\/WhatsApp-Image-2024-07-31-at-15.36.02-768x576.jpeg 768w, https:\/\/wp.ufpel.edu.br\/lvm\/files\/2024\/07\/WhatsApp-Image-2024-07-31-at-15.36.02-1536x1152.jpeg 1536w, https:\/\/wp.ufpel.edu.br\/lvm\/files\/2024\/07\/WhatsApp-Image-2024-07-31-at-15.36.02.jpeg 1600w\" sizes=\"(max-width: 333px) 100vw, 333px\" \/><\/a> \u00a0<\/span><\/p>\n","protected":false},"excerpt":{"rendered":"<p>De 29 a 31 de julho no Campus Cap\u00e3o do Le\u00e3o est\u00e1 acontecendo a Semana Acad\u00eamica do Curso de Licenciatura em Matem\u00e1tica Diurno, do qual conta com diversas palestras, oficinas, mesas redondas e coffee break, propondo a socializa\u00e7\u00e3o sobre diferentes projetos existentes na UFPel e \u00e1reas da matem\u00e1tica. Na tarde do dia 29 o Laborat\u00f3rio [&hellip;]<\/p>\n","protected":false},"author":291,"featured_media":0,"comment_status":"closed","ping_status":"closed","sticky":false,"template":"","format":"standard","meta":{"footnotes":""},"categories":[38885,70657],"tags":[],"class_list":["post-1702","post","type-post","status-publish","format-standard","hentry","category-editais","category-oficinas-multilinguagens"],"jetpack_featured_media_url":"","_links":{"self":[{"href":"https:\/\/wp.ufpel.edu.br\/lvm\/wp-json\/wp\/v2\/posts\/1702","targetHints":{"allow":["GET"]}}],"collection":[{"href":"https:\/\/wp.ufpel.edu.br\/lvm\/wp-json\/wp\/v2\/posts"}],"about":[{"href":"https:\/\/wp.ufpel.edu.br\/lvm\/wp-json\/wp\/v2\/types\/post"}],"author":[{"embeddable":true,"href":"https:\/\/wp.ufpel.edu.br\/lvm\/wp-json\/wp\/v2\/users\/291"}],"replies":[{"embeddable":true,"href":"https:\/\/wp.ufpel.edu.br\/lvm\/wp-json\/wp\/v2\/comments?post=1702"}],"version-history":[{"count":2,"href":"https:\/\/wp.ufpel.edu.br\/lvm\/wp-json\/wp\/v2\/posts\/1702\/revisions"}],"predecessor-version":[{"id":1709,"href":"https:\/\/wp.ufpel.edu.br\/lvm\/wp-json\/wp\/v2\/posts\/1702\/revisions\/1709"}],"wp:attachment":[{"href":"https:\/\/wp.ufpel.edu.br\/lvm\/wp-json\/wp\/v2\/media?parent=1702"}],"wp:term":[{"taxonomy":"category","embeddable":true,"href":"https:\/\/wp.ufpel.edu.br\/lvm\/wp-json\/wp\/v2\/categories?post=1702"},{"taxonomy":"post_tag","embeddable":true,"href":"https:\/\/wp.ufpel.edu.br\/lvm\/wp-json\/wp\/v2\/tags?post=1702"}],"curies":[{"name":"wp","href":"https:\/\/api.w.org\/{rel}","templated":true}]}}