{"id":1404,"date":"2021-07-05T19:03:23","date_gmt":"2021-07-05T22:03:23","guid":{"rendered":"https:\/\/wp.ufpel.edu.br\/lvm\/?p=1404"},"modified":"2021-07-05T19:03:23","modified_gmt":"2021-07-05T22:03:23","slug":"inscricoes-para-a-oficina-de-atividades-com-tangram-nos-anos-iniciais-2","status":"publish","type":"post","link":"https:\/\/wp.ufpel.edu.br\/lvm\/inscricoes-para-a-oficina-de-atividades-com-tangram-nos-anos-iniciais-2\/","title":{"rendered":"Inscri\u00e7\u00f5es para a oficina de atividades com Tangram nos Anos Iniciais"},"content":{"rendered":"<p style=\"text-align: justify\">O Projeto de Extens\u00e3o Jornadas Multilinguagens informa que est\u00e3o abertas at\u00e9 dia 10 de julho as inscri\u00e7\u00f5es para a oficina de atividades com Tangram nos Anos Iniciais, ministrado pela bolsista Milena Weber e pelo volunt\u00e1rio Geraldo Oliveira .<\/p>\n<p style=\"text-align: justify\">A oficina de atividades com Tangram nos Anos Iniciais tem dura\u00e7\u00e3o de 10 horas, a homologa\u00e7\u00e3o das inscri\u00e7\u00f5es e orienta\u00e7\u00f5es para acesso ser\u00e1 no dia 11 de julho e o come\u00e7o das atividades do curso ser\u00e1 no dia 12 de julho.<\/p>\n<p style=\"text-align: justify\">A vagas ofertadas ser\u00e3o 20 vagas e as inscri\u00e7\u00f5es podem ser feitas clicando <a href=\"https:\/\/docs.google.com\/forms\/d\/1JoIgPoBIhC-n8xu3LylGKuppKRIyJnm91gOLRZI_ac4\/edit?usp=sharing\">aqui<\/a>, assim que acabar as vagas ser\u00e1 desativado o formul\u00e1rio de inscri\u00e7\u00f5es.<\/p>\n<p style=\"text-align: justify\">O p\u00fablico-alvo \u00e9 acad\u00eamicos da UFPel e comunidade externa.<\/p>\n","protected":false},"excerpt":{"rendered":"<p>O Projeto de Extens\u00e3o Jornadas Multilinguagens informa que est\u00e3o abertas at\u00e9 dia 10 de julho as inscri\u00e7\u00f5es para a oficina de atividades com Tangram nos Anos Iniciais, ministrado pela bolsista Milena Weber e pelo volunt\u00e1rio Geraldo Oliveira . A oficina de atividades com Tangram nos Anos Iniciais tem dura\u00e7\u00e3o de 10 horas, a homologa\u00e7\u00e3o das [&hellip;]<\/p>\n","protected":false},"author":291,"featured_media":0,"comment_status":"closed","ping_status":"closed","sticky":false,"template":"","format":"standard","meta":{"footnotes":""},"categories":[70659],"tags":[],"class_list":["post-1404","post","type-post","status-publish","format-standard","hentry","category-jornadas-multilinguagens"],"jetpack_featured_media_url":"","_links":{"self":[{"href":"https:\/\/wp.ufpel.edu.br\/lvm\/wp-json\/wp\/v2\/posts\/1404","targetHints":{"allow":["GET"]}}],"collection":[{"href":"https:\/\/wp.ufpel.edu.br\/lvm\/wp-json\/wp\/v2\/posts"}],"about":[{"href":"https:\/\/wp.ufpel.edu.br\/lvm\/wp-json\/wp\/v2\/types\/post"}],"author":[{"embeddable":true,"href":"https:\/\/wp.ufpel.edu.br\/lvm\/wp-json\/wp\/v2\/users\/291"}],"replies":[{"embeddable":true,"href":"https:\/\/wp.ufpel.edu.br\/lvm\/wp-json\/wp\/v2\/comments?post=1404"}],"version-history":[{"count":1,"href":"https:\/\/wp.ufpel.edu.br\/lvm\/wp-json\/wp\/v2\/posts\/1404\/revisions"}],"predecessor-version":[{"id":1406,"href":"https:\/\/wp.ufpel.edu.br\/lvm\/wp-json\/wp\/v2\/posts\/1404\/revisions\/1406"}],"wp:attachment":[{"href":"https:\/\/wp.ufpel.edu.br\/lvm\/wp-json\/wp\/v2\/media?parent=1404"}],"wp:term":[{"taxonomy":"category","embeddable":true,"href":"https:\/\/wp.ufpel.edu.br\/lvm\/wp-json\/wp\/v2\/categories?post=1404"},{"taxonomy":"post_tag","embeddable":true,"href":"https:\/\/wp.ufpel.edu.br\/lvm\/wp-json\/wp\/v2\/tags?post=1404"}],"curies":[{"name":"wp","href":"https:\/\/api.w.org\/{rel}","templated":true}]}}