{"id":1363,"date":"2020-12-23T17:30:49","date_gmt":"2020-12-23T20:30:49","guid":{"rendered":"https:\/\/wp.ufpel.edu.br\/lvm\/?p=1363"},"modified":"2020-12-23T17:35:13","modified_gmt":"2020-12-23T20:35:13","slug":"equipe-do-lam-encerra-as-suas-atividades","status":"publish","type":"post","link":"https:\/\/wp.ufpel.edu.br\/lvm\/equipe-do-lam-encerra-as-suas-atividades\/","title":{"rendered":"Equipe do LAM encerra as suas atividades do ano"},"content":{"rendered":"<p><a href=\"https:\/\/wp.ufpel.edu.br\/lvm\/files\/2020\/12\/WhatsApp-Image-2020-12-23-at-17.29.16.jpeg\"><img class=\"size-medium wp-image-1365 alignleft\" src=\"https:\/\/wp.ufpel.edu.br\/lvm\/files\/2020\/12\/WhatsApp-Image-2020-12-23-at-17.29.16-400x182.jpeg\" alt=\"\" width=\"400\" height=\"182\" srcset=\"https:\/\/wp.ufpel.edu.br\/lvm\/files\/2020\/12\/WhatsApp-Image-2020-12-23-at-17.29.16-400x182.jpeg 400w, https:\/\/wp.ufpel.edu.br\/lvm\/files\/2020\/12\/WhatsApp-Image-2020-12-23-at-17.29.16.jpeg 717w\" sizes=\"(max-width: 400px) 100vw, 400px\" \/><\/a><\/p>\n<p style=\"text-align: justify\">No dia 23 de dezembro a equipe do Laborat\u00f3rio Multilinguagens (LAM) fez sua reuni\u00e3o semanal de encerramento das atividades do ano, foi discutido as a\u00e7\u00f5es que foram realizadas durante o ano e algumas propostas para a\u00e7\u00f5es do ano que vem.<\/p>\n<p style=\"text-align: justify\">A equipe do LAM deseja um Feliz Natal e um pr\u00f3spero Ano novo, cheio de paz, amor e alegria para toda a comunidade acad\u00eamica.<\/p>\n","protected":false},"excerpt":{"rendered":"<p>No dia 23 de dezembro a equipe do Laborat\u00f3rio Multilinguagens (LAM) fez sua reuni\u00e3o semanal de encerramento das atividades do ano, foi discutido as a\u00e7\u00f5es que foram realizadas durante o ano e algumas propostas para a\u00e7\u00f5es do ano que vem. A equipe do LAM deseja um Feliz Natal e um pr\u00f3spero Ano novo, cheio de [&hellip;]<\/p>\n","protected":false},"author":291,"featured_media":0,"comment_status":"closed","ping_status":"closed","sticky":false,"template":"","format":"standard","meta":{"footnotes":""},"categories":[70659],"tags":[],"class_list":["post-1363","post","type-post","status-publish","format-standard","hentry","category-jornadas-multilinguagens"],"jetpack_featured_media_url":"","_links":{"self":[{"href":"https:\/\/wp.ufpel.edu.br\/lvm\/wp-json\/wp\/v2\/posts\/1363","targetHints":{"allow":["GET"]}}],"collection":[{"href":"https:\/\/wp.ufpel.edu.br\/lvm\/wp-json\/wp\/v2\/posts"}],"about":[{"href":"https:\/\/wp.ufpel.edu.br\/lvm\/wp-json\/wp\/v2\/types\/post"}],"author":[{"embeddable":true,"href":"https:\/\/wp.ufpel.edu.br\/lvm\/wp-json\/wp\/v2\/users\/291"}],"replies":[{"embeddable":true,"href":"https:\/\/wp.ufpel.edu.br\/lvm\/wp-json\/wp\/v2\/comments?post=1363"}],"version-history":[{"count":3,"href":"https:\/\/wp.ufpel.edu.br\/lvm\/wp-json\/wp\/v2\/posts\/1363\/revisions"}],"predecessor-version":[{"id":1369,"href":"https:\/\/wp.ufpel.edu.br\/lvm\/wp-json\/wp\/v2\/posts\/1363\/revisions\/1369"}],"wp:attachment":[{"href":"https:\/\/wp.ufpel.edu.br\/lvm\/wp-json\/wp\/v2\/media?parent=1363"}],"wp:term":[{"taxonomy":"category","embeddable":true,"href":"https:\/\/wp.ufpel.edu.br\/lvm\/wp-json\/wp\/v2\/categories?post=1363"},{"taxonomy":"post_tag","embeddable":true,"href":"https:\/\/wp.ufpel.edu.br\/lvm\/wp-json\/wp\/v2\/tags?post=1363"}],"curies":[{"name":"wp","href":"https:\/\/api.w.org\/{rel}","templated":true}]}}