{"id":1360,"date":"2020-12-16T13:57:47","date_gmt":"2020-12-16T16:57:47","guid":{"rendered":"https:\/\/wp.ufpel.edu.br\/lvm\/?p=1360"},"modified":"2020-12-16T13:57:47","modified_gmt":"2020-12-16T16:57:47","slug":"confirmacao-dos-inscritos-para-a-oficina-de-atividades-ludicas-com-fracsoma","status":"publish","type":"post","link":"https:\/\/wp.ufpel.edu.br\/lvm\/confirmacao-dos-inscritos-para-a-oficina-de-atividades-ludicas-com-fracsoma\/","title":{"rendered":"Confirma\u00e7\u00e3o dos inscritos para a oficina de Atividades L\u00fadicas com Fracsoma"},"content":{"rendered":"<p style=\"text-align: justify\">O Projeto de Extens\u00e3o Jornadas Multilinguagens informa a confirma\u00e7\u00e3o dos inscritos na oficina de atividades l\u00fadicas com Fracsoma, esses inscritos receber\u00e3o um email no dia 16 de dezembro \u00e0s 16 horas, contendo orienta\u00e7\u00f5es para o acesso do curso, os nomes descritos abaixo s\u00e3o os inscritos confirmados:<\/p>\n<p>Fatima\u00a0 Cavalheiro costa<\/p>\n<p>Vanessa Dutra Radmann<\/p>\n<p>Aline De Souza Muniz<\/p>\n<p>Ariely Rosa dos Santos Silva<\/p>\n<p>Geiciele Raatz Hartwig<\/p>\n<p>Aniger Bast<\/p>\n<p>Patricia Klim Soares<\/p>\n<p>Tamires Klug Schimmelpfennig<\/p>\n","protected":false},"excerpt":{"rendered":"<p>O Projeto de Extens\u00e3o Jornadas Multilinguagens informa a confirma\u00e7\u00e3o dos inscritos na oficina de atividades l\u00fadicas com Fracsoma, esses inscritos receber\u00e3o um email no dia 16 de dezembro \u00e0s 16 horas, contendo orienta\u00e7\u00f5es para o acesso do curso, os nomes descritos abaixo s\u00e3o os inscritos confirmados: Fatima\u00a0 Cavalheiro costa Vanessa Dutra Radmann Aline De Souza [&hellip;]<\/p>\n","protected":false},"author":291,"featured_media":0,"comment_status":"closed","ping_status":"closed","sticky":false,"template":"","format":"standard","meta":{"footnotes":""},"categories":[70659],"tags":[],"class_list":["post-1360","post","type-post","status-publish","format-standard","hentry","category-jornadas-multilinguagens"],"jetpack_featured_media_url":"","_links":{"self":[{"href":"https:\/\/wp.ufpel.edu.br\/lvm\/wp-json\/wp\/v2\/posts\/1360","targetHints":{"allow":["GET"]}}],"collection":[{"href":"https:\/\/wp.ufpel.edu.br\/lvm\/wp-json\/wp\/v2\/posts"}],"about":[{"href":"https:\/\/wp.ufpel.edu.br\/lvm\/wp-json\/wp\/v2\/types\/post"}],"author":[{"embeddable":true,"href":"https:\/\/wp.ufpel.edu.br\/lvm\/wp-json\/wp\/v2\/users\/291"}],"replies":[{"embeddable":true,"href":"https:\/\/wp.ufpel.edu.br\/lvm\/wp-json\/wp\/v2\/comments?post=1360"}],"version-history":[{"count":1,"href":"https:\/\/wp.ufpel.edu.br\/lvm\/wp-json\/wp\/v2\/posts\/1360\/revisions"}],"predecessor-version":[{"id":1362,"href":"https:\/\/wp.ufpel.edu.br\/lvm\/wp-json\/wp\/v2\/posts\/1360\/revisions\/1362"}],"wp:attachment":[{"href":"https:\/\/wp.ufpel.edu.br\/lvm\/wp-json\/wp\/v2\/media?parent=1360"}],"wp:term":[{"taxonomy":"category","embeddable":true,"href":"https:\/\/wp.ufpel.edu.br\/lvm\/wp-json\/wp\/v2\/categories?post=1360"},{"taxonomy":"post_tag","embeddable":true,"href":"https:\/\/wp.ufpel.edu.br\/lvm\/wp-json\/wp\/v2\/tags?post=1360"}],"curies":[{"name":"wp","href":"https:\/\/api.w.org\/{rel}","templated":true}]}}