{"id":1357,"date":"2020-12-11T21:39:54","date_gmt":"2020-12-12T00:39:54","guid":{"rendered":"https:\/\/wp.ufpel.edu.br\/lvm\/?p=1357"},"modified":"2020-12-11T21:39:54","modified_gmt":"2020-12-12T00:39:54","slug":"inscricoes-para-a-oficina-de-atividades-ludicas-com-frac-soma","status":"publish","type":"post","link":"https:\/\/wp.ufpel.edu.br\/lvm\/inscricoes-para-a-oficina-de-atividades-ludicas-com-frac-soma\/","title":{"rendered":"Inscri\u00e7\u00f5es para a oficina de atividades l\u00fadicas com Frac soma"},"content":{"rendered":"<p style=\"text-align: justify\">O Projeto de Extens\u00e3o Jornadas Multilinguagens informa que est\u00e3o abertas at\u00e9 dia 15 de dezembro as inscri\u00e7\u00f5es para a oficina de atividades l\u00fadicas com Frac soma, ministrado pelo volunt\u00e1rio Geraldo Oliveira da Silva e pela bolsista Tamara Dias Nunes.<\/p>\n<p style=\"text-align: justify\">A oficina de atividades l\u00fadicas com Frac soma tem dura\u00e7\u00e3o de 10 horas, a homologa\u00e7\u00e3o das inscri\u00e7\u00f5es e orienta\u00e7\u00f5es para acesso ser\u00e1 no dia 16 de dezembro \u00e0s 16 horas e o come\u00e7o das atividades do curso ser\u00e1 no dia 16 de dezembro \u00e0s 20 horas.<\/p>\n<p style=\"text-align: justify\">A vagas ofertadas ser\u00e3o 60 vagas e as inscri\u00e7\u00f5es podem ser feitas clicando <a href=\"https:\/\/docs.google.com\/forms\/d\/1JLcntVrkWFfOAJ9cWS3-K9JNcfRheZHfw-qr-QD1RM4\/edit\">aqui<\/a>, assim que acabar as vagas ser\u00e1 desativado o formul\u00e1rio de inscri\u00e7\u00f5es.<\/p>\n<p style=\"text-align: justify\">O p\u00fablico-alvo \u00e9 acad\u00eamicos da UFPel e comunidade externa.<\/p>\n","protected":false},"excerpt":{"rendered":"<p>O Projeto de Extens\u00e3o Jornadas Multilinguagens informa que est\u00e3o abertas at\u00e9 dia 15 de dezembro as inscri\u00e7\u00f5es para a oficina de atividades l\u00fadicas com Frac soma, ministrado pelo volunt\u00e1rio Geraldo Oliveira da Silva e pela bolsista Tamara Dias Nunes. A oficina de atividades l\u00fadicas com Frac soma tem dura\u00e7\u00e3o de 10 horas, a homologa\u00e7\u00e3o das [&hellip;]<\/p>\n","protected":false},"author":291,"featured_media":0,"comment_status":"closed","ping_status":"closed","sticky":false,"template":"","format":"standard","meta":{"footnotes":""},"categories":[70659],"tags":[],"class_list":["post-1357","post","type-post","status-publish","format-standard","hentry","category-jornadas-multilinguagens"],"jetpack_featured_media_url":"","_links":{"self":[{"href":"https:\/\/wp.ufpel.edu.br\/lvm\/wp-json\/wp\/v2\/posts\/1357","targetHints":{"allow":["GET"]}}],"collection":[{"href":"https:\/\/wp.ufpel.edu.br\/lvm\/wp-json\/wp\/v2\/posts"}],"about":[{"href":"https:\/\/wp.ufpel.edu.br\/lvm\/wp-json\/wp\/v2\/types\/post"}],"author":[{"embeddable":true,"href":"https:\/\/wp.ufpel.edu.br\/lvm\/wp-json\/wp\/v2\/users\/291"}],"replies":[{"embeddable":true,"href":"https:\/\/wp.ufpel.edu.br\/lvm\/wp-json\/wp\/v2\/comments?post=1357"}],"version-history":[{"count":1,"href":"https:\/\/wp.ufpel.edu.br\/lvm\/wp-json\/wp\/v2\/posts\/1357\/revisions"}],"predecessor-version":[{"id":1359,"href":"https:\/\/wp.ufpel.edu.br\/lvm\/wp-json\/wp\/v2\/posts\/1357\/revisions\/1359"}],"wp:attachment":[{"href":"https:\/\/wp.ufpel.edu.br\/lvm\/wp-json\/wp\/v2\/media?parent=1357"}],"wp:term":[{"taxonomy":"category","embeddable":true,"href":"https:\/\/wp.ufpel.edu.br\/lvm\/wp-json\/wp\/v2\/categories?post=1357"},{"taxonomy":"post_tag","embeddable":true,"href":"https:\/\/wp.ufpel.edu.br\/lvm\/wp-json\/wp\/v2\/tags?post=1357"}],"curies":[{"name":"wp","href":"https:\/\/api.w.org\/{rel}","templated":true}]}}