{"id":1334,"date":"2020-11-21T20:35:19","date_gmt":"2020-11-21T23:35:19","guid":{"rendered":"https:\/\/wp.ufpel.edu.br\/lvm\/?p=1334"},"modified":"2020-11-21T20:36:30","modified_gmt":"2020-11-21T23:36:30","slug":"equipe-do-lam-prepara-suas-atividades-finais-deste-ano","status":"publish","type":"post","link":"https:\/\/wp.ufpel.edu.br\/lvm\/equipe-do-lam-prepara-suas-atividades-finais-deste-ano\/","title":{"rendered":"Equipe do LAM prepara suas atividades finais deste ano"},"content":{"rendered":"<p><a href=\"https:\/\/wp.ufpel.edu.br\/lvm\/files\/2020\/11\/WhatsApp-Image-2020-11-21-at-20.27.45.jpeg\"><img class=\"size-medium wp-image-1336 alignleft\" src=\"https:\/\/wp.ufpel.edu.br\/lvm\/files\/2020\/11\/WhatsApp-Image-2020-11-21-at-20.27.45-400x180.jpeg\" alt=\"\" width=\"400\" height=\"180\" srcset=\"https:\/\/wp.ufpel.edu.br\/lvm\/files\/2020\/11\/WhatsApp-Image-2020-11-21-at-20.27.45-400x180.jpeg 400w, https:\/\/wp.ufpel.edu.br\/lvm\/files\/2020\/11\/WhatsApp-Image-2020-11-21-at-20.27.45.jpeg 719w\" sizes=\"(max-width: 400px) 100vw, 400px\" \/><\/a><\/p>\n<p style=\"text-align: justify\">No dia 18 de novembro a equipe do Laborat\u00f3rio Multilinguagens (LAM) fez sua reuni\u00e3o semanal para discutir suas \u00faltimas atividades do ano e tamb\u00e9m o ingresso da nova bolsa do projeto de extens\u00e3o Jornadas Multilinguagens. A equipe ir\u00e1 ofertar ainda neste ano um curso e algumas oficinas para a comunidade acad\u00eamica da UFPel no m\u00eas de dezembro.<\/p>\n","protected":false},"excerpt":{"rendered":"<p>No dia 18 de novembro a equipe do Laborat\u00f3rio Multilinguagens (LAM) fez sua reuni\u00e3o semanal para discutir suas \u00faltimas atividades do ano e tamb\u00e9m o ingresso da nova bolsa do projeto de extens\u00e3o Jornadas Multilinguagens. A equipe ir\u00e1 ofertar ainda neste ano um curso e algumas oficinas para a comunidade acad\u00eamica da UFPel no m\u00eas [&hellip;]<\/p>\n","protected":false},"author":291,"featured_media":0,"comment_status":"closed","ping_status":"closed","sticky":false,"template":"","format":"standard","meta":{"footnotes":""},"categories":[70659],"tags":[],"class_list":["post-1334","post","type-post","status-publish","format-standard","hentry","category-jornadas-multilinguagens"],"jetpack_featured_media_url":"","_links":{"self":[{"href":"https:\/\/wp.ufpel.edu.br\/lvm\/wp-json\/wp\/v2\/posts\/1334","targetHints":{"allow":["GET"]}}],"collection":[{"href":"https:\/\/wp.ufpel.edu.br\/lvm\/wp-json\/wp\/v2\/posts"}],"about":[{"href":"https:\/\/wp.ufpel.edu.br\/lvm\/wp-json\/wp\/v2\/types\/post"}],"author":[{"embeddable":true,"href":"https:\/\/wp.ufpel.edu.br\/lvm\/wp-json\/wp\/v2\/users\/291"}],"replies":[{"embeddable":true,"href":"https:\/\/wp.ufpel.edu.br\/lvm\/wp-json\/wp\/v2\/comments?post=1334"}],"version-history":[{"count":1,"href":"https:\/\/wp.ufpel.edu.br\/lvm\/wp-json\/wp\/v2\/posts\/1334\/revisions"}],"predecessor-version":[{"id":1337,"href":"https:\/\/wp.ufpel.edu.br\/lvm\/wp-json\/wp\/v2\/posts\/1334\/revisions\/1337"}],"wp:attachment":[{"href":"https:\/\/wp.ufpel.edu.br\/lvm\/wp-json\/wp\/v2\/media?parent=1334"}],"wp:term":[{"taxonomy":"category","embeddable":true,"href":"https:\/\/wp.ufpel.edu.br\/lvm\/wp-json\/wp\/v2\/categories?post=1334"},{"taxonomy":"post_tag","embeddable":true,"href":"https:\/\/wp.ufpel.edu.br\/lvm\/wp-json\/wp\/v2\/tags?post=1334"}],"curies":[{"name":"wp","href":"https:\/\/api.w.org\/{rel}","templated":true}]}}