{"id":1320,"date":"2020-09-17T19:33:59","date_gmt":"2020-09-17T22:33:59","guid":{"rendered":"https:\/\/wp.ufpel.edu.br\/lvm\/?p=1320"},"modified":"2020-09-17T19:33:59","modified_gmt":"2020-09-17T22:33:59","slug":"inscricoes-do-curso-curriculo-lattes","status":"publish","type":"post","link":"https:\/\/wp.ufpel.edu.br\/lvm\/inscricoes-do-curso-curriculo-lattes\/","title":{"rendered":"Inscri\u00e7\u00f5es do Curso Curr\u00edculo Lattes"},"content":{"rendered":"<p style=\"text-align: justify\">O Projeto de Extens\u00e3o Jornadas Multilinguagens informa que est\u00e3o abertas at\u00e9 dia 18 de setembro as inscri\u00e7\u00f5es para o Curso sobre Curr\u00edculo Lattes, ministrado por Geraldo Oliveira da Silva, Alexandre Henzel Barcelos, M\u00f4nica Falc\u00e3o Duarte, L\u00facia Renata dos Santos Silveira, Rodrigo Marques Queiroga.<\/p>\n<p style=\"text-align: justify\">O Curso sobre Curr\u00edculo Lattes tem dura\u00e7\u00e3o de 20 horas, a homologa\u00e7\u00e3o das inscri\u00e7\u00f5es e orienta\u00e7\u00f5es para acesso ser\u00e1 no dia 22 de setembro e o come\u00e7o das atividades do curso ser\u00e1 no dia 23 de setembro.<\/p>\n<p style=\"text-align: justify\">A vagas ofertadas ser\u00e3o 39 vagas e as inscri\u00e7\u00f5es podem ser feitas clicando <a href=\"https:\/\/docs.google.com\/forms\/d\/1OzdMvE4iqlS1gSTuYbzZ_NtaDEQyYuHnYrC0glgSgW0\/edit\">aqui<\/a>, assim que acabar as vagas ser\u00e1 desativado o formul\u00e1rio de inscri\u00e7\u00f5es.<\/p>\n<p style=\"text-align: justify\">O p\u00fablico-alvo \u00e9 acad\u00eamicos da UFPel e comunidade externa.<\/p>\n","protected":false},"excerpt":{"rendered":"<p>O Projeto de Extens\u00e3o Jornadas Multilinguagens informa que est\u00e3o abertas at\u00e9 dia 18 de setembro as inscri\u00e7\u00f5es para o Curso sobre Curr\u00edculo Lattes, ministrado por Geraldo Oliveira da Silva, Alexandre Henzel Barcelos, M\u00f4nica Falc\u00e3o Duarte, L\u00facia Renata dos Santos Silveira, Rodrigo Marques Queiroga. O Curso sobre Curr\u00edculo Lattes tem dura\u00e7\u00e3o de 20 horas, a homologa\u00e7\u00e3o [&hellip;]<\/p>\n","protected":false},"author":291,"featured_media":0,"comment_status":"closed","ping_status":"closed","sticky":false,"template":"","format":"standard","meta":{"footnotes":""},"categories":[70659],"tags":[],"class_list":["post-1320","post","type-post","status-publish","format-standard","hentry","category-jornadas-multilinguagens"],"jetpack_featured_media_url":"","_links":{"self":[{"href":"https:\/\/wp.ufpel.edu.br\/lvm\/wp-json\/wp\/v2\/posts\/1320","targetHints":{"allow":["GET"]}}],"collection":[{"href":"https:\/\/wp.ufpel.edu.br\/lvm\/wp-json\/wp\/v2\/posts"}],"about":[{"href":"https:\/\/wp.ufpel.edu.br\/lvm\/wp-json\/wp\/v2\/types\/post"}],"author":[{"embeddable":true,"href":"https:\/\/wp.ufpel.edu.br\/lvm\/wp-json\/wp\/v2\/users\/291"}],"replies":[{"embeddable":true,"href":"https:\/\/wp.ufpel.edu.br\/lvm\/wp-json\/wp\/v2\/comments?post=1320"}],"version-history":[{"count":1,"href":"https:\/\/wp.ufpel.edu.br\/lvm\/wp-json\/wp\/v2\/posts\/1320\/revisions"}],"predecessor-version":[{"id":1322,"href":"https:\/\/wp.ufpel.edu.br\/lvm\/wp-json\/wp\/v2\/posts\/1320\/revisions\/1322"}],"wp:attachment":[{"href":"https:\/\/wp.ufpel.edu.br\/lvm\/wp-json\/wp\/v2\/media?parent=1320"}],"wp:term":[{"taxonomy":"category","embeddable":true,"href":"https:\/\/wp.ufpel.edu.br\/lvm\/wp-json\/wp\/v2\/categories?post=1320"},{"taxonomy":"post_tag","embeddable":true,"href":"https:\/\/wp.ufpel.edu.br\/lvm\/wp-json\/wp\/v2\/tags?post=1320"}],"curies":[{"name":"wp","href":"https:\/\/api.w.org\/{rel}","templated":true}]}}