{"id":1225,"date":"2019-10-18T10:02:50","date_gmt":"2019-10-18T13:02:50","guid":{"rendered":"https:\/\/wp.ufpel.edu.br\/lvm\/?p=1225"},"modified":"2019-10-18T10:02:50","modified_gmt":"2019-10-18T13:02:50","slug":"lam-se-faz-presente-no-evento-18-mpu","status":"publish","type":"post","link":"https:\/\/wp.ufpel.edu.br\/lvm\/lam-se-faz-presente-no-evento-18-mpu\/","title":{"rendered":"LAM se faz presente no evento 18\u00b0 MPU"},"content":{"rendered":"<p><a href=\"https:\/\/wp.ufpel.edu.br\/lvm\/files\/2019\/10\/72394342_2334718089959404_4812445825068171264_n.jpg\"><img class=\"size-medium wp-image-1227 alignleft\" src=\"https:\/\/wp.ufpel.edu.br\/lvm\/files\/2019\/10\/72394342_2334718089959404_4812445825068171264_n-298x400.jpg\" alt=\"\" width=\"298\" height=\"400\" srcset=\"https:\/\/wp.ufpel.edu.br\/lvm\/files\/2019\/10\/72394342_2334718089959404_4812445825068171264_n-298x400.jpg 298w, https:\/\/wp.ufpel.edu.br\/lvm\/files\/2019\/10\/72394342_2334718089959404_4812445825068171264_n-768x1031.jpg 768w, https:\/\/wp.ufpel.edu.br\/lvm\/files\/2019\/10\/72394342_2334718089959404_4812445825068171264_n-763x1024.jpg 763w, https:\/\/wp.ufpel.edu.br\/lvm\/files\/2019\/10\/72394342_2334718089959404_4812445825068171264_n.jpg 912w\" sizes=\"(max-width: 298px) 100vw, 298px\" \/><\/a><\/p>\n<p style=\"text-align: justify\">Realizou-se nos dias 07, 08 e 09 de outubro a 18\u00b0 Mostra da Produ\u00e7\u00e3o Universit\u00e1ria \u2013 MPU, promovida pela Universidade Federal do Rio Grande \u2013 FURG. Neste evento a equipe do Laborat\u00f3rio Multilinguagens (LAM) se fez presente compartilhando suas produ\u00e7\u00f5es, uma dessas produ\u00e7\u00f5es foi \u201d NOSSO FOLCLORE NA CULIN\u00c1RIA: UMA PERSPECTIVA NO CAMPO DA MATEM\u00c1TICA COM ALUNOS DE ENSINO SUPERIOR\u201d, produzido por Geraldo Oliveira da Silva em conjunto com as colegas L\u00facia Renata dos Santos Silveira, Alexandre Henzel Barcelos, sob orienta\u00e7\u00e3o da professora Rose Adriana Andrade de Miranda . O trabalho tinha por objetivo utilizar culin\u00e1ria e conceitos matem\u00e1ticos para fazer o doce \u201cNegrinho\u201d (brigadeiro) em um trabalho que envolvia os doces de Pelotas, pois s\u00e3o Patrim\u00f4nio Cultural. O p\u00fablico alvo foi a comunidade acad\u00eamica da FURG.<\/p>\n","protected":false},"excerpt":{"rendered":"<p>Realizou-se nos dias 07, 08 e 09 de outubro a 18\u00b0 Mostra da Produ\u00e7\u00e3o Universit\u00e1ria \u2013 MPU, promovida pela Universidade Federal do Rio Grande \u2013 FURG. Neste evento a equipe do Laborat\u00f3rio Multilinguagens (LAM) se fez presente compartilhando suas produ\u00e7\u00f5es, uma dessas produ\u00e7\u00f5es foi \u201d NOSSO FOLCLORE NA CULIN\u00c1RIA: UMA PERSPECTIVA NO CAMPO DA MATEM\u00c1TICA [&hellip;]<\/p>\n","protected":false},"author":291,"featured_media":0,"comment_status":"closed","ping_status":"closed","sticky":false,"template":"","format":"standard","meta":{"footnotes":""},"categories":[70657],"tags":[],"class_list":["post-1225","post","type-post","status-publish","format-standard","hentry","category-oficinas-multilinguagens"],"jetpack_featured_media_url":"","_links":{"self":[{"href":"https:\/\/wp.ufpel.edu.br\/lvm\/wp-json\/wp\/v2\/posts\/1225","targetHints":{"allow":["GET"]}}],"collection":[{"href":"https:\/\/wp.ufpel.edu.br\/lvm\/wp-json\/wp\/v2\/posts"}],"about":[{"href":"https:\/\/wp.ufpel.edu.br\/lvm\/wp-json\/wp\/v2\/types\/post"}],"author":[{"embeddable":true,"href":"https:\/\/wp.ufpel.edu.br\/lvm\/wp-json\/wp\/v2\/users\/291"}],"replies":[{"embeddable":true,"href":"https:\/\/wp.ufpel.edu.br\/lvm\/wp-json\/wp\/v2\/comments?post=1225"}],"version-history":[{"count":1,"href":"https:\/\/wp.ufpel.edu.br\/lvm\/wp-json\/wp\/v2\/posts\/1225\/revisions"}],"predecessor-version":[{"id":1228,"href":"https:\/\/wp.ufpel.edu.br\/lvm\/wp-json\/wp\/v2\/posts\/1225\/revisions\/1228"}],"wp:attachment":[{"href":"https:\/\/wp.ufpel.edu.br\/lvm\/wp-json\/wp\/v2\/media?parent=1225"}],"wp:term":[{"taxonomy":"category","embeddable":true,"href":"https:\/\/wp.ufpel.edu.br\/lvm\/wp-json\/wp\/v2\/categories?post=1225"},{"taxonomy":"post_tag","embeddable":true,"href":"https:\/\/wp.ufpel.edu.br\/lvm\/wp-json\/wp\/v2\/tags?post=1225"}],"curies":[{"name":"wp","href":"https:\/\/api.w.org\/{rel}","templated":true}]}}