{"id":1202,"date":"2019-10-04T16:58:46","date_gmt":"2019-10-04T19:58:46","guid":{"rendered":"https:\/\/wp.ufpel.edu.br\/lvm\/?p=1202"},"modified":"2019-10-04T16:58:46","modified_gmt":"2019-10-04T19:58:46","slug":"confirmacao-de-inscritos-na-oficina-sobre-fracao","status":"publish","type":"post","link":"https:\/\/wp.ufpel.edu.br\/lvm\/confirmacao-de-inscritos-na-oficina-sobre-fracao\/","title":{"rendered":"Confirma\u00e7\u00e3o de Inscritos na Oficina sobre Fra\u00e7\u00e3o"},"content":{"rendered":"<p>Os nomes da lista abaixo s\u00e3o dos que est\u00e3o com a inscri\u00e7\u00e3o confirmada na nossa oficina do dia 07 de Outubro de 2019 \u2013 19h \u00e0s 21h \u2013 Sala 309 \u2013 Campus Anglo \u2013 LAM<\/p>\n<p>Tainara Silva<\/p>\n<p>Aline Nienczeski<\/p>\n<p>Carolina da Motta Tavares<\/p>\n<p>Bianca Abel lima<\/p>\n<p>Ariele Madruga<\/p>\n<p>Manoella Boetege Martins<\/p>\n<p>Gabriele Igansi dos Santos<\/p>\n<p>Ariely Rosa dos Santos Silva<\/p>\n","protected":false},"excerpt":{"rendered":"<p>Os nomes da lista abaixo s\u00e3o dos que est\u00e3o com a inscri\u00e7\u00e3o confirmada na nossa oficina do dia 07 de Outubro de 2019 \u2013 19h \u00e0s 21h \u2013 Sala 309 \u2013 Campus Anglo \u2013 LAM Tainara Silva Aline Nienczeski Carolina da Motta Tavares Bianca Abel lima Ariele Madruga Manoella Boetege Martins Gabriele Igansi dos Santos [&hellip;]<\/p>\n","protected":false},"author":291,"featured_media":0,"comment_status":"closed","ping_status":"closed","sticky":false,"template":"","format":"standard","meta":{"footnotes":""},"categories":[70657],"tags":[],"class_list":["post-1202","post","type-post","status-publish","format-standard","hentry","category-oficinas-multilinguagens"],"jetpack_featured_media_url":"","_links":{"self":[{"href":"https:\/\/wp.ufpel.edu.br\/lvm\/wp-json\/wp\/v2\/posts\/1202","targetHints":{"allow":["GET"]}}],"collection":[{"href":"https:\/\/wp.ufpel.edu.br\/lvm\/wp-json\/wp\/v2\/posts"}],"about":[{"href":"https:\/\/wp.ufpel.edu.br\/lvm\/wp-json\/wp\/v2\/types\/post"}],"author":[{"embeddable":true,"href":"https:\/\/wp.ufpel.edu.br\/lvm\/wp-json\/wp\/v2\/users\/291"}],"replies":[{"embeddable":true,"href":"https:\/\/wp.ufpel.edu.br\/lvm\/wp-json\/wp\/v2\/comments?post=1202"}],"version-history":[{"count":1,"href":"https:\/\/wp.ufpel.edu.br\/lvm\/wp-json\/wp\/v2\/posts\/1202\/revisions"}],"predecessor-version":[{"id":1204,"href":"https:\/\/wp.ufpel.edu.br\/lvm\/wp-json\/wp\/v2\/posts\/1202\/revisions\/1204"}],"wp:attachment":[{"href":"https:\/\/wp.ufpel.edu.br\/lvm\/wp-json\/wp\/v2\/media?parent=1202"}],"wp:term":[{"taxonomy":"category","embeddable":true,"href":"https:\/\/wp.ufpel.edu.br\/lvm\/wp-json\/wp\/v2\/categories?post=1202"},{"taxonomy":"post_tag","embeddable":true,"href":"https:\/\/wp.ufpel.edu.br\/lvm\/wp-json\/wp\/v2\/tags?post=1202"}],"curies":[{"name":"wp","href":"https:\/\/api.w.org\/{rel}","templated":true}]}}