{"id":1182,"date":"2019-09-23T18:02:58","date_gmt":"2019-09-23T21:02:58","guid":{"rendered":"https:\/\/wp.ufpel.edu.br\/lvm\/?p=1182"},"modified":"2019-09-23T18:06:55","modified_gmt":"2019-09-23T21:06:55","slug":"oficina-sobre-materiais-didaticos-metodo-prazeroso-de-ensinar-e-aprender-matematica","status":"publish","type":"post","link":"https:\/\/wp.ufpel.edu.br\/lvm\/oficina-sobre-materiais-didaticos-metodo-prazeroso-de-ensinar-e-aprender-matematica\/","title":{"rendered":"Oficina sobre Materiais Did\u00e1ticos &#8211; M\u00e9todo Prazeroso de Ensinar e Aprender Matem\u00e1tica"},"content":{"rendered":"<h2>INSCRI\u00c7\u00d5ES AT\u00c9 02\/10!!!<\/h2>\n<p>O Projeto de Extens\u00e3o Jornadas Multilinguagens\u00a0 informa que est\u00e3o abertas at\u00e9 dia 02 de outubro as inscri\u00e7\u00f5es para Oficina sobre Materiais Did\u00e1ticos &#8211; M\u00e9todo Prazeroso de Ensinar e Aprender Matem\u00e1tica, ministrado pela Mestranda professora Maria do Socorro Arag\u00e3o Paim.<\/p>\n<p>A oficina tem dura\u00e7\u00e3o de 3 horas e ocorrer\u00e1 presencialmente no\u00a0 dia 05 de outubro, 09h \u00e0s 12h, na sala 309 &#8211; LAM do pr\u00e9dio Campus Anglo.<\/p>\n<p>As vagas s\u00e3o limitadas e as inscri\u00e7\u00f5es podem ser feitas clicando\u00a0<a href=\"https:\/\/docs.google.com\/forms\/d\/1GYq5JQ0zALSUn3VssbcLdXpjN2HO4RokIkPzmU36GKY\/edit\">aqui<\/a>.<\/p>\n<p>O p\u00fablico-alvo \u00e9 estudantes da pedagogia e professores que atuam no anos iniciais.<\/p>\n<p><a href=\"https:\/\/wp.ufpel.edu.br\/lvm\/files\/2019\/09\/Cartaz-oficina-LAM.jpg\"><img class=\"aligncenter size-medium wp-image-1184\" src=\"https:\/\/wp.ufpel.edu.br\/lvm\/files\/2019\/09\/Cartaz-oficina-LAM-400x300.jpg\" alt=\"\" width=\"400\" height=\"300\" srcset=\"https:\/\/wp.ufpel.edu.br\/lvm\/files\/2019\/09\/Cartaz-oficina-LAM-400x300.jpg 400w, https:\/\/wp.ufpel.edu.br\/lvm\/files\/2019\/09\/Cartaz-oficina-LAM-768x576.jpg 768w, https:\/\/wp.ufpel.edu.br\/lvm\/files\/2019\/09\/Cartaz-oficina-LAM.jpg 960w\" sizes=\"(max-width: 400px) 100vw, 400px\" \/><\/a><\/p>\n","protected":false},"excerpt":{"rendered":"<p>INSCRI\u00c7\u00d5ES AT\u00c9 02\/10!!! O Projeto de Extens\u00e3o Jornadas Multilinguagens\u00a0 informa que est\u00e3o abertas at\u00e9 dia 02 de outubro as inscri\u00e7\u00f5es para Oficina sobre Materiais Did\u00e1ticos &#8211; M\u00e9todo Prazeroso de Ensinar e Aprender Matem\u00e1tica, ministrado pela Mestranda professora Maria do Socorro Arag\u00e3o Paim. A oficina tem dura\u00e7\u00e3o de 3 horas e ocorrer\u00e1 presencialmente no\u00a0 dia 05 [&hellip;]<\/p>\n","protected":false},"author":291,"featured_media":0,"comment_status":"closed","ping_status":"closed","sticky":false,"template":"","format":"standard","meta":{"footnotes":""},"categories":[70657],"tags":[],"class_list":["post-1182","post","type-post","status-publish","format-standard","hentry","category-oficinas-multilinguagens"],"jetpack_featured_media_url":"","_links":{"self":[{"href":"https:\/\/wp.ufpel.edu.br\/lvm\/wp-json\/wp\/v2\/posts\/1182","targetHints":{"allow":["GET"]}}],"collection":[{"href":"https:\/\/wp.ufpel.edu.br\/lvm\/wp-json\/wp\/v2\/posts"}],"about":[{"href":"https:\/\/wp.ufpel.edu.br\/lvm\/wp-json\/wp\/v2\/types\/post"}],"author":[{"embeddable":true,"href":"https:\/\/wp.ufpel.edu.br\/lvm\/wp-json\/wp\/v2\/users\/291"}],"replies":[{"embeddable":true,"href":"https:\/\/wp.ufpel.edu.br\/lvm\/wp-json\/wp\/v2\/comments?post=1182"}],"version-history":[{"count":3,"href":"https:\/\/wp.ufpel.edu.br\/lvm\/wp-json\/wp\/v2\/posts\/1182\/revisions"}],"predecessor-version":[{"id":1188,"href":"https:\/\/wp.ufpel.edu.br\/lvm\/wp-json\/wp\/v2\/posts\/1182\/revisions\/1188"}],"wp:attachment":[{"href":"https:\/\/wp.ufpel.edu.br\/lvm\/wp-json\/wp\/v2\/media?parent=1182"}],"wp:term":[{"taxonomy":"category","embeddable":true,"href":"https:\/\/wp.ufpel.edu.br\/lvm\/wp-json\/wp\/v2\/categories?post=1182"},{"taxonomy":"post_tag","embeddable":true,"href":"https:\/\/wp.ufpel.edu.br\/lvm\/wp-json\/wp\/v2\/tags?post=1182"}],"curies":[{"name":"wp","href":"https:\/\/api.w.org\/{rel}","templated":true}]}}