{"id":1135,"date":"2019-06-26T15:02:39","date_gmt":"2019-06-26T18:02:39","guid":{"rendered":"https:\/\/wp.ufpel.edu.br\/lvm\/?p=1135"},"modified":"2019-06-26T17:26:36","modified_gmt":"2019-06-26T20:26:36","slug":"equipe-do-lam-recebe-a-turma-de-teoria-e-pratica-pedagogica-da-professora-analisa-zorzi","status":"publish","type":"post","link":"https:\/\/wp.ufpel.edu.br\/lvm\/equipe-do-lam-recebe-a-turma-de-teoria-e-pratica-pedagogica-da-professora-analisa-zorzi\/","title":{"rendered":"Equipe do LAM recebe a turma de Teoria e Pr\u00e1tica Pedag\u00f3gica da professora Analisa Zorzi"},"content":{"rendered":"<p style=\"text-align: justify\"><a href=\"https:\/\/wp.ufpel.edu.br\/lvm\/files\/2019\/06\/colocar-no-site.jpg\"><img class=\"size-medium wp-image-1145 alignleft\" src=\"https:\/\/wp.ufpel.edu.br\/lvm\/files\/2019\/06\/colocar-no-site-400x246.jpg\" alt=\"\" width=\"400\" height=\"246\" srcset=\"https:\/\/wp.ufpel.edu.br\/lvm\/files\/2019\/06\/colocar-no-site-400x246.jpg 400w, https:\/\/wp.ufpel.edu.br\/lvm\/files\/2019\/06\/colocar-no-site.jpg 726w\" sizes=\"(max-width: 400px) 100vw, 400px\" \/><\/a>No dia 23 de maio a equipe do Laborat\u00f3rio Multilinguagens (LAM), recebeu a turma de Teoria e Pr\u00e1tica Pedag\u00f3gica da professora Analisa, com o objetivo de conhecer o espa\u00e7o do LAM e participar de atividades multilinguagens. Foi ministrado pelo Bolsista Geraldo Oliveira da Silva e pela coordenadora do LAM, professora\u00a0 Rose Adriana Andrade Miranda. O p\u00fablico alvo s\u00e3o alunos de cursos de licenciatura.<\/p>\n","protected":false},"excerpt":{"rendered":"<p>No dia 23 de maio a equipe do Laborat\u00f3rio Multilinguagens (LAM), recebeu a turma de Teoria e Pr\u00e1tica Pedag\u00f3gica da professora Analisa, com o objetivo de conhecer o espa\u00e7o do LAM e participar de atividades multilinguagens. Foi ministrado pelo Bolsista Geraldo Oliveira da Silva e pela coordenadora do LAM, professora\u00a0 Rose Adriana Andrade Miranda. O [&hellip;]<\/p>\n","protected":false},"author":291,"featured_media":0,"comment_status":"closed","ping_status":"closed","sticky":false,"template":"","format":"standard","meta":{"footnotes":""},"categories":[70657],"tags":[],"class_list":["post-1135","post","type-post","status-publish","format-standard","hentry","category-oficinas-multilinguagens"],"jetpack_featured_media_url":"","_links":{"self":[{"href":"https:\/\/wp.ufpel.edu.br\/lvm\/wp-json\/wp\/v2\/posts\/1135","targetHints":{"allow":["GET"]}}],"collection":[{"href":"https:\/\/wp.ufpel.edu.br\/lvm\/wp-json\/wp\/v2\/posts"}],"about":[{"href":"https:\/\/wp.ufpel.edu.br\/lvm\/wp-json\/wp\/v2\/types\/post"}],"author":[{"embeddable":true,"href":"https:\/\/wp.ufpel.edu.br\/lvm\/wp-json\/wp\/v2\/users\/291"}],"replies":[{"embeddable":true,"href":"https:\/\/wp.ufpel.edu.br\/lvm\/wp-json\/wp\/v2\/comments?post=1135"}],"version-history":[{"count":3,"href":"https:\/\/wp.ufpel.edu.br\/lvm\/wp-json\/wp\/v2\/posts\/1135\/revisions"}],"predecessor-version":[{"id":1159,"href":"https:\/\/wp.ufpel.edu.br\/lvm\/wp-json\/wp\/v2\/posts\/1135\/revisions\/1159"}],"wp:attachment":[{"href":"https:\/\/wp.ufpel.edu.br\/lvm\/wp-json\/wp\/v2\/media?parent=1135"}],"wp:term":[{"taxonomy":"category","embeddable":true,"href":"https:\/\/wp.ufpel.edu.br\/lvm\/wp-json\/wp\/v2\/categories?post=1135"},{"taxonomy":"post_tag","embeddable":true,"href":"https:\/\/wp.ufpel.edu.br\/lvm\/wp-json\/wp\/v2\/tags?post=1135"}],"curies":[{"name":"wp","href":"https:\/\/api.w.org\/{rel}","templated":true}]}}