{"id":1105,"date":"2019-05-06T16:16:28","date_gmt":"2019-05-06T19:16:28","guid":{"rendered":"https:\/\/wp.ufpel.edu.br\/lvm\/?p=1105"},"modified":"2019-05-10T16:57:19","modified_gmt":"2019-05-10T19:57:19","slug":"edital-de-selecao-de-bolsista-projeto-de-extensao-de-folclore-e-educacao","status":"publish","type":"post","link":"https:\/\/wp.ufpel.edu.br\/lvm\/edital-de-selecao-de-bolsista-projeto-de-extensao-de-folclore-e-educacao\/","title":{"rendered":"Edital de Sele\u00e7\u00e3o de Bolsista \u2013 Projeto de Extens\u00e3o de Folclore e Educa\u00e7\u00e3o"},"content":{"rendered":"<p style=\"text-align: justify\"><strong>Inscri\u00e7\u00f5es:<\/strong> Enviar \u00a0e-mail para o endere\u00e7o projetofolclore.ufpel@gmail.com, que dever\u00e1 conster os seguintes documentos:<\/p>\n<p style=\"text-align: justify\">a) Preenchimento do Formul\u00e1rio de Candidato \u00e0 Bolsa, dispon\u00edvel <a href=\"https:\/\/wp.ufpel.edu.br\/prec\/bolsas-de-extensao\/bolsas\/documentos\">aqui<\/a>;<br \/>\nb) Hist\u00f3rico escolar atualizado (com m\u00e9dia \u2013 CRA ou pelo cobalto);<br \/>\nc) Curr\u00edculo com comprovantes (os comprovantes tamb\u00e9m poder\u00e3o ser apresentados no dia da entrevista, mas o curr\u00edculo dever\u00e1 ser encaminhado no momento da inscri\u00e7\u00e3o.);<br \/>\nd) Carta de inten\u00e7\u00f5es, de no m\u00e1ximo 2 p\u00e1ginas, com apresenta\u00e7\u00e3o e motiva\u00e7\u00f5es para participar do projeto.<br \/>\ne) C\u00f3pia da carteira de identidade e CPF;<br \/>\nf) Atestado da Pr\u00f3-Reitoria de Assuntos Estudantis (PRAE) de situa\u00e7\u00e3o de vulnerabilidade social;<\/p>\n<p><strong>Per\u00edodo e hor\u00e1rios para inscri\u00e7\u00e3o:<\/strong> de 03\/05\/2019 a 09\/05\/2019 \u00e0s 23:59.<\/p>\n<p style=\"text-align: justify\"><strong>Data, Hor\u00e1rio e Local da Entrevista:\u00a0 <\/strong>10 de maio de 2019 \u00e0s 15 horas na sexta-feira, na sala 309 (3\u00b0 andar) do Campus Anglo, (o hor\u00e1rio ser\u00e1 informado via e-mail no dia 08\/05\/19, ap\u00f3s o envio da documenta\u00e7\u00e3o de inscri\u00e7\u00e3o).<\/p>\n<p style=\"text-align: justify\"><strong>Vagas:<\/strong> 01 (uma) bolsa, na modalidade Vulnerabilidade Social\u00a0\u2013 destinada ao estudante em situa\u00e7\u00e3o de vulnerabilidade socioecon\u00f4mica.<\/p>\n<p>O edital est\u00e1 dispon\u00edvel\u00a0<a href=\"https:\/\/drive.google.com\/file\/d\/16X0GZJPRohLJv6ioGESEhkgq-vCUe82s\/view\">aqui<\/a>.<\/p>\n","protected":false},"excerpt":{"rendered":"<p>Inscri\u00e7\u00f5es: Enviar \u00a0e-mail para o endere\u00e7o projetofolclore.ufpel@gmail.com, que dever\u00e1 conster os seguintes documentos: a) Preenchimento do Formul\u00e1rio de Candidato \u00e0 Bolsa, dispon\u00edvel aqui; b) Hist\u00f3rico escolar atualizado (com m\u00e9dia \u2013 CRA ou pelo cobalto); c) Curr\u00edculo com comprovantes (os comprovantes tamb\u00e9m poder\u00e3o ser apresentados no dia da entrevista, mas o curr\u00edculo dever\u00e1 ser encaminhado no [&hellip;]<\/p>\n","protected":false},"author":291,"featured_media":0,"comment_status":"closed","ping_status":"closed","sticky":false,"template":"","format":"standard","meta":{"footnotes":""},"categories":[38885],"tags":[],"class_list":["post-1105","post","type-post","status-publish","format-standard","hentry","category-editais"],"jetpack_featured_media_url":"","_links":{"self":[{"href":"https:\/\/wp.ufpel.edu.br\/lvm\/wp-json\/wp\/v2\/posts\/1105","targetHints":{"allow":["GET"]}}],"collection":[{"href":"https:\/\/wp.ufpel.edu.br\/lvm\/wp-json\/wp\/v2\/posts"}],"about":[{"href":"https:\/\/wp.ufpel.edu.br\/lvm\/wp-json\/wp\/v2\/types\/post"}],"author":[{"embeddable":true,"href":"https:\/\/wp.ufpel.edu.br\/lvm\/wp-json\/wp\/v2\/users\/291"}],"replies":[{"embeddable":true,"href":"https:\/\/wp.ufpel.edu.br\/lvm\/wp-json\/wp\/v2\/comments?post=1105"}],"version-history":[{"count":6,"href":"https:\/\/wp.ufpel.edu.br\/lvm\/wp-json\/wp\/v2\/posts\/1105\/revisions"}],"predecessor-version":[{"id":1113,"href":"https:\/\/wp.ufpel.edu.br\/lvm\/wp-json\/wp\/v2\/posts\/1105\/revisions\/1113"}],"wp:attachment":[{"href":"https:\/\/wp.ufpel.edu.br\/lvm\/wp-json\/wp\/v2\/media?parent=1105"}],"wp:term":[{"taxonomy":"category","embeddable":true,"href":"https:\/\/wp.ufpel.edu.br\/lvm\/wp-json\/wp\/v2\/categories?post=1105"},{"taxonomy":"post_tag","embeddable":true,"href":"https:\/\/wp.ufpel.edu.br\/lvm\/wp-json\/wp\/v2\/tags?post=1105"}],"curies":[{"name":"wp","href":"https:\/\/api.w.org\/{rel}","templated":true}]}}