{"id":1074,"date":"2019-04-09T17:04:39","date_gmt":"2019-04-09T20:04:39","guid":{"rendered":"https:\/\/wp.ufpel.edu.br\/lvm\/?p=1074"},"modified":"2019-04-09T17:05:20","modified_gmt":"2019-04-09T20:05:20","slug":"oficina-de-producao-artesanal-e-com-dobraduras-de-brinquedos-e-personagens-do-folclore","status":"publish","type":"post","link":"https:\/\/wp.ufpel.edu.br\/lvm\/oficina-de-producao-artesanal-e-com-dobraduras-de-brinquedos-e-personagens-do-folclore\/","title":{"rendered":"Oficina de Produ\u00e7\u00e3o Artesanal e com Dobraduras de Brinquedos e Personagens do Folclore"},"content":{"rendered":"<h2><a href=\"https:\/\/wp.ufpel.edu.br\/lvm\/files\/2019\/04\/56830027_2255235901382381_588797650724192256_n-2.jpg\"><img class=\"size-medium wp-image-1076 alignleft\" src=\"https:\/\/wp.ufpel.edu.br\/lvm\/files\/2019\/04\/56830027_2255235901382381_588797650724192256_n-2-297x400.jpg\" alt=\"\" width=\"297\" height=\"400\" srcset=\"https:\/\/wp.ufpel.edu.br\/lvm\/files\/2019\/04\/56830027_2255235901382381_588797650724192256_n-2-297x400.jpg 297w, https:\/\/wp.ufpel.edu.br\/lvm\/files\/2019\/04\/56830027_2255235901382381_588797650724192256_n-2-768x1033.jpg 768w, https:\/\/wp.ufpel.edu.br\/lvm\/files\/2019\/04\/56830027_2255235901382381_588797650724192256_n-2-761x1024.jpg 761w, https:\/\/wp.ufpel.edu.br\/lvm\/files\/2019\/04\/56830027_2255235901382381_588797650724192256_n-2.jpg 880w\" sizes=\"(max-width: 297px) 100vw, 297px\" \/><\/a><\/h2>\n<h2>INSCRI\u00c7\u00d5ES AT\u00c9 22\/04!!!<\/h2>\n<p>O Projeto de Extens\u00e3o Oficina Multilinguagens informa que est\u00e3o abertas at\u00e9 22 de abril as inscri\u00e7\u00f5es para a Oficinas de Produ\u00e7\u00e3o Artesanal e com Dobraduras de Brinquedos e Personagens do Folclore, que ser\u00e1 ministrado pela professora Rose Adriana Andrade de Miranda.<\/p>\n<p>A oficina tem dura\u00e7\u00e3o de 40 horas\u00a0 e ocorrer\u00e3o a partir de 24\/04\/2019, de 15 em 15 dias, \u00e0s quartas-feiras, no turno da manh\u00e3 (das 9:00 \u00e0s 11:00), na sala 309 do Campus Anglo.<\/p>\n<p>As vagas s\u00e3o limitadas e as inscri\u00e7\u00f5es podem ser feitas clicando\u00a0<a href=\"https:\/\/docs.google.com\/forms\/d\/1QLfAMbEyhq7kC6_H1hh4jtwyJQyPQP9gIGtFyQESrmw\/edit\">aqui<\/a>.<\/p>\n<p>O p\u00fablico-alvo \u00e9 professoras da rede e alunos da pedagogia.<\/p>\n","protected":false},"excerpt":{"rendered":"<p>INSCRI\u00c7\u00d5ES AT\u00c9 22\/04!!! O Projeto de Extens\u00e3o Oficina Multilinguagens informa que est\u00e3o abertas at\u00e9 22 de abril as inscri\u00e7\u00f5es para a Oficinas de Produ\u00e7\u00e3o Artesanal e com Dobraduras de Brinquedos e Personagens do Folclore, que ser\u00e1 ministrado pela professora Rose Adriana Andrade de Miranda. A oficina tem dura\u00e7\u00e3o de 40 horas\u00a0 e ocorrer\u00e3o a partir [&hellip;]<\/p>\n","protected":false},"author":291,"featured_media":0,"comment_status":"closed","ping_status":"closed","sticky":false,"template":"","format":"standard","meta":{"footnotes":""},"categories":[70657],"tags":[],"class_list":["post-1074","post","type-post","status-publish","format-standard","hentry","category-oficinas-multilinguagens"],"jetpack_featured_media_url":"","_links":{"self":[{"href":"https:\/\/wp.ufpel.edu.br\/lvm\/wp-json\/wp\/v2\/posts\/1074","targetHints":{"allow":["GET"]}}],"collection":[{"href":"https:\/\/wp.ufpel.edu.br\/lvm\/wp-json\/wp\/v2\/posts"}],"about":[{"href":"https:\/\/wp.ufpel.edu.br\/lvm\/wp-json\/wp\/v2\/types\/post"}],"author":[{"embeddable":true,"href":"https:\/\/wp.ufpel.edu.br\/lvm\/wp-json\/wp\/v2\/users\/291"}],"replies":[{"embeddable":true,"href":"https:\/\/wp.ufpel.edu.br\/lvm\/wp-json\/wp\/v2\/comments?post=1074"}],"version-history":[{"count":1,"href":"https:\/\/wp.ufpel.edu.br\/lvm\/wp-json\/wp\/v2\/posts\/1074\/revisions"}],"predecessor-version":[{"id":1077,"href":"https:\/\/wp.ufpel.edu.br\/lvm\/wp-json\/wp\/v2\/posts\/1074\/revisions\/1077"}],"wp:attachment":[{"href":"https:\/\/wp.ufpel.edu.br\/lvm\/wp-json\/wp\/v2\/media?parent=1074"}],"wp:term":[{"taxonomy":"category","embeddable":true,"href":"https:\/\/wp.ufpel.edu.br\/lvm\/wp-json\/wp\/v2\/categories?post=1074"},{"taxonomy":"post_tag","embeddable":true,"href":"https:\/\/wp.ufpel.edu.br\/lvm\/wp-json\/wp\/v2\/tags?post=1074"}],"curies":[{"name":"wp","href":"https:\/\/api.w.org\/{rel}","templated":true}]}}