{"id":103,"date":"2014-05-02T09:39:50","date_gmt":"2014-05-02T12:39:50","guid":{"rendered":"https:\/\/wp.ufpel.edu.br\/lvm\/?p=103"},"modified":"2014-05-02T11:14:33","modified_gmt":"2014-05-02T14:14:33","slug":"selecao-de-bolsistas-projetos-ligados-ao-life","status":"publish","type":"post","link":"https:\/\/wp.ufpel.edu.br\/lvm\/selecao-de-bolsistas-projetos-ligados-ao-life\/","title":{"rendered":"Sele\u00e7\u00e3o de Bolsistas &#8211; Projetos ligados ao LIFE"},"content":{"rendered":"<p><span style=\"color: #000000;font-family: arial,sans-serif;font-size: 13px;font-style: normal;font-variant: normal;font-weight: normal;letter-spacing: normal;line-height: normal;text-align: start;text-indent: 0px;background-color: #ffffff;float: none\">Abertas inscri\u00e7\u00f5es para bolsistas que desejem atuar no LIFE da UFPel, no Laborat\u00f3rio Virtual Multilinguagens, na sede em Pelotas ou nos Grupos de Estudo e Pesquisa nos polos e na sede.<\/span><\/p>\n<p><span style=\"font-family: arial,helvetica,sans-serif;color: #000000\">Projeto de Ensino: Grupos de Estudo e Pesquisa na \u00e1rea de Matem\u00e1tica<\/span><\/p>\n<ul>\n<li><span style=\"font-family: arial,helvetica,sans-serif;color: #000000\">08 vagas \u2013 CLMD<\/span><\/li>\n<li><span style=\"font-family: arial,helvetica,sans-serif;color: #000000\">01 vaga \u2013 qualquer licenciatura<\/span><\/li>\n<\/ul>\n<p><span style=\"font-family: arial,helvetica,sans-serif;color: #000000\">Projeto de Ensino: Laborat\u00f3rio Virtual Multilinguagens<\/span><\/p>\n<ul>\n<li><span style=\"font-family: arial,helvetica,sans-serif;color: #000000\">01 vaga \u2013 Matem\u00e1tica (presencial)<\/span><\/li>\n<li><span style=\"font-family: arial,helvetica,sans-serif;color: #000000\">01 vaga \u2013 Cinema<\/span><\/li>\n<li><span style=\"font-family: arial,helvetica,sans-serif;color: #000000\">01 vaga \u2013 Ci\u00eancia da Computa\u00e7\u00e3o , Engenharia da Computa\u00e7\u00e3o ou afins<\/span><\/li>\n<\/ul>\n<p><span style=\"font-family: arial,helvetica,sans-serif;color: #000000\">Para acessar os editais, clique na vaga pretendida:<\/span><\/p>\n<div style=\"color: #222222;font-family: arial, sans-serif;font-size: 13px;font-style: normal;font-variant: normal;font-weight: normal;letter-spacing: normal;line-height: normal;text-align: start;text-indent: 0px;background-color: #ffffff\"><span style=\"font-family: arial,helvetica,sans-serif;color: #000000\"><span style=\"color: #000080\"><a href=\"https:\/\/wp.ufpel.edu.br\/lvm\/files\/2014\/05\/Edital_01_LIFE.doc\"><span style=\"color: #000080\">Edital_01_LIFE<\/span><\/a><\/span> &#8211; Projeto Grupos de Estudo &#8211; para alunos do CLMD<\/span><\/div>\n<div style=\"color: #222222;font-family: arial, sans-serif;font-size: 13px;font-style: normal;font-variant: normal;font-weight: normal;letter-spacing: normal;line-height: normal;text-align: start;text-indent: 0px;background-color: #ffffff\">\n<div><span style=\"font-family: arial,helvetica,sans-serif;color: #000000\"><span style=\"color: #000080\"><a href=\"https:\/\/wp.ufpel.edu.br\/lvm\/files\/2014\/05\/Edital_02_LIFE.doc\"><span style=\"color: #000080\">Edital_02_LIFE<\/span><\/a><\/span>\u00a0&#8211; Projeto Grupos de Estudo &#8211; para alunos das Licenciaturas na modalidade presencial<\/span><\/div>\n<div><span style=\"font-family: arial,helvetica,sans-serif;color: #000000\"><span style=\"color: #000080\"><a href=\"https:\/\/wp.ufpel.edu.br\/lvm\/files\/2014\/05\/Edital_03_LIFE.doc\"><span style=\"color: #000080\">Edital_03_LIFE<\/span><\/a><\/span>\u00a0&#8211; Projeto Laborat\u00f3rios Multilinguagens &#8211; para alunos dos cursos de Cinema<\/span><\/div>\n<\/div>\n<div style=\"color: #222222;font-family: arial, sans-serif;font-size: 13px;font-style: normal;font-variant: normal;font-weight: normal;letter-spacing: normal;line-height: normal;text-align: start;text-indent: 0px;background-color: #ffffff\"><span style=\"font-family: arial,helvetica,sans-serif;color: #000000\"><span style=\"color: #000080\"><a href=\"https:\/\/wp.ufpel.edu.br\/lvm\/files\/2014\/05\/Edital_04_LIFE.doc\"><span style=\"color: #000080\">Edital_04_LIFE<\/span><\/a><\/span>\u00a0&#8211; Projeto Laborat\u00f3rios Multilinguagens &#8211; para alunos dos cursos de Ci\u00eancia da Computa\u00e7\u00e3o, Engenharia da Computa\u00e7\u00e3o ou afins<\/span><\/div>\n<div style=\"color: #222222;font-family: arial, sans-serif;font-size: 13px;font-style: normal;font-variant: normal;font-weight: normal;letter-spacing: normal;line-height: normal;text-align: start;text-indent: 0px;background-color: #ffffff\">\n<div><span style=\"font-family: arial,helvetica,sans-serif;color: #000000\"><span style=\"color: #000080\"><a href=\"https:\/\/wp.ufpel.edu.br\/lvm\/files\/2014\/05\/Edital_05_LIFE.doc\"><span style=\"color: #000080\">Edital_05_LIFE<\/span><\/a><\/span>&#8211; Projeto Laborat\u00f3rios Multilinguagens &#8211; para alunos do curso de Licenciatura em Matem\u00e1tica na modalidade presencial<\/span><\/div>\n<div><\/div>\n<div><span style=\"font-family: arial,helvetica,sans-serif;color: #000000\">As inscri\u00e7\u00f5es podem ser feitas presencialmente ou online.<\/span><\/div>\n<div><span style=\"font-family: arial,helvetica,sans-serif;color: #000000\">Se quiser fazer o download da ficha de inscri\u00e7\u00f5es,<span style=\"color: #000080\"> <a title=\"Ficha de Inscri\u00e7\u00f5es Presenciais\" href=\"https:\/\/wp.ufpel.edu.br\/prg\/files\/2012\/04\/Formul%C3%A1rio-Inscri%C3%A7%C3%A3o-Discente-Bolsista-PBA-Modalidade-Projeto-de-Ensino-Edital-001-2014-Anexo-02.docx\" target=\"_blank\"><span style=\"color: #000080\">clique aqui<\/span><\/a>.<\/span><\/span><\/div>\n<div><span style=\"color: #000000\">Se quiser preencher o formul\u00e1rio online, <span style=\"color: #000080\"><a title=\"Formul\u00e1rio de Inscri\u00e7\u00f5es online\" href=\"https:\/\/docs.google.com\/forms\/d\/1vdaAnxmnH65B3v_hZGeJ05eu8XmG8HR5r5KP8GJckBI\/viewform?usp=send_form\" target=\"_blank\"><span style=\"color: #000080\">clique aqui<\/span><\/a><\/span>.<\/span><\/div>\n<div><\/div>\n<div><span style=\"color: #000000\">Maiores informa\u00e7\u00f5es no <span style=\"color: #000080\"><a title=\"Bolsas projeto de ensino\" href=\"\/\/wp.ufpel.edu.br\/prg\/bolsas\/bolsas-de-projeto-de-ensino\/\" target=\"_blank\"><span style=\"color: #000080\">site da PRG<\/span><\/a><\/span> ou pelo email life.ufpel@gmail.com.<\/span><\/div>\n<div><\/div>\n<div><\/div>\n<\/div>\n","protected":false},"excerpt":{"rendered":"<p>Abertas inscri\u00e7\u00f5es para bolsistas que desejem atuar no LIFE da UFPel, no Laborat\u00f3rio Virtual Multilinguagens, na sede em Pelotas ou nos Grupos de Estudo e Pesquisa nos polos e na sede. Projeto de Ensino: Grupos de Estudo e Pesquisa na \u00e1rea de Matem\u00e1tica 08 vagas \u2013 CLMD 01 vaga \u2013 qualquer licenciatura Projeto de Ensino: [&hellip;]<\/p>\n","protected":false},"author":291,"featured_media":0,"comment_status":"closed","ping_status":"closed","sticky":false,"template":"","format":"standard","meta":{"footnotes":""},"categories":[38885,52419],"tags":[],"class_list":["post-103","post","type-post","status-publish","format-standard","hentry","category-editais","category-life"],"jetpack_featured_media_url":"","_links":{"self":[{"href":"https:\/\/wp.ufpel.edu.br\/lvm\/wp-json\/wp\/v2\/posts\/103","targetHints":{"allow":["GET"]}}],"collection":[{"href":"https:\/\/wp.ufpel.edu.br\/lvm\/wp-json\/wp\/v2\/posts"}],"about":[{"href":"https:\/\/wp.ufpel.edu.br\/lvm\/wp-json\/wp\/v2\/types\/post"}],"author":[{"embeddable":true,"href":"https:\/\/wp.ufpel.edu.br\/lvm\/wp-json\/wp\/v2\/users\/291"}],"replies":[{"embeddable":true,"href":"https:\/\/wp.ufpel.edu.br\/lvm\/wp-json\/wp\/v2\/comments?post=103"}],"version-history":[{"count":4,"href":"https:\/\/wp.ufpel.edu.br\/lvm\/wp-json\/wp\/v2\/posts\/103\/revisions"}],"predecessor-version":[{"id":112,"href":"https:\/\/wp.ufpel.edu.br\/lvm\/wp-json\/wp\/v2\/posts\/103\/revisions\/112"}],"wp:attachment":[{"href":"https:\/\/wp.ufpel.edu.br\/lvm\/wp-json\/wp\/v2\/media?parent=103"}],"wp:term":[{"taxonomy":"category","embeddable":true,"href":"https:\/\/wp.ufpel.edu.br\/lvm\/wp-json\/wp\/v2\/categories?post=103"},{"taxonomy":"post_tag","embeddable":true,"href":"https:\/\/wp.ufpel.edu.br\/lvm\/wp-json\/wp\/v2\/tags?post=103"}],"curies":[{"name":"wp","href":"https:\/\/api.w.org\/{rel}","templated":true}]}}