{"id":1016,"date":"2018-10-29T17:05:48","date_gmt":"2018-10-29T20:05:48","guid":{"rendered":"https:\/\/wp.ufpel.edu.br\/lvm\/?p=1016"},"modified":"2018-10-29T17:05:48","modified_gmt":"2018-10-29T20:05:48","slug":"equipe-lam-apresenta-trabalho-no-evento-4-siiepe-2","status":"publish","type":"post","link":"https:\/\/wp.ufpel.edu.br\/lvm\/equipe-lam-apresenta-trabalho-no-evento-4-siiepe-2\/","title":{"rendered":"Equipe LAM apresenta trabalho no evento 4\u00b0 SIIEPE"},"content":{"rendered":"<p><a href=\"https:\/\/wp.ufpel.edu.br\/lvm\/files\/2018\/10\/44733990_2069363806510912_4950228869845090304_n.jpg\"><img class=\" wp-image-1018 alignleft\" src=\"https:\/\/wp.ufpel.edu.br\/lvm\/files\/2018\/10\/44733990_2069363806510912_4950228869845090304_n-300x400.jpg\" alt=\"\" width=\"282\" height=\"376\" srcset=\"https:\/\/wp.ufpel.edu.br\/lvm\/files\/2018\/10\/44733990_2069363806510912_4950228869845090304_n-300x400.jpg 300w, https:\/\/wp.ufpel.edu.br\/lvm\/files\/2018\/10\/44733990_2069363806510912_4950228869845090304_n.jpg 720w\" sizes=\"(max-width: 282px) 100vw, 282px\" \/><\/a><\/p>\n<p style=\"text-align: justify\"><span style=\"font-family: tahoma, arial, helvetica, sans-serif;color: #000000\">Realizou-se nos dias 22 \u00e0 26 de outubro a 4\u00b0 Semana Integrada de Inova\u00e7\u00e3o, Ensino, Pesquisa e Extens\u00e3o \u2013 SIIEPE, promovida pela Universidade Federal do Pelotas \u2013 UFPEL. Neste evento a equipe do Laborat\u00f3rio Multilinguagens (LAM) se fez presente compartilhando suas produ\u00e7\u00f5es, uma dessas produ\u00e7\u00f5es foi &#8221; SOMA DE FRA\u00c7\u00d5ES E TEORIA DOS CAMPOS CONCEITUAIS&#8221;, produzido por M\u00f4nica Duarte Falc\u00e3o\u00a0em conjunto com as colegas Geraldo Oliveira da Silva,\u00a0Andressa Lixieski Manske, L\u00facia Renata dos Santos Silveira, sob orienta\u00e7\u00e3o da professora Rita de C\u00e1ssia de Souza Soares Ramos. O trabalho tinha por objetivo analisar \u00e0s estrat\u00e9gias utilizadas por professores quanto a resolu\u00e7\u00e3o de situa\u00e7\u00f5es envolvendo estruturas multiplicativas.\u00a0O p\u00fablico alvo foi a comunidade acad\u00eamica da UFPEL.<\/span><\/p>\n","protected":false},"excerpt":{"rendered":"<p>Realizou-se nos dias 22 \u00e0 26 de outubro a 4\u00b0 Semana Integrada de Inova\u00e7\u00e3o, Ensino, Pesquisa e Extens\u00e3o \u2013 SIIEPE, promovida pela Universidade Federal do Pelotas \u2013 UFPEL. Neste evento a equipe do Laborat\u00f3rio Multilinguagens (LAM) se fez presente compartilhando suas produ\u00e7\u00f5es, uma dessas produ\u00e7\u00f5es foi &#8221; SOMA DE FRA\u00c7\u00d5ES E TEORIA DOS CAMPOS CONCEITUAIS&#8221;, [&hellip;]<\/p>\n","protected":false},"author":291,"featured_media":0,"comment_status":"closed","ping_status":"closed","sticky":false,"template":"","format":"standard","meta":{"footnotes":""},"categories":[70657],"tags":[],"class_list":["post-1016","post","type-post","status-publish","format-standard","hentry","category-oficinas-multilinguagens"],"jetpack_featured_media_url":"","_links":{"self":[{"href":"https:\/\/wp.ufpel.edu.br\/lvm\/wp-json\/wp\/v2\/posts\/1016","targetHints":{"allow":["GET"]}}],"collection":[{"href":"https:\/\/wp.ufpel.edu.br\/lvm\/wp-json\/wp\/v2\/posts"}],"about":[{"href":"https:\/\/wp.ufpel.edu.br\/lvm\/wp-json\/wp\/v2\/types\/post"}],"author":[{"embeddable":true,"href":"https:\/\/wp.ufpel.edu.br\/lvm\/wp-json\/wp\/v2\/users\/291"}],"replies":[{"embeddable":true,"href":"https:\/\/wp.ufpel.edu.br\/lvm\/wp-json\/wp\/v2\/comments?post=1016"}],"version-history":[{"count":1,"href":"https:\/\/wp.ufpel.edu.br\/lvm\/wp-json\/wp\/v2\/posts\/1016\/revisions"}],"predecessor-version":[{"id":1019,"href":"https:\/\/wp.ufpel.edu.br\/lvm\/wp-json\/wp\/v2\/posts\/1016\/revisions\/1019"}],"wp:attachment":[{"href":"https:\/\/wp.ufpel.edu.br\/lvm\/wp-json\/wp\/v2\/media?parent=1016"}],"wp:term":[{"taxonomy":"category","embeddable":true,"href":"https:\/\/wp.ufpel.edu.br\/lvm\/wp-json\/wp\/v2\/categories?post=1016"},{"taxonomy":"post_tag","embeddable":true,"href":"https:\/\/wp.ufpel.edu.br\/lvm\/wp-json\/wp\/v2\/tags?post=1016"}],"curies":[{"name":"wp","href":"https:\/\/api.w.org\/{rel}","templated":true}]}}