{"id":994,"date":"2026-04-20T13:12:52","date_gmt":"2026-04-20T16:12:52","guid":{"rendered":"https:\/\/wp.ufpel.edu.br\/linguisticaliteraturaearte\/?p=994"},"modified":"2026-04-20T14:59:15","modified_gmt":"2026-04-20T17:59:15","slug":"incricoes-abertas-iii-encontro-linglitart","status":"publish","type":"post","link":"https:\/\/wp.ufpel.edu.br\/linguisticaliteraturaearte\/2026\/04\/20\/incricoes-abertas-iii-encontro-linglitart\/","title":{"rendered":"Inscri\u00e7\u00f5es abertas &#8211; III Encontro LingLit&#038;Art"},"content":{"rendered":"<p><strong>Inscri\u00e7\u00f5es Abertas!<\/strong> \u00c9 com imensa alegria que o grupo de pesquisa \u201cLingLit&amp;Art\u201d anuncia a abertura das inscri\u00e7\u00f5es para ouvintes do seu <em>III Encontro<\/em>.<\/p>\n<p>O evento acontecer\u00e1 de <strong>6 a 8 de maio de 2026<\/strong>, presencialmente, na Universidade Federal de Pelotas (Campus CEHUS), reunindo pesquisadores da UFRGS, FURG, UNISINOS, UFPel e PUCRS.<\/p>\n<p><strong>Como participar?<\/strong> O formul\u00e1rio de inscri\u00e7\u00e3o j\u00e1 est\u00e1 dispon\u00edvel: <a href=\"https:\/\/docs.google.com\/forms\/d\/e\/1FAIpQLSfQOGD1Mpx0_eZHWk7YTQI-fIn9hNjUGK3Z5LrK1YbScfCUaQ\/viewform?usp=publish-editor\">https:\/\/docs.google.com\/forms\/d\/e\/1FAIpQLSfQOGD1Mpx0_eZHWk7YTQI-fIn9hNjUGK3Z5LrK1YbScfCUaQ\/viewform?usp=publish-editor .<\/a><\/p>\n<p><span style=\"color: #800080;\"><strong>Data limite: 2 de maio de 2026.<\/strong><\/span><\/p>\n<p><strong>Programa\u00e7\u00e3o:<\/strong> Fique de olho! Durante esta semana, publicaremos os detalhes de cada dia do encontro (quarta, quinta e sexta-feira).<\/p>\n<p>Se voc\u00ea se interessa por Lingu\u00edstica, Literatura e Arte, n\u00e3o perca a oportunidade de conhecer as pesquisas desenvolvidas pelo grupo!<\/p>\n<p><img loading=\"lazy\" decoding=\"async\" class=\" wp-image-999 alignright\" src=\"https:\/\/wp.ufpel.edu.br\/linguisticaliteraturaearte\/files\/2026\/04\/LLT_Simbolo_Colorido-1-400x331.png\" alt=\"\" width=\"132\" height=\"109\" srcset=\"https:\/\/wp.ufpel.edu.br\/linguisticaliteraturaearte\/files\/2026\/04\/LLT_Simbolo_Colorido-1-400x331.png 400w, https:\/\/wp.ufpel.edu.br\/linguisticaliteraturaearte\/files\/2026\/04\/LLT_Simbolo_Colorido-1-768x636.png 768w, https:\/\/wp.ufpel.edu.br\/linguisticaliteraturaearte\/files\/2026\/04\/LLT_Simbolo_Colorido-1.png 859w\" sizes=\"auto, (max-width: 132px) 100vw, 132px\" \/><\/p>\n<p>&nbsp;<\/p>\n","protected":false},"excerpt":{"rendered":"<p>Inscri\u00e7\u00f5es Abertas! \u00c9 com imensa alegria que o grupo de pesquisa \u201cLingLit&amp;Art\u201d anuncia a abertura das inscri\u00e7\u00f5es para ouvintes do seu III Encontro. O evento acontecer\u00e1 de 6 a 8 de maio de 2026, presencialmente, na Universidade Federal de Pelotas (Campus CEHUS), reunindo pesquisadores da UFRGS, FURG, UNISINOS, UFPel e PUCRS. Como participar? O formul\u00e1rio [&hellip;]<\/p>\n","protected":false},"author":1059,"featured_media":0,"comment_status":"closed","ping_status":"closed","sticky":false,"template":"","format":"standard","meta":{"_jetpack_memberships_contains_paid_content":false,"footnotes":""},"categories":[1],"tags":[],"class_list":["post-994","post","type-post","status-publish","format-standard","hentry","category-eventos"],"jetpack_featured_media_url":"","jetpack_sharing_enabled":true,"_links":{"self":[{"href":"https:\/\/wp.ufpel.edu.br\/linguisticaliteraturaearte\/wp-json\/wp\/v2\/posts\/994","targetHints":{"allow":["GET"]}}],"collection":[{"href":"https:\/\/wp.ufpel.edu.br\/linguisticaliteraturaearte\/wp-json\/wp\/v2\/posts"}],"about":[{"href":"https:\/\/wp.ufpel.edu.br\/linguisticaliteraturaearte\/wp-json\/wp\/v2\/types\/post"}],"author":[{"embeddable":true,"href":"https:\/\/wp.ufpel.edu.br\/linguisticaliteraturaearte\/wp-json\/wp\/v2\/users\/1059"}],"replies":[{"embeddable":true,"href":"https:\/\/wp.ufpel.edu.br\/linguisticaliteraturaearte\/wp-json\/wp\/v2\/comments?post=994"}],"version-history":[{"count":4,"href":"https:\/\/wp.ufpel.edu.br\/linguisticaliteraturaearte\/wp-json\/wp\/v2\/posts\/994\/revisions"}],"predecessor-version":[{"id":1003,"href":"https:\/\/wp.ufpel.edu.br\/linguisticaliteraturaearte\/wp-json\/wp\/v2\/posts\/994\/revisions\/1003"}],"wp:attachment":[{"href":"https:\/\/wp.ufpel.edu.br\/linguisticaliteraturaearte\/wp-json\/wp\/v2\/media?parent=994"}],"wp:term":[{"taxonomy":"category","embeddable":true,"href":"https:\/\/wp.ufpel.edu.br\/linguisticaliteraturaearte\/wp-json\/wp\/v2\/categories?post=994"},{"taxonomy":"post_tag","embeddable":true,"href":"https:\/\/wp.ufpel.edu.br\/linguisticaliteraturaearte\/wp-json\/wp\/v2\/tags?post=994"}],"curies":[{"name":"wp","href":"https:\/\/api.w.org\/{rel}","templated":true}]}}