{"id":463,"date":"2015-05-30T18:44:45","date_gmt":"2015-05-30T21:44:45","guid":{"rendered":"https:\/\/wp.ufpel.edu.br\/libertas\/?p=463"},"modified":"2015-05-30T18:44:45","modified_gmt":"2015-05-30T21:44:45","slug":"defensa-assessoria-criminal-popular-seleciona-advogadoas-voluntarioas","status":"publish","type":"post","link":"https:\/\/wp.ufpel.edu.br\/libertas\/2015\/05\/30\/defensa-assessoria-criminal-popular-seleciona-advogadoas-voluntarioas\/","title":{"rendered":"DEFENSA Assessoria Criminal Popular seleciona advogado\/as volunt\u00e1rio\/as"},"content":{"rendered":"<p><span style=\"font-family: georgia, palatino, serif;font-size: 12pt\">O Programa de Extens\u00e3o LIBERTAS, coordenado pelo Professor Bruno Rotta Almeida, da Faculdade de Direito da Universidade Federal de Pelotas, seleciona advogados\/as interessados\/as no <strong>Projeto de Extens\u00e3o DEFENSA Assessoria Criminal Popular<\/strong>, voltado \u00e0 defesa de pessoas socioeconomicamente vulner\u00e1veis em processos criminais. O Projeto foi criado em 2011 e est\u00e1 regularmente inscrito no Decanato de Extens\u00e3o da Universidade Federal de Pelotas.\u00a0Ser\u00e3o selecionados\/as 4 (quatro) profissionais.\u00a0As inscri\u00e7\u00f5es poder\u00e3o ser feitas at\u00e9 o dia 14\/06\/15.\u00a0Os\/as interessados\/as devem enviar e-mail para<span style=\"color: #000000\"> <a style=\"color: #000000\" href=\"mailto:libertasufpel@gmail.com\">libertasufpel@gmail.com<\/a> com o<\/span> curr\u00edculo e justificativa de interesse. As entrevistas com os\/as inscritos\/as ser\u00e3o realizadas entre os dias 15 e 19 de junho, nas depend\u00eancias da Faculdade de Direito da UFPel em hor\u00e1rio a combinar.<\/span><\/p>\n<p>&nbsp;<\/p>\n<p><span style=\"font-family: georgia, palatino, serif;font-size: 12pt\">Maiores informa\u00e7\u00f5es est\u00e3o dispon\u00edveis no Edital:\u00a0<a href=\"https:\/\/wp.ufpel.edu.br\/libertas\/files\/2015\/05\/DEFENSA_EDITAL-ADVOGADOS-VOLUNTARIOS.pdf\">DEFENSA_EDITAL ADVOGADOS VOLUNTARIOS<\/a><\/span><\/p>\n","protected":false},"excerpt":{"rendered":"<p>O Programa de Extens\u00e3o LIBERTAS, coordenado pelo Professor Bruno Rotta Almeida, da Faculdade de Direito da Universidade Federal de Pelotas, seleciona advogados\/as interessados\/as no Projeto de Extens\u00e3o DEFENSA Assessoria Criminal Popular, voltado \u00e0 defesa de pessoas socioeconomicamente vulner\u00e1veis em processos criminais. O Projeto foi criado em 2011 e est\u00e1 regularmente inscrito no Decanato de Extens\u00e3o [&hellip;]<\/p>\n","protected":false},"author":440,"featured_media":0,"comment_status":"closed","ping_status":"closed","sticky":false,"template":"","format":"standard","meta":{"footnotes":""},"categories":[18],"tags":[],"class_list":["post-463","post","type-post","status-publish","format-standard","hentry","category-sem-categoria"],"jetpack_featured_media_url":"","_links":{"self":[{"href":"https:\/\/wp.ufpel.edu.br\/libertas\/wp-json\/wp\/v2\/posts\/463","targetHints":{"allow":["GET"]}}],"collection":[{"href":"https:\/\/wp.ufpel.edu.br\/libertas\/wp-json\/wp\/v2\/posts"}],"about":[{"href":"https:\/\/wp.ufpel.edu.br\/libertas\/wp-json\/wp\/v2\/types\/post"}],"author":[{"embeddable":true,"href":"https:\/\/wp.ufpel.edu.br\/libertas\/wp-json\/wp\/v2\/users\/440"}],"replies":[{"embeddable":true,"href":"https:\/\/wp.ufpel.edu.br\/libertas\/wp-json\/wp\/v2\/comments?post=463"}],"version-history":[{"count":1,"href":"https:\/\/wp.ufpel.edu.br\/libertas\/wp-json\/wp\/v2\/posts\/463\/revisions"}],"predecessor-version":[{"id":465,"href":"https:\/\/wp.ufpel.edu.br\/libertas\/wp-json\/wp\/v2\/posts\/463\/revisions\/465"}],"wp:attachment":[{"href":"https:\/\/wp.ufpel.edu.br\/libertas\/wp-json\/wp\/v2\/media?parent=463"}],"wp:term":[{"taxonomy":"category","embeddable":true,"href":"https:\/\/wp.ufpel.edu.br\/libertas\/wp-json\/wp\/v2\/categories?post=463"},{"taxonomy":"post_tag","embeddable":true,"href":"https:\/\/wp.ufpel.edu.br\/libertas\/wp-json\/wp\/v2\/tags?post=463"}],"curies":[{"name":"wp","href":"https:\/\/api.w.org\/{rel}","templated":true}]}}