{"id":324,"date":"2014-11-23T15:34:46","date_gmt":"2014-11-23T17:34:46","guid":{"rendered":"https:\/\/wp.ufpel.edu.br\/libertas\/?p=324"},"modified":"2014-11-23T15:36:16","modified_gmt":"2014-11-23T17:36:16","slug":"programa-libertas-participa-da-mostra-de-ensino-2014-prg","status":"publish","type":"post","link":"https:\/\/wp.ufpel.edu.br\/libertas\/2014\/11\/23\/programa-libertas-participa-da-mostra-de-ensino-2014-prg\/","title":{"rendered":"Programa LIBERTAS participa da Mostra de Ensino 2014 &#8211; PRG"},"content":{"rendered":"<p><a href=\"https:\/\/wp.ufpel.edu.br\/libertas\/files\/2014\/11\/me.png\"><img class=\"size-full wp-image-325 aligncenter\" src=\"https:\/\/wp.ufpel.edu.br\/libertas\/files\/2014\/11\/me.png\" alt=\"me\" width=\"424\" height=\"299\" srcset=\"https:\/\/wp.ufpel.edu.br\/libertas\/files\/2014\/11\/me.png 424w, https:\/\/wp.ufpel.edu.br\/libertas\/files\/2014\/11\/me-212x149.png 212w\" sizes=\"(max-width: 424px) 100vw, 424px\" \/><\/a><\/p>\n<p>&nbsp;<\/p>\n<p style=\"text-align: justify\"><span style=\"font-family: arial, helvetica, sans-serif;font-size: 12pt\">\u00a0 \u00a0 \u00a0 \u00a0 Os projetos de ensino &#8220;Curso de Orat\u00f3ria em Pr\u00e1tica Jur\u00eddica&#8221; e &#8220;Grupo de Estudos em Puni\u00e7\u00e3o e Controle Social&#8221;, ambos vinculados ao Programa de Extens\u00e3o em Ci\u00eancias Criminais LIBERTAS, estar\u00e3o expondo p\u00f4steres na Mostra de Ensino promovida pela Pr\u00f3-Reitoria de Gradua\u00e7\u00e3o, no dia 27 de novembro de 2014, no per\u00edodo matutino, nas depend\u00eancias do t\u00e9rreo do Campus Porto.<\/span><\/p>\n<p style=\"text-align: justify\"><span style=\"font-family: arial, helvetica, sans-serif;font-size: 12pt\">\u00a0 \u00a0 \u00a0 \u00a0O objetivo da exposi\u00e7\u00e3o \u00e9 tornar os projetos conhecidos para al\u00e9m dos muros da Faculdade de Direito, estimulando a participa\u00e7\u00e3o de discentes de toda a UFPel bem como promover troca de experi\u00eancias visando a qualifica\u00e7\u00e3o dos mesmos.<\/span><\/p>\n","protected":false},"excerpt":{"rendered":"<p>&nbsp; \u00a0 \u00a0 \u00a0 \u00a0 Os projetos de ensino &#8220;Curso de Orat\u00f3ria em Pr\u00e1tica Jur\u00eddica&#8221; e &#8220;Grupo de Estudos em Puni\u00e7\u00e3o e Controle Social&#8221;, ambos vinculados ao Programa de Extens\u00e3o em Ci\u00eancias Criminais LIBERTAS, estar\u00e3o expondo p\u00f4steres na Mostra de Ensino promovida pela Pr\u00f3-Reitoria de Gradua\u00e7\u00e3o, no dia 27 de novembro de 2014, no per\u00edodo [&hellip;]<\/p>\n","protected":false},"author":440,"featured_media":0,"comment_status":"closed","ping_status":"closed","sticky":false,"template":"","format":"standard","meta":{"footnotes":""},"categories":[18],"tags":[],"class_list":["post-324","post","type-post","status-publish","format-standard","hentry","category-sem-categoria"],"jetpack_featured_media_url":"","_links":{"self":[{"href":"https:\/\/wp.ufpel.edu.br\/libertas\/wp-json\/wp\/v2\/posts\/324","targetHints":{"allow":["GET"]}}],"collection":[{"href":"https:\/\/wp.ufpel.edu.br\/libertas\/wp-json\/wp\/v2\/posts"}],"about":[{"href":"https:\/\/wp.ufpel.edu.br\/libertas\/wp-json\/wp\/v2\/types\/post"}],"author":[{"embeddable":true,"href":"https:\/\/wp.ufpel.edu.br\/libertas\/wp-json\/wp\/v2\/users\/440"}],"replies":[{"embeddable":true,"href":"https:\/\/wp.ufpel.edu.br\/libertas\/wp-json\/wp\/v2\/comments?post=324"}],"version-history":[{"count":2,"href":"https:\/\/wp.ufpel.edu.br\/libertas\/wp-json\/wp\/v2\/posts\/324\/revisions"}],"predecessor-version":[{"id":327,"href":"https:\/\/wp.ufpel.edu.br\/libertas\/wp-json\/wp\/v2\/posts\/324\/revisions\/327"}],"wp:attachment":[{"href":"https:\/\/wp.ufpel.edu.br\/libertas\/wp-json\/wp\/v2\/media?parent=324"}],"wp:term":[{"taxonomy":"category","embeddable":true,"href":"https:\/\/wp.ufpel.edu.br\/libertas\/wp-json\/wp\/v2\/categories?post=324"},{"taxonomy":"post_tag","embeddable":true,"href":"https:\/\/wp.ufpel.edu.br\/libertas\/wp-json\/wp\/v2\/tags?post=324"}],"curies":[{"name":"wp","href":"https:\/\/api.w.org\/{rel}","templated":true}]}}