{"id":274,"date":"2014-10-08T10:24:36","date_gmt":"2014-10-08T13:24:36","guid":{"rendered":"https:\/\/wp.ufpel.edu.br\/libertas\/?p=274"},"modified":"2014-10-08T10:26:31","modified_gmt":"2014-10-08T13:26:31","slug":"chamada-de-textos-para-o-boletim","status":"publish","type":"post","link":"https:\/\/wp.ufpel.edu.br\/libertas\/2014\/10\/08\/chamada-de-textos-para-o-boletim\/","title":{"rendered":"Chamada de textos para o Boletim: prazo aberto"},"content":{"rendered":"<p style=\"text-align: center\"><strong style=\"font-weight: bold;color: #666666\">CHAMADA DE TEXTOS\u00a0\u2013 N\u00ba 1 E N\u00ba 2<\/strong><\/p>\n<p><span style=\"color: #666666\">A Equipe Editorial do Boletim LIBERTAS, publica\u00e7\u00e3o vinculada ao LIBERTAS \u2013 Programa de Extens\u00e3o em Ci\u00eancias Criminais da Faculdade de Direito da Universidade Federal de Pelotas (dispon\u00edvel em vers\u00e3o eletr\u00f4nica no endere\u00e7o\u00a0<\/span><a style=\"color: #666666\" href=\"https:\/\/wp.ufpel.edu.br\/libertas\/publicacoes\/boletim-libertas\/\">https:\/\/wp.ufpel.edu.br\/libertas\/publicacoes\/boletim-libertas\/<\/a><span style=\"color: #666666\">), comunica\u00a0que se encontra aberto o prazo para o recebimento de textos\u00a0para publica\u00e7\u00e3o no primeiro e segundo n\u00fameros do peri\u00f3dico (Ano 1, N\u00ba 1, out.\/nov.\/dez., 2014; e Ano 2, N\u00ba 2, jan.\/fev.\/mar., 2015).<\/span><\/p>\n<p>Leia\u00a0o edital completo neste <a href=\"https:\/\/wp.ufpel.edu.br\/libertas\/publicacoes\/boletim-libertas\/chamada\/\">link<\/a>.<\/p>\n","protected":false},"excerpt":{"rendered":"<p>CHAMADA DE TEXTOS\u00a0\u2013 N\u00ba 1 E N\u00ba 2 A Equipe Editorial do Boletim LIBERTAS, publica\u00e7\u00e3o vinculada ao LIBERTAS \u2013 Programa de Extens\u00e3o em Ci\u00eancias Criminais da Faculdade de Direito da Universidade Federal de Pelotas (dispon\u00edvel em vers\u00e3o eletr\u00f4nica no endere\u00e7o\u00a0https:\/\/wp.ufpel.edu.br\/libertas\/publicacoes\/boletim-libertas\/), comunica\u00a0que se encontra aberto o prazo para o recebimento de textos\u00a0para publica\u00e7\u00e3o no primeiro e [&hellip;]<\/p>\n","protected":false},"author":440,"featured_media":0,"comment_status":"closed","ping_status":"closed","sticky":false,"template":"","format":"standard","meta":{"footnotes":""},"categories":[18],"tags":[],"class_list":["post-274","post","type-post","status-publish","format-standard","hentry","category-sem-categoria"],"jetpack_featured_media_url":"","_links":{"self":[{"href":"https:\/\/wp.ufpel.edu.br\/libertas\/wp-json\/wp\/v2\/posts\/274","targetHints":{"allow":["GET"]}}],"collection":[{"href":"https:\/\/wp.ufpel.edu.br\/libertas\/wp-json\/wp\/v2\/posts"}],"about":[{"href":"https:\/\/wp.ufpel.edu.br\/libertas\/wp-json\/wp\/v2\/types\/post"}],"author":[{"embeddable":true,"href":"https:\/\/wp.ufpel.edu.br\/libertas\/wp-json\/wp\/v2\/users\/440"}],"replies":[{"embeddable":true,"href":"https:\/\/wp.ufpel.edu.br\/libertas\/wp-json\/wp\/v2\/comments?post=274"}],"version-history":[{"count":2,"href":"https:\/\/wp.ufpel.edu.br\/libertas\/wp-json\/wp\/v2\/posts\/274\/revisions"}],"predecessor-version":[{"id":277,"href":"https:\/\/wp.ufpel.edu.br\/libertas\/wp-json\/wp\/v2\/posts\/274\/revisions\/277"}],"wp:attachment":[{"href":"https:\/\/wp.ufpel.edu.br\/libertas\/wp-json\/wp\/v2\/media?parent=274"}],"wp:term":[{"taxonomy":"category","embeddable":true,"href":"https:\/\/wp.ufpel.edu.br\/libertas\/wp-json\/wp\/v2\/categories?post=274"},{"taxonomy":"post_tag","embeddable":true,"href":"https:\/\/wp.ufpel.edu.br\/libertas\/wp-json\/wp\/v2\/tags?post=274"}],"curies":[{"name":"wp","href":"https:\/\/api.w.org\/{rel}","templated":true}]}}