{"id":2101,"date":"2025-07-16T19:33:44","date_gmt":"2025-07-16T22:33:44","guid":{"rendered":"https:\/\/wp.ufpel.edu.br\/libertas\/?p=2101"},"modified":"2025-08-01T19:26:28","modified_gmt":"2025-08-01T22:26:28","slug":"2101","status":"publish","type":"post","link":"https:\/\/wp.ufpel.edu.br\/libertas\/2025\/07\/16\/2101\/","title":{"rendered":"Sele\u00e7\u00e3o de Bolsistas \u2013 Projeto Cl\u00ednica Jur\u00eddico-Penitenci\u00e1ria"},"content":{"rendered":"<h3 data-start=\"115\" data-end=\"192\"><strong data-start=\"119\" data-end=\"190\">Sele\u00e7\u00e3o de Bolsistas \u2013 Projeto Cl\u00ednica Jur\u00eddico-Penitenci\u00e1ria UFPel<\/strong><\/h3>\n<p><a href=\"https:\/\/wp.ufpel.edu.br\/libertas\/files\/2025\/07\/Selecao-CJP.jpg\"><img class=\"alignnone size-medium wp-image-2112\" src=\"https:\/\/wp.ufpel.edu.br\/libertas\/files\/2025\/07\/Selecao-CJP-320x400.jpg\" alt=\"\" width=\"320\" height=\"400\" srcset=\"https:\/\/wp.ufpel.edu.br\/libertas\/files\/2025\/07\/Selecao-CJP-320x400.jpg 320w, https:\/\/wp.ufpel.edu.br\/libertas\/files\/2025\/07\/Selecao-CJP-819x1024.jpg 819w, https:\/\/wp.ufpel.edu.br\/libertas\/files\/2025\/07\/Selecao-CJP-768x960.jpg 768w, https:\/\/wp.ufpel.edu.br\/libertas\/files\/2025\/07\/Selecao-CJP.jpg 1080w\" sizes=\"(max-width: 320px) 100vw, 320px\" \/><\/a><\/p>\n<p data-start=\"194\" data-end=\"431\">O Projeto de Extens\u00e3o Cl\u00ednica Jur\u00eddico-Penitenci\u00e1ria, vinculado ao Libertas UFPel, da Universidade Federal de Pelotas (UFPel), torna p\u00fablica a abertura de inscri\u00e7\u00f5es para o processo seletivo de bolsistas para o per\u00edodo de 01 de agosto a 31 de dezembro de 2025.<\/p>\n<p data-start=\"433\" data-end=\"587\">Ser\u00e3o oferecidas 4 (quatro) bolsas no valor mensal de R$ 700,00, com dedica\u00e7\u00e3o de 20 horas semanais, distribu\u00eddas entre os seguintes cursos:<\/p>\n<ul data-start=\"588\" data-end=\"697\">\n<li data-start=\"664\" data-end=\"697\">\n<p data-start=\"666\" data-end=\"697\">Artes Visuais\/Design (1 vaga)<\/p>\n<\/li>\n<li>Gest\u00e3o P\u00fablica (1 vaga)<\/li>\n<li data-start=\"588\" data-end=\"611\">\n<p data-start=\"590\" data-end=\"611\">Jornalismo (1 vaga)<\/p>\n<\/li>\n<li data-start=\"612\" data-end=\"635\">\n<p data-start=\"614\" data-end=\"635\">Psicologia (1 vaga)<\/p>\n<\/li>\n<\/ul>\n<p data-start=\"699\" data-end=\"1054\">Haver\u00e1 reserva de pelo menos 1 (uma) vaga para estudantes em situa\u00e7\u00e3o de vulnerabilidade social ou ingressantes por a\u00e7\u00f5es afirmativas (negros\/as, ind\u00edgenas, quilombolas ou pessoas com defici\u00eancia). Caso n\u00e3o sejam preenchidas todas as vagas, poder\u00e3o ser selecionados(as) mais de um(a) candidato(a) por curso, a crit\u00e9rio da coordena\u00e7\u00e3o do projeto.<\/p>\n<h3 data-start=\"1056\" data-end=\"1076\"><strong data-start=\"1060\" data-end=\"1074\">Requisitos<\/strong><\/h3>\n<ul data-start=\"1077\" data-end=\"1409\">\n<li data-start=\"1077\" data-end=\"1155\">\n<p data-start=\"1079\" data-end=\"1155\">Estar regularmente matriculado(a) na UFPel no curso correspondente \u00e0 vaga;<\/p>\n<\/li>\n<li data-start=\"1156\" data-end=\"1238\">\n<p data-start=\"1158\" data-end=\"1238\">N\u00e3o receber outra bolsa paga por programas oficiais (exceto aux\u00edlios da PRAE);<\/p>\n<\/li>\n<li data-start=\"1239\" data-end=\"1302\">\n<p data-start=\"1241\" data-end=\"1302\">Ter disponibilidade para 20h semanais dedicadas ao projeto;<\/p>\n<\/li>\n<li data-start=\"1303\" data-end=\"1409\">\n<p data-start=\"1305\" data-end=\"1409\">Para a vaga de a\u00e7\u00e3o afirmativa, comprovar situa\u00e7\u00e3o ativa junto \u00e0 PRAE ou ingresso por acesso afirmativo.<\/p>\n<\/li>\n<\/ul>\n<h3 data-start=\"1411\" data-end=\"1431\"><strong data-start=\"1415\" data-end=\"1429\">Inscri\u00e7\u00f5es<\/strong><\/h3>\n<p data-start=\"1432\" data-end=\"1617\">As inscri\u00e7\u00f5es devem ser realizadas at\u00e9 <strong data-start=\"1471\" data-end=\"1522\">29 de julho de 2025 (ter\u00e7a-feira), \u00e0s 23h59min<\/strong>, por e-mail para: <strong data-start=\"1541\" data-end=\"1568\"><a class=\"cursor-pointer\" rel=\"noopener\" data-start=\"1543\" data-end=\"1566\">libertasufpel@gmail.com<\/a><\/strong>.<br data-start=\"1569\" data-end=\"1572\" \/>Documenta\u00e7\u00e3o necess\u00e1ria (anexar ao e-mail):<\/p>\n<ul data-start=\"1618\" data-end=\"1885\">\n<li data-start=\"1618\" data-end=\"1643\">\n<p data-start=\"1620\" data-end=\"1643\">Curr\u00edculo atualizado;<\/p>\n<\/li>\n<li data-start=\"1644\" data-end=\"1681\">\n<p data-start=\"1646\" data-end=\"1681\">Atestado de matr\u00edcula atualizado;<\/p>\n<\/li>\n<li data-start=\"1682\" data-end=\"1717\">\n<p data-start=\"1684\" data-end=\"1717\">Hist\u00f3rico escolar da gradua\u00e7\u00e3o;<\/p>\n<\/li>\n<li data-start=\"1718\" data-end=\"1760\">\n<p data-start=\"1720\" data-end=\"1760\">Carta de inten\u00e7\u00f5es (m\u00e1ximo 2 p\u00e1ginas);<\/p>\n<\/li>\n<li data-start=\"1761\" data-end=\"1832\">\n<p data-start=\"1763\" data-end=\"1832\">Comprovante de conta corrente;<\/p>\n<\/li>\n<li data-start=\"1833\" data-end=\"1885\">\n<p data-start=\"1835\" data-end=\"1885\">Comprovante PRAE ou a\u00e7\u00f5es afirmativas (se houver).<\/p>\n<\/li>\n<\/ul>\n<h3 data-start=\"1887\" data-end=\"1920\"><strong data-start=\"1891\" data-end=\"1918\">Entrevistas\u00a0<\/strong><\/h3>\n<p data-start=\"1921\" data-end=\"2181\">As entrevistas ocorrer\u00e3o no dia <strong data-start=\"1953\" data-end=\"2009\">31 de julho de 2025 (quinta-feira), a partir das 16h<\/strong>, presencialmente na Faculdade de Direito da UFPel. Devido ao n\u00famero de inscri\u00e7\u00f5es, as entrevistas ocorrer\u00e3o tamb\u00e9m no dia <strong>01 de agosto de 2025 (sexta-feira), a partir das 15h<\/strong>.<\/p>\n<p data-start=\"1921\" data-end=\"2181\">Calend\u00e1rio e inscri\u00e7\u00f5es selecionadas para a entrevista: <span style=\"color: #0000ff;\"><a style=\"color: #0000ff;\" href=\"https:\/\/wp.ufpel.edu.br\/libertas\/files\/2025\/07\/CALENDARIO-DE-ENTREVISTAS-.pdf\">CALEND\u00c1RIO DE ENTREVISTAS-<\/a><\/span><\/p>\n<h3 data-start=\"1887\" data-end=\"1920\"><strong data-start=\"1891\" data-end=\"1918\">Resultado<\/strong><\/h3>\n<table>\n<tbody>\n<tr>\n<td colspan=\"3\" width=\"717\">\n<p>&nbsp;<\/p>\n<p>ARTES VISUAIS\/DESIGN<\/p>\n<p>&nbsp;<\/td>\n<\/tr>\n<tr>\n<td width=\"113\">Coloca\u00e7\u00e3o<\/td>\n<td width=\"365\">Nome<\/td>\n<td width=\"239\">Resultado<\/td>\n<\/tr>\n<tr>\n<td width=\"113\">1\u00ba<\/td>\n<td width=\"365\">KAUA TREICHEL GRUTZMANN<\/td>\n<td width=\"239\">Selecionado<\/td>\n<\/tr>\n<tr>\n<td width=\"113\">2\u00aa<\/td>\n<td width=\"365\">BIANCA MATIAS SENA DA SILVA<\/td>\n<td width=\"239\">Suplente<\/td>\n<\/tr>\n<tr>\n<td width=\"113\">3\u00aa<\/td>\n<td width=\"365\">THALYA RIBEIRO GALON<\/td>\n<td width=\"239\">Suplente<\/td>\n<\/tr>\n<tr>\n<td colspan=\"3\" width=\"717\">\n<p>&nbsp;<\/p>\n<p>GEST\u00c3O P\u00daBLICA<\/p>\n<p>&nbsp;<\/td>\n<\/tr>\n<tr>\n<td width=\"113\">Coloca\u00e7\u00e3o<\/td>\n<td width=\"365\">Nome<\/td>\n<td width=\"239\">Resultado<\/td>\n<\/tr>\n<tr>\n<td width=\"113\">1\u00ba<\/td>\n<td width=\"365\">CHRISTIAN DIAS NUNES<\/td>\n<td width=\"239\">Selecionado<\/td>\n<\/tr>\n<tr>\n<td width=\"113\">2\u00aa<\/td>\n<td width=\"365\">NATHALIA MARTINS DA ROSA<\/td>\n<td width=\"239\">Suplente<\/td>\n<\/tr>\n<tr>\n<td colspan=\"3\" width=\"717\">\n<p>&nbsp;<\/p>\n<p>JORNALISMO<\/p>\n<p>&nbsp;<\/td>\n<\/tr>\n<tr>\n<td width=\"113\">Coloca\u00e7\u00e3o<\/td>\n<td width=\"365\">Nome<\/td>\n<td width=\"239\">Resultado<\/td>\n<\/tr>\n<tr>\n<td width=\"113\">1\u00ba<\/td>\n<td width=\"365\">JULIA DA SILVA COSTA<\/td>\n<td width=\"239\">Selecionada<\/td>\n<\/tr>\n<tr>\n<td width=\"113\">2\u00aa<\/td>\n<td width=\"365\">SARA LOPES DA SILVA<\/td>\n<td width=\"239\">Suplente<\/td>\n<\/tr>\n<tr>\n<td width=\"113\">3\u00aa<\/td>\n<td width=\"365\">MARIA CLARA DA ROSA MACHADO DUTRA MEIRELES<\/td>\n<td width=\"239\">Suplente<\/td>\n<\/tr>\n<tr>\n<td colspan=\"3\" width=\"717\">\n<p>&nbsp;<\/p>\n<p>PSICOLOGIA<\/p>\n<p>&nbsp;<\/td>\n<\/tr>\n<tr>\n<td width=\"113\">Coloca\u00e7\u00e3o<\/td>\n<td width=\"365\">Nome<\/td>\n<td width=\"239\">Resultado<\/td>\n<\/tr>\n<tr>\n<td width=\"113\">1\u00aa<\/td>\n<td width=\"365\">ANA CAROLINA DE FREITAS SANTANA<\/td>\n<td width=\"239\">Selecionada<\/td>\n<\/tr>\n<tr>\n<td width=\"113\">2\u00aa<\/td>\n<td width=\"365\">ANDRIELE BANDEIRA FURTADO<\/td>\n<td width=\"239\">Suplente<\/td>\n<\/tr>\n<tr>\n<td width=\"113\">3\u00aa<\/td>\n<td width=\"365\">FERNANDA IRIGOIN DA SILVA<\/td>\n<td width=\"239\">Suplente<\/td>\n<\/tr>\n<\/tbody>\n<\/table>\n<p data-start=\"1921\" data-end=\"2181\">\n<h3 data-start=\"2183\" data-end=\"2200\">Mais informa\u00e7\u00f5es<\/h3>\n<h3 data-start=\"2183\" data-end=\"2200\"><span style=\"color: #0000ff;\"><a style=\"color: #0000ff;\" href=\"https:\/\/wp.ufpel.edu.br\/libertas\/files\/2025\/07\/EDITAL-DE-SELECAO-DE-BOLSISTAS.pdf\">ACESSAR O EDITAL AQUI<\/a><\/span><\/h3>\n<h3 data-start=\"2432\" data-end=\"2449\"><strong data-start=\"2436\" data-end=\"2447\">Contato<\/strong><\/h3>\n<p data-start=\"2450\" data-end=\"2514\">D\u00favidas podem ser encaminhadas para: <strong data-start=\"2487\" data-end=\"2514\"><a class=\"cursor-pointer\" rel=\"noopener\" data-start=\"2489\" data-end=\"2512\">libertasufpel@gmail.com<\/a><\/strong><\/p>\n","protected":false},"excerpt":{"rendered":"<p>Sele\u00e7\u00e3o de Bolsistas \u2013 Projeto Cl\u00ednica Jur\u00eddico-Penitenci\u00e1ria UFPel O Projeto de Extens\u00e3o Cl\u00ednica Jur\u00eddico-Penitenci\u00e1ria, vinculado ao Libertas UFPel, da Universidade Federal de Pelotas (UFPel), torna p\u00fablica a abertura de inscri\u00e7\u00f5es para o processo seletivo de bolsistas para o per\u00edodo de 01 de agosto a 31 de dezembro de 2025. Ser\u00e3o oferecidas 4 (quatro) bolsas no [&hellip;]<\/p>\n","protected":false},"author":440,"featured_media":0,"comment_status":"closed","ping_status":"closed","sticky":false,"template":"","format":"standard","meta":{"footnotes":""},"categories":[18],"tags":[],"class_list":["post-2101","post","type-post","status-publish","format-standard","hentry","category-sem-categoria"],"jetpack_featured_media_url":"","_links":{"self":[{"href":"https:\/\/wp.ufpel.edu.br\/libertas\/wp-json\/wp\/v2\/posts\/2101","targetHints":{"allow":["GET"]}}],"collection":[{"href":"https:\/\/wp.ufpel.edu.br\/libertas\/wp-json\/wp\/v2\/posts"}],"about":[{"href":"https:\/\/wp.ufpel.edu.br\/libertas\/wp-json\/wp\/v2\/types\/post"}],"author":[{"embeddable":true,"href":"https:\/\/wp.ufpel.edu.br\/libertas\/wp-json\/wp\/v2\/users\/440"}],"replies":[{"embeddable":true,"href":"https:\/\/wp.ufpel.edu.br\/libertas\/wp-json\/wp\/v2\/comments?post=2101"}],"version-history":[{"count":19,"href":"https:\/\/wp.ufpel.edu.br\/libertas\/wp-json\/wp\/v2\/posts\/2101\/revisions"}],"predecessor-version":[{"id":2147,"href":"https:\/\/wp.ufpel.edu.br\/libertas\/wp-json\/wp\/v2\/posts\/2101\/revisions\/2147"}],"wp:attachment":[{"href":"https:\/\/wp.ufpel.edu.br\/libertas\/wp-json\/wp\/v2\/media?parent=2101"}],"wp:term":[{"taxonomy":"category","embeddable":true,"href":"https:\/\/wp.ufpel.edu.br\/libertas\/wp-json\/wp\/v2\/categories?post=2101"},{"taxonomy":"post_tag","embeddable":true,"href":"https:\/\/wp.ufpel.edu.br\/libertas\/wp-json\/wp\/v2\/tags?post=2101"}],"curies":[{"name":"wp","href":"https:\/\/api.w.org\/{rel}","templated":true}]}}