{"id":1385,"date":"2018-06-28T20:14:16","date_gmt":"2018-06-28T23:14:16","guid":{"rendered":"https:\/\/wp.ufpel.edu.br\/libertas\/?p=1385"},"modified":"2018-06-28T20:14:16","modified_gmt":"2018-06-28T23:14:16","slug":"libertas-seleciona-advogado-as-voluntario-as","status":"publish","type":"post","link":"https:\/\/wp.ufpel.edu.br\/libertas\/2018\/06\/28\/libertas-seleciona-advogado-as-voluntario-as\/","title":{"rendered":"LIBERTAS seleciona advogado\/as volunt\u00e1rio\/as"},"content":{"rendered":"<p>O LIBERTAS \u2013 Programa de Extens\u00e3o vinculado \u00e0 Faculdade de Direito da Universidade Federal de Pelotas seleciona advogados\/as interessados\/as no seguinte projeto de extens\u00e3o\u00a0<strong>DEFENSA \u2013 ASSESSORIA CRIMINAL POPULAR &#8211; N\u00daCLEO DE ORIENTA\u00c7\u00c3O E ASSIST\u00caNCIA JUR\u00cdDICO-PENITENCI\u00c1RIA<\/strong><\/p>\n<ul>\n<li>As inscri\u00e7\u00f5es ocorrem at\u00e9 o dia 08\/07\/2018 (domingo), \u00e0s 23h59.<\/li>\n<li>Os\/as interessados\/as devem enviar e-mail para <a href=\"mailto:libertasufpel@gmail.com\">libertasufpel@gmail.com<\/a> com o curr\u00edculo.<\/li>\n<li>A sele\u00e7\u00e3o ser\u00e1 feita por an\u00e1lise de curr\u00edculo considerando os requisitos e crit\u00e9rios de avalia\u00e7\u00e3o.<\/li>\n<li>O resultado ser\u00e1 divulgado at\u00e9 o dia 10\/07\/2018.<\/li>\n<li>As atividades iniciam no dia 11\/07\/2018<\/li>\n<\/ul>\n<p><span style=\"color: #000000\">O resultado da sele\u00e7\u00e3o ser\u00e3o publicados no seguinte site: <a style=\"color: #000000\" href=\"https:\/\/wp.ufpel.edu.br\/libertas\"><strong>wp.ufpel.edu.br\/libertas<\/strong><\/a><\/span><\/p>\n<p><span style=\"color: #000000\">Acesse o Edital <strong><a style=\"color: #000000\" href=\"https:\/\/wp.ufpel.edu.br\/libertas\/publicacoes\/editais\/\">aqui.<\/a><\/strong><\/span><\/p>\n<p>&nbsp;<\/p>\n","protected":false},"excerpt":{"rendered":"<p>O LIBERTAS \u2013 Programa de Extens\u00e3o vinculado \u00e0 Faculdade de Direito da Universidade Federal de Pelotas seleciona advogados\/as interessados\/as no seguinte projeto de extens\u00e3o\u00a0DEFENSA \u2013 ASSESSORIA CRIMINAL POPULAR &#8211; N\u00daCLEO DE ORIENTA\u00c7\u00c3O E ASSIST\u00caNCIA JUR\u00cdDICO-PENITENCI\u00c1RIA As inscri\u00e7\u00f5es ocorrem at\u00e9 o dia 08\/07\/2018 (domingo), \u00e0s 23h59. Os\/as interessados\/as devem enviar e-mail para libertasufpel@gmail.com com o curr\u00edculo. [&hellip;]<\/p>\n","protected":false},"author":440,"featured_media":0,"comment_status":"closed","ping_status":"closed","sticky":false,"template":"","format":"standard","meta":{"footnotes":""},"categories":[18],"tags":[],"class_list":["post-1385","post","type-post","status-publish","format-standard","hentry","category-sem-categoria"],"jetpack_featured_media_url":"","_links":{"self":[{"href":"https:\/\/wp.ufpel.edu.br\/libertas\/wp-json\/wp\/v2\/posts\/1385","targetHints":{"allow":["GET"]}}],"collection":[{"href":"https:\/\/wp.ufpel.edu.br\/libertas\/wp-json\/wp\/v2\/posts"}],"about":[{"href":"https:\/\/wp.ufpel.edu.br\/libertas\/wp-json\/wp\/v2\/types\/post"}],"author":[{"embeddable":true,"href":"https:\/\/wp.ufpel.edu.br\/libertas\/wp-json\/wp\/v2\/users\/440"}],"replies":[{"embeddable":true,"href":"https:\/\/wp.ufpel.edu.br\/libertas\/wp-json\/wp\/v2\/comments?post=1385"}],"version-history":[{"count":1,"href":"https:\/\/wp.ufpel.edu.br\/libertas\/wp-json\/wp\/v2\/posts\/1385\/revisions"}],"predecessor-version":[{"id":1386,"href":"https:\/\/wp.ufpel.edu.br\/libertas\/wp-json\/wp\/v2\/posts\/1385\/revisions\/1386"}],"wp:attachment":[{"href":"https:\/\/wp.ufpel.edu.br\/libertas\/wp-json\/wp\/v2\/media?parent=1385"}],"wp:term":[{"taxonomy":"category","embeddable":true,"href":"https:\/\/wp.ufpel.edu.br\/libertas\/wp-json\/wp\/v2\/categories?post=1385"},{"taxonomy":"post_tag","embeddable":true,"href":"https:\/\/wp.ufpel.edu.br\/libertas\/wp-json\/wp\/v2\/tags?post=1385"}],"curies":[{"name":"wp","href":"https:\/\/api.w.org\/{rel}","templated":true}]}}