{"id":1353,"date":"2018-04-02T22:49:25","date_gmt":"2018-04-03T01:49:25","guid":{"rendered":"https:\/\/wp.ufpel.edu.br\/libertas\/?p=1353"},"modified":"2018-04-02T22:50:36","modified_gmt":"2018-04-03T01:50:36","slug":"1353","status":"publish","type":"post","link":"https:\/\/wp.ufpel.edu.br\/libertas\/2018\/04\/02\/1353\/","title":{"rendered":"DEFENSA seleciona estudantes volunt\u00e1rio\/as"},"content":{"rendered":"<p>O Projeto de Extens\u00e3o DEFENSA Assessoria Criminal Popular, coordenado pela Professora Inezita Silveira da Costa, vinculado ao Programa LIBERTAS, seleciona estudantes volunt\u00e1rio\/as interessado\/as.<\/p>\n<p><strong>AS INSCRI\u00c7\u00d5ES OCORRER\u00c3O AT\u00c9 O DIA 17\/04\/2018, \u00c0S 12H<\/strong><\/p>\n<p>O\/as interessado\/as devem fazer a inscri\u00e7\u00e3o no Servi\u00e7o de Assist\u00eancia Judici\u00e1ria da Faculdade de Direito da Universidade Federal de Pelotas, preenchendo o formul\u00e1rio de inscri\u00e7\u00e3o e entregando a seguinte documenta\u00e7\u00e3o: formul\u00e1rio de inscri\u00e7\u00e3o preenchido, hist\u00f3rico de gradua\u00e7\u00e3o e curr\u00edculo (resumido \u2013 de at\u00e9 1 p\u00e1gina, indicando\u00a0as principais atividades realizadas na atualidade).<\/p>\n<p>Alunos regularmente matriculados no Curso de Direito da Universidade Federal de Pelotas nos seguintes anos: 2\u00ba, 3\u00ba, 4\u00ba, 5\u00ba e 6\u00ba.<\/p>\n<p><strong>CRONOGRAMA DO PROCESSO SELETIVO<\/strong><\/p>\n<table>\n<tbody>\n<tr>\n<td width=\"690\">Inscri\u00e7\u00f5es: <strong>De 03\/04\/2018 a <u>17\/04\/2018<\/u> (ter\u00e7a-feira), \u00e0s 12h<\/strong>.<\/td>\n<\/tr>\n<tr>\n<td width=\"690\">Entrevistas: <strong>17\/04\/2018 (ter\u00e7a-feira), \u00e0s 14h, <\/strong>no Servi\u00e7o de Assist\u00eancia Judici\u00e1ria da Faculdade de Direito.<\/td>\n<\/tr>\n<tr>\n<td width=\"690\">Resultado: <strong>20\/04\/2018 (ATRAV\u00c9S DO SITE wp.ufpel.edu.br\/libertas e mural da Faculdade de Direito)<\/strong><\/td>\n<\/tr>\n<tr>\n<td width=\"690\">In\u00edcio das atividades: <strong>25\/04\/2018<\/strong> (Turma 2) e <strong>26\/04\/2018<\/strong> (Turma 1).<\/td>\n<\/tr>\n<\/tbody>\n<\/table>\n<p>Acesse o Edital\u00a0<span style=\"color: #0000ff\"><strong><a style=\"color: #0000ff\" href=\"https:\/\/wp.ufpel.edu.br\/libertas\/publicacoes\/editais\/\">aqui.<\/a><\/strong><\/span><\/p>\n","protected":false},"excerpt":{"rendered":"<p>O Projeto de Extens\u00e3o DEFENSA Assessoria Criminal Popular, coordenado pela Professora Inezita Silveira da Costa, vinculado ao Programa LIBERTAS, seleciona estudantes volunt\u00e1rio\/as interessado\/as. AS INSCRI\u00c7\u00d5ES OCORRER\u00c3O AT\u00c9 O DIA 17\/04\/2018, \u00c0S 12H O\/as interessado\/as devem fazer a inscri\u00e7\u00e3o no Servi\u00e7o de Assist\u00eancia Judici\u00e1ria da Faculdade de Direito da Universidade Federal de Pelotas, preenchendo o formul\u00e1rio [&hellip;]<\/p>\n","protected":false},"author":440,"featured_media":0,"comment_status":"closed","ping_status":"closed","sticky":false,"template":"","format":"standard","meta":{"footnotes":""},"categories":[18],"tags":[],"class_list":["post-1353","post","type-post","status-publish","format-standard","hentry","category-sem-categoria"],"jetpack_featured_media_url":"","_links":{"self":[{"href":"https:\/\/wp.ufpel.edu.br\/libertas\/wp-json\/wp\/v2\/posts\/1353","targetHints":{"allow":["GET"]}}],"collection":[{"href":"https:\/\/wp.ufpel.edu.br\/libertas\/wp-json\/wp\/v2\/posts"}],"about":[{"href":"https:\/\/wp.ufpel.edu.br\/libertas\/wp-json\/wp\/v2\/types\/post"}],"author":[{"embeddable":true,"href":"https:\/\/wp.ufpel.edu.br\/libertas\/wp-json\/wp\/v2\/users\/440"}],"replies":[{"embeddable":true,"href":"https:\/\/wp.ufpel.edu.br\/libertas\/wp-json\/wp\/v2\/comments?post=1353"}],"version-history":[{"count":3,"href":"https:\/\/wp.ufpel.edu.br\/libertas\/wp-json\/wp\/v2\/posts\/1353\/revisions"}],"predecessor-version":[{"id":1356,"href":"https:\/\/wp.ufpel.edu.br\/libertas\/wp-json\/wp\/v2\/posts\/1353\/revisions\/1356"}],"wp:attachment":[{"href":"https:\/\/wp.ufpel.edu.br\/libertas\/wp-json\/wp\/v2\/media?parent=1353"}],"wp:term":[{"taxonomy":"category","embeddable":true,"href":"https:\/\/wp.ufpel.edu.br\/libertas\/wp-json\/wp\/v2\/categories?post=1353"},{"taxonomy":"post_tag","embeddable":true,"href":"https:\/\/wp.ufpel.edu.br\/libertas\/wp-json\/wp\/v2\/tags?post=1353"}],"curies":[{"name":"wp","href":"https:\/\/api.w.org\/{rel}","templated":true}]}}