{"id":1456,"date":"2026-04-19T20:56:43","date_gmt":"2026-04-19T23:56:43","guid":{"rendered":"https:\/\/wp.ufpel.edu.br\/leurengeo\/?p=1456"},"modified":"2026-04-19T20:59:10","modified_gmt":"2026-04-19T23:59:10","slug":"x-cidade-comercio-e-consumo-em-lisboa-2026","status":"publish","type":"post","link":"https:\/\/wp.ufpel.edu.br\/leurengeo\/2026\/04\/19\/x-cidade-comercio-e-consumo-em-lisboa-2026\/","title":{"rendered":"X Cidade, Com\u00e9rcio e Consumo, em Lisboa, 2026"},"content":{"rendered":"<p><a href=\"https:\/\/i0.wp.com\/wp.ufpel.edu.br\/leurengeo\/files\/2026\/04\/X_CCC_Lisboa.jpg?ssl=1\"><img data-recalc-dims=\"1\" loading=\"lazy\" decoding=\"async\" data-attachment-id=\"1457\" data-permalink=\"https:\/\/wp.ufpel.edu.br\/leurengeo\/2026\/04\/19\/x-cidade-comercio-e-consumo-em-lisboa-2026\/x_ccc_lisboa\/\" data-orig-file=\"https:\/\/i0.wp.com\/wp.ufpel.edu.br\/leurengeo\/files\/2026\/04\/X_CCC_Lisboa.jpg?fit=707%2C720&amp;ssl=1\" data-orig-size=\"707,720\" data-comments-opened=\"0\" data-image-meta=\"{&quot;aperture&quot;:&quot;0&quot;,&quot;credit&quot;:&quot;&quot;,&quot;camera&quot;:&quot;&quot;,&quot;caption&quot;:&quot;&quot;,&quot;created_timestamp&quot;:&quot;0&quot;,&quot;copyright&quot;:&quot;&quot;,&quot;focal_length&quot;:&quot;0&quot;,&quot;iso&quot;:&quot;0&quot;,&quot;shutter_speed&quot;:&quot;0&quot;,&quot;title&quot;:&quot;&quot;,&quot;orientation&quot;:&quot;0&quot;}\" data-image-title=\"X_CCC_Lisboa\" data-image-description=\"\" data-image-caption=\"\" data-medium-file=\"https:\/\/i0.wp.com\/wp.ufpel.edu.br\/leurengeo\/files\/2026\/04\/X_CCC_Lisboa.jpg?fit=393%2C400&amp;ssl=1\" data-large-file=\"https:\/\/i0.wp.com\/wp.ufpel.edu.br\/leurengeo\/files\/2026\/04\/X_CCC_Lisboa.jpg?fit=604%2C615&amp;ssl=1\" class=\"size-medium wp-image-1457 aligncenter\" src=\"https:\/\/i0.wp.com\/wp.ufpel.edu.br\/leurengeo\/files\/2026\/04\/X_CCC_Lisboa.jpg?resize=393%2C400&#038;ssl=1\" alt=\"\" width=\"393\" height=\"400\" srcset=\"https:\/\/i0.wp.com\/wp.ufpel.edu.br\/leurengeo\/files\/2026\/04\/X_CCC_Lisboa.jpg?resize=393%2C400&amp;ssl=1 393w, https:\/\/i0.wp.com\/wp.ufpel.edu.br\/leurengeo\/files\/2026\/04\/X_CCC_Lisboa.jpg?w=707&amp;ssl=1 707w\" sizes=\"auto, (max-width: 393px) 100vw, 393px\" \/><\/a><strong>Contexto<\/strong><br \/>\nO Semin\u00e1rio Internacional Cidade, Com\u00e9rcio e Consumo (CCC) celebra, em 2026, a sua<br \/>\n10.\u00aa edi\u00e7\u00e3o, assinalando igualmente 20 anos de atividade da Rede CCC. Criado em 2006,<br \/>\nno Rio de Janeiro, este f\u00f3rum consolidou-se como um espa\u00e7o privilegiado para a reflex\u00e3o<br \/>\ncient\u00edfica e o di\u00e1logo interdisciplinar em torno da rela\u00e7\u00e3o entre a cidade, o com\u00e9rcio e o<br \/>\nconsumo, reunindo ge\u00f3grafos, urbanistas, arquitetos, planejadores e outros investigadores da Europa e da Am\u00e9rica Latina.<br \/>\nAo longo de duas d\u00e9cadas, as sucessivas edi\u00e7\u00f5es do Semin\u00e1rio acompanharam as<br \/>\nprofundas transforma\u00e7\u00f5es do com\u00e9rcio e do consumo urbanos, analisando as suas<br \/>\nimplica\u00e7\u00f5es conceptuais, metodol\u00f3gicas, sociais e pol\u00edticas. Os trabalhos apresentados e<br \/>\ndebatidos traduziram-se em m\u00faltiplas publica\u00e7\u00f5es, que afirmaram a relev\u00e2ncia<br \/>\ninternacional desta rede de investiga\u00e7\u00e3o.<\/p>\n<p><strong>Perspectivas e desafios<\/strong><br \/>\nA celebra\u00e7\u00e3o de 20 anos da rede representa uma oportunidade singular para revisitar as<br \/>\nrotas j\u00e1 percorridas, avaliar criticamente as abordagens e metodologias mobilizadas e abrir novas linhas de rumo para o futuro. Hoje, mais do que nunca, imp\u00f5e-se refor\u00e7ar a<br \/>\ncentralidade do conhecimento geogr\u00e1fico para compreender os fen\u00f4menos do com\u00e9rcio e<br \/>\ndo consumo em contexto urbano, face a desafios globais que incluem:<\/p>\n<p>&#x25aa; Digitaliza\u00e7\u00e3o e intensifica\u00e7\u00e3o do consumo em plataformas virtuais;<br \/>\n&#x25aa; Novas formas de desigualdade e exclus\u00e3o no acesso ao abastecimento, ao consumo e<br \/>\n\u00e0 cidade;<br \/>\n&#x25aa; Emerg\u00eancia de estilos de vida e pr\u00e1ticas de consumo mais sustent\u00e1veis;<br \/>\n&#x25aa; Transforma\u00e7\u00e3o das atmosferas urbanas em espa\u00e7os figitais, brandificados, tur\u00edsticos e<br \/>\nef\u00eameros;<br \/>\n&#x25aa; Novos regimes de governan\u00e7a urbana e o papel dos diferentes atores sociais e<br \/>\necon\u00f4micos.<br \/>\nAo projetarmos o futuro, a Rede CCC renova o compromisso com uma investiga\u00e7\u00e3o<br \/>\nconceitualmente s\u00f3lida, metodologicamente inovadora e socialmente relevante, que<br \/>\ncontribua para empoderar o conhecimento geogr\u00e1fico e para o refor\u00e7o do seu impacto na<br \/>\ncompreens\u00e3o e gest\u00e3o das cidades contempor\u00e2neas.<\/p>\n<p><strong>Organiza\u00e7\u00e3o<\/strong><br \/>\nA 10\u00aa edi\u00e7\u00e3o do Semin\u00e1rio Internacional Cidade, Com\u00e9rcio e Consumo ter\u00e1 lugar em Lisboa, no Instituto de Geografia e Ordenamento do Territ\u00f3rio da Universidade de Lisboa (IGOT), entre os dias 2 e 6 de novembro de 2026. O programa incluir\u00e1:<\/p>\n<p>Confer\u00eancias<br \/>\nApresenta\u00e7\u00f5es sobre os temas dos eixos de discuss\u00e3o por especialistas de diferentes pa\u00edses<br \/>\nMesa-redonda com acad\u00eamicos, planejadores e pol\u00edticos<br \/>\nWorld caf\u00e9 sobre o futuro da rede e a agenda de investiga\u00e7\u00e3o, envolvendo os participantes no evento<br \/>\nLan\u00e7amento de livros sobre as tem\u00e1ticas relevantes do Semin\u00e1rio<br \/>\nTrabalho de campo: visitas de estudo a espa\u00e7os comerciais, de consumo e lazer com distintas localiza\u00e7\u00f5es na cidade.<\/p>\n<p><strong>Eixos tem\u00e1ticos<\/strong><br \/>\n1. Mem\u00f3ria e balan\u00e7o: duas d\u00e9cadas de investiga\u00e7\u00e3o sobre cidade, com\u00e9rcio e consumo.<br \/>\n2. Novas metodologias e abordagens: compreender o com\u00e9rcio e o consumo na cidade contempor\u00e2nea.<br \/>\n3. Com\u00e9rcio e sustentabilidade: as discuss\u00f5es contempor\u00e2neas sobre a redu\u00e7\u00e3o do impacto do com\u00e9rcio no planeta e na sociedade.<br \/>\n4. A digitaliza\u00e7\u00e3o do com\u00e9rcio e do consumo: transforma\u00e7\u00f5es tecnol\u00f3gicas e novas intera\u00e7\u00f5es entre consumidores, comerciantes e territ\u00f3rios.<br \/>\n5. Consumo, desigualdades e justi\u00e7a espacial: pr\u00e1ticas de consumo, exclus\u00e3o social e disputas pela apropria\u00e7\u00e3o do espa\u00e7o urbano.<br \/>\n6. Pol\u00edticas urbanas orientadas para\/pelo consumo e novas formas de governan\u00e7a: revendo as estrat\u00e9gias e modelos de gest\u00e3o do com\u00e9rcio e da cidade.<\/p>\n<p><strong>Comiss\u00e3o organizadora local (Lisboa)<\/strong><br \/>\nHerculano Cachinho (IGOT\/CEG, Universidade de Lisboa, Portugal)<br \/>\nDaniel Fernandes Paiva (IGOT\/CEG, Universidade de Lisboa, Portugal)<br \/>\nPedro Porf\u00edrio Guimar\u00e3es (IGOT\/CEG, Universidade de Lisboa, Portugal)<br \/>\nDaniela Ferreira (IGOT\/CEG, Universidade de Lisboa, Portugal)<br \/>\nKatielle Suzanne do Nascimento Silva (Universidade Federal de Roraima, UFRR, Brasil)<br \/>\nAna Patr\u00edcia Veloso (IGOT\/CEG, Universidade de Lisboa, Portugal)<br \/>\nDiogo Gaspar Silva (IGOT\/CEG, Universidade de Lisboa, Portugal)<br \/>\nJuliette Galavielle (IGOT\/CEG, Universidade de Lisboa, Portugal)<\/p>\n<p><strong>Subcomiss\u00e3o organizadora (Brasil)<\/strong><br \/>\nCl\u00e1udio Smalley Soares (Universidade Estadual do Cear\u00e1, UECE)<br \/>\nJeferson Rezende (Escola de Comunica\u00e7\u00f5es e Artes, USP)<br \/>\nKatielle Suzanne do Nascimento Silva (Universidade Federal de Roraima, UFRR)<br \/>\nLincoln da Silva Diniz (Universidade Federal de Campina Grande, UFCG)<br \/>\nSidney Gon\u00e7alves Vieira (LEUR\/ICH\/DG, Universidade Federal de Pelotas)<\/p>\n<p>Datas de inscri\u00e7\u00e3o, envio e recep\u00e7\u00e3o de trabalhos, pagamentos<br \/>\nData de abertura para submiss\u00e3o de resumos: 15 de fevereiro de 2026<br \/>\nData limite para submiss\u00e3o de resumos: 15 de maio de 2026<br \/>\nNotifica\u00e7\u00e3o da avalia\u00e7\u00e3o dos resumos: 30 de maio de 2026<br \/>\nData limite para envio de textos completos: 15 de setembro de 2026<br \/>\nData limite de inscri\u00e7\u00e3o no semin\u00e1rio: 30 de setembro 2026<br \/>\nData limite para pagamento da inscri\u00e7\u00e3o: 30 de setembro de 2026<br \/>\nValor da inscri\u00e7\u00e3o: professores, investigadores e outros profissionais (120\u20ac)<br \/>\nEstudantes de mestrado e doutoramento (60\u20ac)<br \/>\nParticipantes no semin\u00e1rio sem comunica\u00e7\u00e3o (80\u20ac)<br \/>\nPublica\u00e7\u00e3o do programa do semin\u00e1rio: 15 de outubro 2026<\/p>\n<p><strong>Informa\u00e7\u00e3o sobre os resumos das comunica\u00e7\u00f5es<\/strong><br \/>\nOs idiomas do X Semin\u00e1rio Internacional Cidade, Com\u00e9rcio e Consumo s\u00e3o o portugu\u00eas, o espanhol e o ingl\u00eas. Os resumos das comunica\u00e7\u00f5es, redigidos num dos idiomas referidos, dever\u00e3o ser enviados para a Comiss\u00e3o Organizadora do semin\u00e1rio, via correio eletr\u00f4nico, para o endere\u00e7o <a href=\"mailto:ConfCCC@igot.ulisboa.pt\" target=\"_blank\" rel=\"noopener\">ConfCCC@igot.ulisboa.pt<\/a> at\u00e9 dia 15 de maio de 2026.<br \/>\nOs resumos dos trabalhos devem observar os seguintes requisitos:<br \/>\n&#x25aa;<br \/>\nX Semin\u00e1rio Internacional Cidade, Com\u00e9rcio e Consumo<br \/>\nEixo tem\u00e1tico<br \/>\nT\u00edtulo do trabalho<br \/>\nNome do(s) autor(es), institui\u00e7\u00e3o de perten\u00e7a, endere\u00e7o(s) eletr\u00f4nico(s)<br \/>\n3 a 5 palavras-chave<br \/>\nResumo: 2500 a 3000 caracteres (incluindo espa\u00e7os).<br \/>\nOs resumos devem contemplar, de forma expl\u00edcita: (1) o enquadramento do tema e a sua relev\u00e2ncia para o X Semin\u00e1rio Internacional Cidade, Com\u00e9rcio e Consumo, preferencialmente articulada com o mote mapear o passado, analisar o presente, imaginar o futuro; (2) os objetivos da comunica\u00e7\u00e3o e\/ou a(s) pergunta(s) de investiga\u00e7\u00e3o; (3) o referencial te\u00f3rico e os principais conceitos mobilizados; (4) a metodologia, especificando o tipo de dados, as t\u00e9cnicas utilizadas e o recorte territorial e\/ou temporal (incluindo, quando aplic\u00e1vel, o(s) caso(s) de estudo); (5) os resultados (ainda que preliminares) e\/ou os contributos esperados para o debate cient\u00edfico e\/ou para a interven\u00e7\u00e3o e pol\u00edticas urbanas.<br \/>\nOs resumos dos trabalhos aceites para apresenta\u00e7\u00e3o ser\u00e3o disponibilizados on-line na p\u00e1gina web do evento, no seguinte endere\u00e7o: www.igot.ulisboa.pt\/ccc2026<br \/>\nTrabalhos finais<br \/>\nA informa\u00e7\u00e3o sobre os requisitos da apresenta\u00e7\u00e3o dos trabalhos finais, a integrar nos anais do semin\u00e1rio, ser\u00e1 dada a conhecer na pr\u00f3xima circular.<\/p>\n","protected":false},"excerpt":{"rendered":"<p>Contexto O Semin\u00e1rio Internacional Cidade, Com\u00e9rcio e Consumo (CCC) celebra, em 2026, a sua 10.\u00aa edi\u00e7\u00e3o, assinalando igualmente 20 anos de atividade da Rede CCC. Criado em 2006, no Rio de Janeiro, este f\u00f3rum consolidou-se como um espa\u00e7o privilegiado para a reflex\u00e3o cient\u00edfica e o di\u00e1logo interdisciplinar em torno da rela\u00e7\u00e3o entre a cidade, o &hellip; <a href=\"https:\/\/wp.ufpel.edu.br\/leurengeo\/2026\/04\/19\/x-cidade-comercio-e-consumo-em-lisboa-2026\/\" class=\"more-link\">Continue lendo <span class=\"screen-reader-text\">X Cidade, Com\u00e9rcio e Consumo, em Lisboa, 2026<\/span> <span class=\"meta-nav\">&rarr;<\/span><\/a><\/p>\n","protected":false},"author":486,"featured_media":1457,"comment_status":"closed","ping_status":"closed","sticky":false,"template":"","format":"standard","meta":{"jetpack_post_was_ever_published":false,"_jetpack_newsletter_access":"","_jetpack_dont_email_post_to_subs":false,"_jetpack_newsletter_tier_id":0,"_jetpack_memberships_contains_paywalled_content":false,"_jetpack_memberships_contains_paid_content":false,"footnotes":"","jetpack_publicize_message":"","jetpack_publicize_feature_enabled":true,"jetpack_social_post_already_shared":true,"jetpack_social_options":{"image_generator_settings":{"template":"highway","default_image_id":0,"font":"","enabled":false},"version":2}},"categories":[18],"tags":[],"class_list":["post-1456","post","type-post","status-publish","format-standard","has-post-thumbnail","hentry","category-sem-categoria"],"jetpack_publicize_connections":[],"jetpack_featured_media_url":"https:\/\/i0.wp.com\/wp.ufpel.edu.br\/leurengeo\/files\/2026\/04\/X_CCC_Lisboa.jpg?fit=707%2C720&ssl=1","jetpack_sharing_enabled":true,"jetpack_shortlink":"https:\/\/wp.me\/p6IcND-nu","jetpack-related-posts":[],"_links":{"self":[{"href":"https:\/\/wp.ufpel.edu.br\/leurengeo\/wp-json\/wp\/v2\/posts\/1456","targetHints":{"allow":["GET"]}}],"collection":[{"href":"https:\/\/wp.ufpel.edu.br\/leurengeo\/wp-json\/wp\/v2\/posts"}],"about":[{"href":"https:\/\/wp.ufpel.edu.br\/leurengeo\/wp-json\/wp\/v2\/types\/post"}],"author":[{"embeddable":true,"href":"https:\/\/wp.ufpel.edu.br\/leurengeo\/wp-json\/wp\/v2\/users\/486"}],"replies":[{"embeddable":true,"href":"https:\/\/wp.ufpel.edu.br\/leurengeo\/wp-json\/wp\/v2\/comments?post=1456"}],"version-history":[{"count":2,"href":"https:\/\/wp.ufpel.edu.br\/leurengeo\/wp-json\/wp\/v2\/posts\/1456\/revisions"}],"predecessor-version":[{"id":1459,"href":"https:\/\/wp.ufpel.edu.br\/leurengeo\/wp-json\/wp\/v2\/posts\/1456\/revisions\/1459"}],"wp:featuredmedia":[{"embeddable":true,"href":"https:\/\/wp.ufpel.edu.br\/leurengeo\/wp-json\/wp\/v2\/media\/1457"}],"wp:attachment":[{"href":"https:\/\/wp.ufpel.edu.br\/leurengeo\/wp-json\/wp\/v2\/media?parent=1456"}],"wp:term":[{"taxonomy":"category","embeddable":true,"href":"https:\/\/wp.ufpel.edu.br\/leurengeo\/wp-json\/wp\/v2\/categories?post=1456"},{"taxonomy":"post_tag","embeddable":true,"href":"https:\/\/wp.ufpel.edu.br\/leurengeo\/wp-json\/wp\/v2\/tags?post=1456"}],"curies":[{"name":"wp","href":"https:\/\/api.w.org\/{rel}","templated":true}]}}