{"id":1437,"date":"2025-10-07T00:24:20","date_gmt":"2025-10-07T03:24:20","guid":{"rendered":"https:\/\/wp.ufpel.edu.br\/leurengeo\/?p=1437"},"modified":"2025-10-07T00:24:20","modified_gmt":"2025-10-07T03:24:20","slug":"producao-de-cartas-funcionais-com-o-emprego-de-bancos-de-dados","status":"publish","type":"post","link":"https:\/\/wp.ufpel.edu.br\/leurengeo\/2025\/10\/07\/producao-de-cartas-funcionais-com-o-emprego-de-bancos-de-dados\/","title":{"rendered":"Produ\u00e7\u00e3o de Cartas Funcionais com o Emprego de Bancos de Dados"},"content":{"rendered":"<h3>Curso\/Oficina Come\u00e7a dia 08\/10<\/h3>\n<p>O Laborat\u00f3rio de Estudos Urbanos e Regionais (LEUR\/UFPEL) em colabora\u00e7\u00e3o com o Grupo de Pesquisa Produ\u00e7\u00e3o do Espa\u00e7o e Redefini\u00e7\u00f5es Regionais (GAsPERR), da UNESP\/Presidente Prudente, estar\u00e1 oferecendo um treinamento para uso dos bancos de dados do Cadastro Nacional das Atividades Econ\u00f4micas (CNAE\/IBGE) e Cadastro Nacional dos Endere\u00e7os para Fins Estat\u00edsticos (CNEFE\/IBGE) na elabora\u00e7\u00e3o de cartas funcionais.<\/p>\n<p>A atividade faz parte das a\u00e7\u00f5es do projeto Paisagens Alimentares e visa criar cartas para identifica\u00e7\u00e3o da localiza\u00e7\u00e3o de estabelecimentos que comercializam alimentos em Pelotas, tendo em vista detalhar os mapas de p\u00e2ntanos e desertos alimentares.<\/p>\n<p>O treinamento ser\u00e1 ministrado por professores de diversas universidades participantes dos grupos de pesquisas envolvidos:<\/p>\n<h3><strong>Docentes Ministrantes:<\/strong><\/h3>\n<p><strong>Arthur Magon Whitacker<\/strong><\/p>\n<p><strong>Universidade Estadual Paulista, Unesp<\/strong><\/p>\n<p>Graduado (Bacharelado e Licenciatura), Mestre e Doutor em Geografia pela Universidade Estadual Paulista J\u00falio de Mesquita Filho. Possui P\u00f3s-Doutoramento pela Universidade do Porto e est\u00e1gios de pesquisa em outras universidades estrangeiras. Desenvolve atividades de doc\u00eancia, pesquisa e extens\u00e3o junto ao Departamento de Geografia e ao Programa de P\u00f3s-Gradua\u00e7\u00e3o em Geografia nessa mesma Universidade, lecionando em diversos cursos de gradua\u00e7\u00e3o, no mestrado acad\u00eamico e no doutorado. \u00c9 investigador associado do Centro de Estudos de Geografia e Ordenamento do Territ\u00f3rio (CEGOT), da Universidade do Porto, pesquisador do Grupo de Pesquisa sobre Produ\u00e7\u00e3o do Espa\u00e7o e Redefini\u00e7\u00f5es Regionais (GAsPERR), da Unesp, e pesquisador da Rede de Pesquisadores sobre Cidades M\u00e9dias (ReCiMe). Atua principalmente nas \u00e1reas de Geografia do Consumo, Geografia Urbana, Urbanismo e Planejamento Urbano com pesquisas sobre produ\u00e7\u00e3o do espa\u00e7o urbano, estrutura\u00e7\u00e3o urbana, morfologia urbana, centralidade intraurbana e cidades m\u00e9dias. \u00c9 Bolsista de Produtividade em Pesquisa N\u00edvel 2 do Conselho Nacional de Desenvolvimento Cient\u00edfico e Tecnol\u00f3gico, CNPq.<\/p>\n<p><strong>\u00a0<\/strong><strong>Helo\u00edsa Mariz Ferreira<\/strong><\/p>\n<p><strong>Universidade Federal do Rio de Janeiro, UFRJ<\/strong><\/p>\n<p>Possui Gradua\u00e7\u00e3o em Geografia (2013) pela FCT\/Unesp &#8211; Campus de Presidente Prudente, Doutorado no Programa de P\u00f3s-Gradua\u00e7\u00e3o em Geografia de Presidente Prudente (2018), na linha de pesquisa Produ\u00e7\u00e3o do Espa\u00e7o Urbano e atualmente realiza p\u00f3s-doutorado na Universidade Federal do Rio de Janeiro (UFRJ), com bolsa do Edital P\u00f3s-doutorado Nota 10, da FAPERJ. Membro do Grupo sobre Reestrutura\u00e7\u00e3o Urbana e Centralidade (GRUCE) e da Rede de Pesquisadores sobre Cidades M\u00e9dias (ReCiMe). Tem experi\u00eancia na \u00e1rea de Geografia, especialmente Geografia Urbana, atuando nas linhas de produ\u00e7\u00e3o do espa\u00e7o urbano, centro e centralidade, reestrutura\u00e7\u00e3o urbana, pr\u00e1ticas espaciais de consumo, cidades m\u00e9dias, metropoliza\u00e7\u00e3o, subcentros e shopping centers.<\/p>\n<p><strong>\u00a0<\/strong><strong>K\u00e9sia Anast\u00e1cio Alves da Silva<\/strong><\/p>\n<p><strong>Universidade Federal de Juiz de Fora, UFJF<\/strong><\/p>\n<p>Professora na \u00e1rea de Geografia da Popula\u00e7\u00e3o e Estudos Populacionais na Universidade Federal de Juiz de Fora (UFJF).Bacharel e licenciada em Geografia, com mestrado e doutorado em Demografia pela Universidade Estadual de Campinas (Unicamp). Durante a p\u00f3s-gradua\u00e7\u00e3o, desenvolveu pesquisas sobre mobilidade espacial da popula\u00e7\u00e3o e suas rela\u00e7\u00f5es com o processo de metropoliza\u00e7\u00e3o, tendo atuado como pesquisadora j\u00fanior no Centro de Estudos da Metr\u00f3pole (CEM-CEBRAP).Realizou est\u00e1gio de p\u00f3s-doutorado no Grupo de Pesquisa Produ\u00e7\u00e3o do Espa\u00e7o e Redefini\u00e7\u00f5es Regionais (GAsPER), no \u00e2mbito do projeto tem\u00e1tico Fragmenta\u00e7\u00e3o socioespacial e urbaniza\u00e7\u00e3o brasileira: escalas, vetores, ritmos e formas (FragUrb), com foco na linha de pesquisa centro, centralidade e mobilidade. Nessa etapa, investigou as transforma\u00e7\u00f5es nas centralidades urbanas em diferentes cidades brasileiras (20182024).Durante o p\u00f3s-doutorado, realizou tamb\u00e9m um est\u00e1gio de pesquisa no exterior, no Centro de Estudios Demogr\u00e1ficos (CED) da Universitat Aut\u00f2noma de Barcelona, onde atuou em projetos sobre mobilidade residencial e produ\u00e7\u00e3o das desigualdades socioespaciais.Tem experi\u00eancia consolidada em estudos populacionais, com \u00eanfase na distribui\u00e7\u00e3o espacial da popula\u00e7\u00e3o, urbaniza\u00e7\u00e3o, migra\u00e7\u00e3o interna e metropoliza\u00e7\u00e3o. Atualmente, \u00e9 tamb\u00e9m pesquisadora associada do Instituto de Pesquisa Econ\u00f4mica Aplicada (IPEA).<\/p>\n<p><strong>La\u00e9rcio Yudi Watanabe Silva<\/strong><\/p>\n<p><strong>Secretaria da Educa\u00e7\u00e3o do Estado de S\u00e3o Paulo, SEDUC \u2013 SP<\/strong><\/p>\n<p><strong>Universidade Estadual Paulista, Unesp<\/strong><\/p>\n<p>Licenciado (2022) e Mestre (2024) em Geografia pela Universidade Estadual Paulista &#8220;J\u00falio de Mesquita Filho&#8221;, campus de Presidente Prudente, onde tamb\u00e9m cursa Doutorado na mesma \u00e1rea; \u00e9 integrante do Grupo de Pesquisa Produ\u00e7\u00e3o do Espa\u00e7o e Redefini\u00e7\u00f5es Regionais (GAsPERR) e atua como Professor de Hist\u00f3ria e Geografia pela Secretaria da Educa\u00e7\u00e3o do Estado de S\u00e3o Paulo.<\/p>\n<p><strong>\u00a0<\/strong><strong>Let\u00edcia Aparecida Dias Carli<\/strong><\/p>\n<p><strong>Secretaria da Educa\u00e7\u00e3o do Estado de S\u00e3o Paulo, SEDUC &#8211; SP<\/strong><\/p>\n<p>Mestre em Geografia (2019) pelo Programa de P\u00f3s-Gradua\u00e7\u00e3o em Geografia da Universidade Estadual Paulista J\u00falio de Mesquita Filho (UNESP) &#8211; Campus de Presidente Prudente-SP. Possui licenciatura (2015) e bacharelado (2016) em Geografia pela mesma institui\u00e7\u00e3o. Bolsista da Funda\u00e7\u00e3o de Amparo \u00e0 Pesquisa do Estado de S\u00e3o Paulo (FAPESP) no per\u00edodo de 2014 a 2018. Participou do Grupo de Pesquisa Produ\u00e7\u00e3o do Espa\u00e7o e Redefini\u00e7\u00f5es Regionais (GAsPERR) e da Rede de Pesquisadores sobre Cidades M\u00e9dias (ReCiMe), na linha de pesquisa Produ\u00e7\u00e3o do Espa\u00e7o Urbano, com temas como: Cidades M\u00e9dias, Produ\u00e7\u00e3o do Espa\u00e7o Urbano, \u00c1reas Centrais, \u00cdndice de Densidade Informacional, entre outros. Atualmente trabalha como professora do ensino b\u00e1sico, ministrando aulas no ensino fundamental e m\u00e9dio e na educa\u00e7\u00e3o de jovens e adultos (EJA).<\/p>\n<p><strong>\u00a0<\/strong><strong>Nat\u00e1lia Daniela Soares S\u00e1 Britto<\/strong><\/p>\n<p><strong>Universidade Federal do Rio Grande do Sul, UFRGS<\/strong><\/p>\n<p>Doutora em Geografia pela Universidade Federal do Rio Grande do Sul (UFRGS), Mestre em Geografia pela Universidade Federal do Rio Grande (FURG) e licenciada em Geografia pela Universidade Federal de Pelotas (UFPel). Possui experi\u00eancia na \u00e1rea de Geografia Urbana, Econ\u00f4mica e Regional, com foco em pesquisas sobre reestrutura\u00e7\u00e3o socioespacial, reestrutura\u00e7\u00e3o econ\u00f4mica, reestrutura\u00e7\u00e3o imobili\u00e1ria, mercado de terras urbano e pol\u00edticas habitacionais.<\/p>\n<p><strong>Vitor Koiti Miyazaki<\/strong><\/p>\n<p><strong>Universidade Federal de Uberl\u00e2ndia, UFU<\/strong><\/p>\n<p>Graduado (2005), Mestre (2008) e Doutor (2013) em Geografia pela Universidade Estadual Paulista &#8211; UNESP, campus de Presidente Prudente. Foi professor de educa\u00e7\u00e3o b\u00e1sica da Secretaria da Educa\u00e7\u00e3o do Estado de S\u00e3o Paulo e da rede privada de ensino. Desde 2009 \u00e9 professor da Universidade Federal de Uberl\u00e2ndia &#8211; UFU, Campus Pontal, atuando no curso de gradua\u00e7\u00e3o em Geografia (licenciatura e bacharelado) e no Programa de P\u00f3s-gradua\u00e7\u00e3o em Geografia do Pontal &#8211; PPGEP. Tamb\u00e9m \u00e9 docente permanente do Programa de P\u00f3s-gradua\u00e7\u00e3o em Geografia (mestrado e doutorado) da Universidade Federal de Jata\u00ed &#8211; UFJ. \u00c9 membro do Grupo de Pesquisa &#8220;Observat\u00f3rio das Cidades&#8221;, da Rede de Pesquisadores sobre Cidades M\u00e9dias &#8211; ReCiMe e do Grupo de Pesquisa &#8220;Produ\u00e7\u00e3o do Espa\u00e7o e Redefini\u00e7\u00f5es Regionais&#8221; &#8211; GAsPERR\/UNESP, onde realizou est\u00e1gio de p\u00f3s-doutorado com bolsa da FAPESP. Foi coordenador do curso de gradua\u00e7\u00e3o em Geografia da FACIP\/UFU (2012-2014) e coordenador do Programa de P\u00f3s-gradua\u00e7\u00e3o em Geografia do Pontal &#8211; PPGEP (2016-2017). Foi Assessor Especial da Reitoria no Campus Pontal (2021-2024). Tem experi\u00eancia na \u00e1rea de Geografia Urbana, atuando principalmente nos temas: aglomera\u00e7\u00e3o urbana, morfologia urbana, rede urbana, desigualdades socioespaciais, com\u00e9rcio e consumo.<\/p>\n<h3>A programa\u00e7\u00e3o do evento seguir\u00e1 o seguinte cronograma:<\/h3>\n<p><strong>TEMA 1<\/strong> \u2013 8 de outubro<\/p>\n<p>\u201cO Cadastro Nacional de Endere\u00e7os para Fins Estat\u00edsticos \u2013 CNEFE: defini\u00e7\u00e3o, utilidades, pesquisas precursoras e exemplos de aplica\u00e7\u00e3o na Geografia Urbana e na Geografia do Consumo e do Com\u00e9rcio\u201d<\/p>\n<p><em>Vitor Koiti Miyazaki<\/em><\/p>\n<p><strong>Bibliografia Indicada:<\/strong><\/p>\n<p>MIYAZAKI, V. K. <strong>Estrutura\u00e7\u00e3o da cidade e morfologia urbana<\/strong>: um estudo sobre cidades de porte m\u00e9dio da rede urbana paulista.\u00a0 2013.\u00a0 305f.\u00a0 Tese (doutorado em Geografia).\u00a0 Faculdade de Ci\u00eancias e Tecnologia, Universidade Estadual Paulista,Presidente Prudente, 2013.<\/p>\n<p>PORTO-SALES, A. L.; COUTO, E. M. J.; WHITACKER, A. M.; SPOSITO, M. E. B.; MORENO, S.; MIYAZAKI, V. K. Pesquisa em Geografia urbana: desafios e possibilidades de an\u00e1lise espacial com o uso do Cadastro Nacional de Endere\u00e7os para fins Estat\u00edsticos (CNEFE), <strong>Caderno Prudentino de Geografia<\/strong>, v. 2, p. 81-103, 2014.<\/p>\n<p>PORTO-SALES, A. L. <strong>A Situa\u00e7\u00e3o Espacial de Franquias na Am\u00e9rica do Sul<\/strong>: morfologia e centralidade urbanas em cidades m\u00e9dias da Argentina, Brasil e Chile. 2014. 299f. (doutorado em Geografia).\u00a0\u00a0 Presidente\u00a0\u00a0 Prudente, Universidade\u00a0\u00a0 Estadual Paulista. Faculdade de Ci\u00eancias e Tecnologia, 2014.<\/p>\n<p>SANTOS, G. C.; MIYAZAKI, V. K. Concentra\u00e7\u00e3o de estabelecimentos em Ituiutaba-MG e Jata\u00ed-GO: contribui\u00e7\u00f5es a partir do Cadastro Nacional de Endere\u00e7os para Fins Estat\u00edsticos do Censo Demogr\u00e1fico 2022 do IBGE. In: Simp\u00f3sio Nacional de Geografia Urbana, 2024, Niter\u00f3i-RJ. <strong>Anais <\/strong>do Simp\u00f3sio Nacional de Geografia Urbana. Niter\u00f3i-RJ: UFF, 2024. v. 18. p. 1-22.<\/p>\n<p><strong>TEMA 2<\/strong> \u2013 9 de outubro<\/p>\n<p>\u201cMetodologia e procedimentos para a produ\u00e7\u00e3o de cartas funcionais a partir do Cadastro Nacional de Endere\u00e7os para Fins Estat\u00edsticos \u2013 CNEFE: da organiza\u00e7\u00e3o de dados \u00e0 produ\u00e7\u00e3o de cartas funcionais\u201d<\/p>\n<p>\u201cProcedimentos para produ\u00e7\u00e3o de \u00edndices de densidade informacional na dimens\u00e3o intraurbana: fundamentos e procedimentos\u201d<\/p>\n<p><em>Let\u00edcia Aparecida Dias Carli<\/em><\/p>\n<p><strong>Bibliografia Indicada:<\/strong><\/p>\n<p>CARLI, L. A. D.\u00a0<strong>Inova\u00e7\u00f5es tecnol\u00f3gicas e mudan\u00e7as em padr\u00f5es locacionais de atividades de com\u00e9rcio e servi\u00e7os: estudo sobre a configura\u00e7\u00e3o da centralidade em Ribeir\u00e3o Preto \u2013 SP.<\/strong>\u00a0 2019. Disserta\u00e7\u00e3o (Mestrado em Geografia) &#8211; Faculdade de Ci\u00eancias e Tecnologia, Universidade Estadual Paulista, Presidente\u00a0Prudente,\u00a02019.<\/p>\n<p>WHITACKER, A. M.;\u00a0CARLI, L. A. D.\u00a0. Densidad del territorio y densidad informacional. Lecturas del espacio de consumo en ciudades brasile\u00f1as. El caso de Riber\u00e3o Preto. In: Maria Laura Silveira; Rodolfo Bertoncello; Josefina Di Nucci. (Org.). <strong>Ciudad, comercio y consumo: temas y problemas desde la Geograf\u00eda<\/strong>. Buenos Aires, Argentina: Editorial Caf\u00e9 de las ciudades, 2020, v. 1, p. 361-383.<\/p>\n<p><strong>TEMA 3<\/strong> \u2013\u00a0 10 de outubro<\/p>\n<p>\u201cA CNEFE 2022 e o par centro-periferia na an\u00e1lise de unidades espaciais supramunicipais ou arranjos populacionais\u201d<\/p>\n<p><em>La\u00e9rcio Yudi Watanabe Silva<\/em><\/p>\n<p><strong>\u00a0<\/strong><\/p>\n<p><strong>Bibliografia Indicada:<\/strong><\/p>\n<p>SILVA, L. Y. W. Dispers\u00e3o Urbana e Centralidade Interurbana na Aglomera\u00e7\u00e3o Maring\u00e1-Sarandi-Pai\u00e7andu\/PR: Entre Continuidades Espaciais e Territoriais. <strong>Geoing\u00e1<\/strong>: Revista do Programa de P\u00f3s-Gradua\u00e7\u00e3o em Geografia, Maring\u00e1, v. 17, n. 1, 2025. DOI: 10.4025\/geoinga.v17i0.74984.<\/p>\n<p>SILVA, L. Y. W. A CNEFE 2022 e o par centro-periferia no arranjo populacional Petrolina\/PE-Juazeiro\/BA. <strong>Estudos Geogr\u00e1ficos<\/strong>: Revista Eletr\u00f4nica de Geografia, Rio Claro, no prelo, 2025.<\/p>\n<p><strong>TEMA 4<\/strong> \u2013 14 de outubro<\/p>\n<p>\u201cUtiliza\u00e7\u00e3o do banco de dados do Cadastro Nacional de Endere\u00e7os para Fins Estat\u00edsticos &#8211; CNEFE para delimita\u00e7\u00e3o e identifica\u00e7\u00e3o do com\u00e9rcio e dos servi\u00e7os de \u00e1reas centrais: rela\u00e7\u00f5es de subordina\u00e7\u00e3o, concorr\u00eancia e complementaridade em cidades polic\u00eantricas\u201d<\/p>\n<p><em>Helo\u00edsa Mariz Ferreira<\/em><\/p>\n<p>&nbsp;<\/p>\n<p><strong>Bibliografia Indicada:<\/strong><\/p>\n<p>DUARTE, H. da S. B. A cidade do Rio de Janeiro: descentraliza\u00e7\u00e3o das atividades terci\u00e1rias. Os centros funcionais. <strong>Revista Brasileira de Geografia<\/strong>, v.36, n.1, 1974, p.53-98.<\/p>\n<p>FERREIRA, H. M. <strong>O centro preexistente e o centro principal nas cidades polic\u00eantricas: transforma\u00e7\u00f5es e perman\u00eancias em Mar\u00edlia, Presidente Prudente e S\u00e3o Carlos-SP<\/strong>. 2018. 448 f. Tese (Doutorado em Geografia) &#8211; Faculdade de Ci\u00eancias e Tecnologia, Universidade Estadual Paulista, Presidente\u00a0Prudente,\u00a02018.<\/p>\n<p><strong>TEMA 5<\/strong> \u2013 16 de outubro<\/p>\n<p>\u201cO Cadastro Nacional de Pessoa Jur\u00eddica como recurso metodol\u00f3gico para as pesquisas socioespaciais: potencialidades e limita\u00e7\u00f5es da Base de Dados Nacional\u201d<\/p>\n<h3><em>K\u00e9sia Anast\u00e1cio Alves da Silva<\/em><\/h3>\n<p><em>Nat\u00e1lia Daniela Soares S\u00e1 Britto<\/em><\/p>\n<p><strong>\u00a0<\/strong><\/p>\n<p><strong>Bibliografia Indicada:<\/strong><\/p>\n<p>SILVA, K. A.;\u00a0S\u00c1 BRITTO, N. D. S. O Cadastro Nacional de Pessoa Jur\u00eddica como recurso metodol\u00f3gico para as pesquisas socioespaciais: potencialidades e limita\u00e7\u00f5es da base de dados nacional. <strong>Caminhos de Geografia<\/strong>, v. 25, p. 279-300, 2024.<\/p>\n<p><strong>ENCERRAMENTO <\/strong>&#8211; 21 de outubro<\/p>\n<p>\u201cA produ\u00e7\u00e3o de cartas funcionais na Geografia Urbana e na Geografia do Com\u00e9rcio e Consumo: hist\u00f3rico, metodologias e exemplos de aplica\u00e7\u00e3o\u201d<\/p>\n<p>\u201cO emprego de bancos de dados georreferenciados no mapeamento intraurbano: notas metodol\u00f3gicas e procedimentos operacionais\u201d<\/p>\n<p><em>Arthur Magon Whitacker<\/em><\/p>\n<h3><\/h3>\n<p>As vagas s\u00e3o limitadas. O curso dever\u00e1 ser realizado de maneira s\u00edncrona com transmiss\u00e3o on line no LEUR e seguir\u00e1 o seguinte cronograma:<\/p>\n<p><strong>Cronograma<\/strong><\/p>\n<table>\n<tbody>\n<tr>\n<td width=\"80\">Datas<\/td>\n<td width=\"116\">Per\u00edodo<\/td>\n<td width=\"105\">Tema<\/td>\n<td width=\"303\">Respons\u00e1veis<\/td>\n<\/tr>\n<tr>\n<td width=\"80\">8\/10<\/td>\n<td width=\"116\">14h30 \u00e0s 17h30<\/td>\n<td width=\"105\">Tema 1<\/td>\n<td width=\"303\">Vitor Koiti Miyazaki<\/td>\n<\/tr>\n<tr>\n<td width=\"80\">9\/10<\/td>\n<td width=\"116\">14h00 \u00e0s 17h00<\/td>\n<td width=\"105\">Tema 2<\/td>\n<td width=\"303\">Let\u00edcia Aparecida Dias Carli<\/td>\n<\/tr>\n<tr>\n<td width=\"80\">10\/10<\/td>\n<td width=\"116\">14h00 \u00e0s 16h30<\/td>\n<td width=\"105\">Tema 3<\/td>\n<td width=\"303\">La\u00e9rcio Yudi Watanabe Silva<\/td>\n<\/tr>\n<tr>\n<td width=\"80\">14\/10<\/td>\n<td width=\"116\">14h00 \u00e0s 17h00<\/td>\n<td width=\"105\">Tema 4<\/td>\n<td width=\"303\">Helo\u00edsa Mariz Ferreira<\/td>\n<\/tr>\n<tr>\n<td width=\"80\">16\/10<\/td>\n<td width=\"116\">14h00 \u00e0s 17h00<\/td>\n<td width=\"105\">Tema 5<\/td>\n<td width=\"303\">\n<p>K\u00e9sia Anast\u00e1cio Alves da Silva<\/p>\n<p>Nat\u00e1lia Daniela Soares S\u00e1 Britto<\/td>\n<\/tr>\n<tr>\n<td width=\"80\">21\/10<\/td>\n<td width=\"116\">14h30 \u00e0s 16h30<\/td>\n<td width=\"105\">Encerramento<\/td>\n<td width=\"303\">Arthur Magon Whitacker<\/td>\n<\/tr>\n<\/tbody>\n<\/table>\n<p>&nbsp;<\/p>\n<h3>Para participar, preencha o formul\u00e1rio dispon\u00edvel <a href=\"https:\/\/docs.google.com\/forms\/d\/e\/1FAIpQLSd0KKPobGbSMHaRrBTszZV6otg9hys-dkm2UuGq9tby15fhjw\/viewform?usp=header\" target=\"_blank\" rel=\"noopener\">AQUI<\/a>.<\/h3>\n","protected":false},"excerpt":{"rendered":"<p>Curso\/Oficina Come\u00e7a dia 08\/10 O Laborat\u00f3rio de Estudos Urbanos e Regionais (LEUR\/UFPEL) em colabora\u00e7\u00e3o com o Grupo de Pesquisa Produ\u00e7\u00e3o do Espa\u00e7o e Redefini\u00e7\u00f5es Regionais (GAsPERR), da UNESP\/Presidente Prudente, estar\u00e1 oferecendo um treinamento para uso dos bancos de dados do Cadastro Nacional das Atividades Econ\u00f4micas (CNAE\/IBGE) e Cadastro Nacional dos Endere\u00e7os para Fins Estat\u00edsticos (CNEFE\/IBGE) &hellip; <a href=\"https:\/\/wp.ufpel.edu.br\/leurengeo\/2025\/10\/07\/producao-de-cartas-funcionais-com-o-emprego-de-bancos-de-dados\/\" class=\"more-link\">Continue lendo <span class=\"screen-reader-text\">Produ\u00e7\u00e3o de Cartas Funcionais com o Emprego de Bancos de Dados<\/span> <span class=\"meta-nav\">&rarr;<\/span><\/a><\/p>\n","protected":false},"author":486,"featured_media":562,"comment_status":"closed","ping_status":"closed","sticky":false,"template":"","format":"standard","meta":{"jetpack_post_was_ever_published":false,"_jetpack_newsletter_access":"","_jetpack_dont_email_post_to_subs":false,"_jetpack_newsletter_tier_id":0,"_jetpack_memberships_contains_paywalled_content":false,"_jetpack_memberships_contains_paid_content":false,"footnotes":"","jetpack_publicize_message":"","jetpack_publicize_feature_enabled":true,"jetpack_social_post_already_shared":true,"jetpack_social_options":{"image_generator_settings":{"template":"highway","default_image_id":0,"font":"","enabled":false},"version":2}},"categories":[4,39],"tags":[],"class_list":["post-1437","post","type-post","status-publish","format-standard","has-post-thumbnail","hentry","category-noticias","category-paisagens-alimentares"],"jetpack_publicize_connections":[],"jetpack_featured_media_url":"https:\/\/i0.wp.com\/wp.ufpel.edu.br\/leurengeo\/files\/2019\/06\/LOGO-LEUR-e1559673211327.png?fit=420%2C338&ssl=1","jetpack_sharing_enabled":true,"jetpack_shortlink":"https:\/\/wp.me\/p6IcND-nb","jetpack-related-posts":[],"_links":{"self":[{"href":"https:\/\/wp.ufpel.edu.br\/leurengeo\/wp-json\/wp\/v2\/posts\/1437","targetHints":{"allow":["GET"]}}],"collection":[{"href":"https:\/\/wp.ufpel.edu.br\/leurengeo\/wp-json\/wp\/v2\/posts"}],"about":[{"href":"https:\/\/wp.ufpel.edu.br\/leurengeo\/wp-json\/wp\/v2\/types\/post"}],"author":[{"embeddable":true,"href":"https:\/\/wp.ufpel.edu.br\/leurengeo\/wp-json\/wp\/v2\/users\/486"}],"replies":[{"embeddable":true,"href":"https:\/\/wp.ufpel.edu.br\/leurengeo\/wp-json\/wp\/v2\/comments?post=1437"}],"version-history":[{"count":2,"href":"https:\/\/wp.ufpel.edu.br\/leurengeo\/wp-json\/wp\/v2\/posts\/1437\/revisions"}],"predecessor-version":[{"id":1439,"href":"https:\/\/wp.ufpel.edu.br\/leurengeo\/wp-json\/wp\/v2\/posts\/1437\/revisions\/1439"}],"wp:featuredmedia":[{"embeddable":true,"href":"https:\/\/wp.ufpel.edu.br\/leurengeo\/wp-json\/wp\/v2\/media\/562"}],"wp:attachment":[{"href":"https:\/\/wp.ufpel.edu.br\/leurengeo\/wp-json\/wp\/v2\/media?parent=1437"}],"wp:term":[{"taxonomy":"category","embeddable":true,"href":"https:\/\/wp.ufpel.edu.br\/leurengeo\/wp-json\/wp\/v2\/categories?post=1437"},{"taxonomy":"post_tag","embeddable":true,"href":"https:\/\/wp.ufpel.edu.br\/leurengeo\/wp-json\/wp\/v2\/tags?post=1437"}],"curies":[{"name":"wp","href":"https:\/\/api.w.org\/{rel}","templated":true}]}}