{"id":258,"date":"2026-09-02T20:40:49","date_gmt":"2026-09-02T23:40:49","guid":{"rendered":"https:\/\/wp.ufpel.edu.br\/letraslibras\/?p=258"},"modified":"2026-09-02T20:40:55","modified_gmt":"2026-09-02T23:40:55","slug":"processo-seletivo-para-professor-substituto-edital-026-2026","status":"publish","type":"post","link":"https:\/\/wp.ufpel.edu.br\/letraslibras\/2026\/09\/02\/processo-seletivo-para-professor-substituto-edital-026-2026\/","title":{"rendered":"PROCESSO SELETIVO PARA PROFESSOR SUBSTITUTO \u2013 Edital 026\/2026"},"content":{"rendered":"<p class=\"PDq2pG_selectionAnchorContainer\" data-start=\"197\" data-end=\"366\"><a href=\"https:\/\/wp.ufpel.edu.br\/letraslibras\/2026\/09\/02\/processo-seletivo-para-professor-substituto-edital-026-2026\/processo-seletivo-para-professor-substituto-edital-262026\/\" rel=\"attachment wp-att-259\"><img class=\"alignnone size-medium wp-image-259\"  src=\"data:image\/svg+xml,%3Csvg xmlns=\"http:\/\/www.w3.org\/2000\/svg\" viewBox=\"0 0 1 1\"%3E%3C\/svg%3E\" data-src=\"https:\/\/wp.ufpel.edu.br\/letraslibras\/files\/2026\/09\/Processo-Seletivo-para-Professor-Substituto-Edital-262026-320x400.png\" class=\"lazy-load\" loading=\"lazy\" decoding=\"async\" alt=\"\" width=\"320\" height=\"400\" \/><\/a><\/p>\n<p class=\"PDq2pG_selectionAnchorContainer\" data-start=\"197\" data-end=\"366\">A Universidade Federal de Pelotas (UFPel) est\u00e1 com inscri\u00e7\u00f5es abertas para <strong data-start=\"272\" data-end=\"332\">Processo Seletivo Simplificado para Professor Substituto<\/strong>, conforme <strong data-start=\"343\" data-end=\"365\">Edital n\u00ba 026\/2026<\/strong>.<\/p>\n<p class=\"\" data-start=\"368\" data-end=\"563\">\ud83d\udcda <strong data-start=\"371\" data-end=\"380\">\u00c1rea:<\/strong> L\u00edngua Brasileira de Sinais \u2013 Libras<br data-start=\"417\" data-end=\"420\" \/>\ud83d\udc64 <strong data-start=\"423\" data-end=\"432\">Vaga:<\/strong> 01<br data-start=\"435\" data-end=\"438\" \/>\ud83c\udf93 <strong data-start=\"441\" data-end=\"455\">Requisito:<\/strong> Gradua\u00e7\u00e3o em qualquer \u00e1rea <strong data-start=\"483\" data-end=\"516\">com Mestrado em qualquer \u00e1rea<\/strong><br data-start=\"516\" data-end=\"519\" \/>\ud83d\udcc5 <strong data-start=\"522\" data-end=\"537\">Inscri\u00e7\u00f5es:<\/strong> de <strong data-start=\"541\" data-end=\"563\">28\/08 a 07\/09\/2026<\/strong><\/p>\n<p class=\"\" data-start=\"565\" data-end=\"633\">\ud83d\udc49 <strong data-start=\"568\" data-end=\"583\">SAIBA MAIS:<\/strong><br data-start=\"583\" data-end=\"586\" \/><a class=\"decorated-link\" href=\"https:\/\/ces.ufpel.edu.br\/conctecadmed0026_2026\/\" target=\"_new\" rel=\"noopener\" data-start=\"586\" data-end=\"633\">https:\/\/ces.ufpel.edu.br\/conctecadmed0026_2026\/<\/a><\/p>\n","protected":false},"excerpt":{"rendered":"<p>A Universidade Federal de Pelotas (UFPel) est\u00e1 com inscri\u00e7\u00f5es abertas para Processo Seletivo Simplificado para Professor Substituto, conforme Edital n\u00ba 026\/2026. \ud83d\udcda \u00c1rea: L\u00edngua Brasileira de Sinais \u2013 Libras\ud83d\udc64 Vaga: 01\ud83c\udf93 Requisito: Gradua\u00e7\u00e3o em qualquer \u00e1rea com Mestrado em qualquer \u00e1rea\ud83d\udcc5 Inscri\u00e7\u00f5es: de 28\/08 a 07\/09\/2026 \ud83d\udc49 SAIBA MAIS:https:\/\/ces.ufpel.edu.br\/conctecadmed0026_2026\/<\/p>\n","protected":false},"author":1347,"featured_media":0,"comment_status":"closed","ping_status":"closed","sticky":false,"template":"","format":"standard","meta":{"_jetpack_newsletter_access":"","_jetpack_dont_email_post_to_subs":false,"_jetpack_newsletter_tier_id":0,"_jetpack_memberships_contains_paywalled_content":false,"_jetpack_feature_clip_id":0,"_jetpack_memberships_contains_paid_content":false,"footnotes":"","jetpack_post_was_ever_published":false},"categories":[1],"tags":[],"class_list":["post-258","post","type-post","status-publish","format-standard","hentry","category-noticias"],"jetpack_featured_media_url":"","jetpack_sharing_enabled":true,"_links":{"self":[{"href":"https:\/\/wp.ufpel.edu.br\/letraslibras\/wp-json\/wp\/v2\/posts\/258","targetHints":{"allow":["GET"]}}],"collection":[{"href":"https:\/\/wp.ufpel.edu.br\/letraslibras\/wp-json\/wp\/v2\/posts"}],"about":[{"href":"https:\/\/wp.ufpel.edu.br\/letraslibras\/wp-json\/wp\/v2\/types\/post"}],"author":[{"embeddable":true,"href":"https:\/\/wp.ufpel.edu.br\/letraslibras\/wp-json\/wp\/v2\/users\/1347"}],"replies":[{"embeddable":true,"href":"https:\/\/wp.ufpel.edu.br\/letraslibras\/wp-json\/wp\/v2\/comments?post=258"}],"version-history":[{"count":3,"href":"https:\/\/wp.ufpel.edu.br\/letraslibras\/wp-json\/wp\/v2\/posts\/258\/revisions"}],"predecessor-version":[{"id":262,"href":"https:\/\/wp.ufpel.edu.br\/letraslibras\/wp-json\/wp\/v2\/posts\/258\/revisions\/262"}],"wp:attachment":[{"href":"https:\/\/wp.ufpel.edu.br\/letraslibras\/wp-json\/wp\/v2\/media?parent=258"}],"wp:term":[{"taxonomy":"category","embeddable":true,"href":"https:\/\/wp.ufpel.edu.br\/letraslibras\/wp-json\/wp\/v2\/categories?post=258"},{"taxonomy":"post_tag","embeddable":true,"href":"https:\/\/wp.ufpel.edu.br\/letraslibras\/wp-json\/wp\/v2\/tags?post=258"}],"curies":[{"name":"wp","href":"https:\/\/api.w.org\/{rel}","templated":true}]}}