{"id":793,"date":"2017-03-13T19:11:58","date_gmt":"2017-03-13T22:11:58","guid":{"rendered":"https:\/\/leppais.wordpress.com\/?p=793"},"modified":"2017-03-13T19:11:58","modified_gmt":"2017-03-13T22:11:58","slug":"calendario-quilombola-do-rincao-das-almas","status":"publish","type":"post","link":"https:\/\/wp.ufpel.edu.br\/leppais\/2017\/03\/13\/calendario-quilombola-do-rincao-das-almas\/","title":{"rendered":"Calend\u00e1rio Quilombola do Rinc\u00e3o das Almas"},"content":{"rendered":"<p>O Calend\u00e1rio 2017 da Comunidade Quilombola do Rinc\u00e3o das Almas foi um dos produtos desenvolvidos no Projeto de Extens\u00e3o Hist\u00f3rias de Quilombo, que aconteceu durante o ano de 2016 nessa comunidade de S\u00e3o Louren\u00e7o do Sul. O projeto contou com a parceria entre jovens da comunidade, estudantes e pesquisadores da UFPel na produ\u00e7\u00e3o audiovisual, com diversos registros da hist\u00f3ria e do cotidiano da comunidade.<br \/>\nInspirados no jardim de dona Eva Maria Furtado Mour\u00e3o, uma das lideran\u00e7as da comunidade, e de sua fam\u00edlia, esse calend\u00e1rio foi criado com um pouco daquilo que a viv\u00eancia nesse lugar t\u00e3o especial proporciona.<\/p>\n<p>Clique nas imagens para abrir os calend\u00e1rios.<\/p>\n<p><a href=\"https:\/\/wp.ufpel.edu.br\/leppais\/files\/2018\/02\/calendario-2017-rincao-das-almas.pdf\" target=\"_blank\" rel=\"noopener\"><img data-recalc-dims=\"1\" loading=\"lazy\" decoding=\"async\" data-attachment-id=\"795\" data-permalink=\"https:\/\/wp.ufpel.edu.br\/leppais\/2017\/03\/13\/calendario-quilombola-do-rincao-das-almas\/attachment\/0001\/\" data-orig-file=\"https:\/\/i0.wp.com\/wp.ufpel.edu.br\/leppais\/files\/2017\/03\/0001.jpg?fit=3658%2C2345&amp;ssl=1\" data-orig-size=\"3658,2345\" data-comments-opened=\"0\" data-image-meta=\"{&quot;aperture&quot;:&quot;0&quot;,&quot;credit&quot;:&quot;&quot;,&quot;camera&quot;:&quot;&quot;,&quot;caption&quot;:&quot;&quot;,&quot;created_timestamp&quot;:&quot;0&quot;,&quot;copyright&quot;:&quot;&quot;,&quot;focal_length&quot;:&quot;0&quot;,&quot;iso&quot;:&quot;0&quot;,&quot;shutter_speed&quot;:&quot;0&quot;,&quot;title&quot;:&quot;&quot;,&quot;orientation&quot;:&quot;0&quot;}\" data-image-title=\"0001\" data-image-description=\"\" data-image-caption=\"\" data-medium-file=\"https:\/\/i0.wp.com\/wp.ufpel.edu.br\/leppais\/files\/2017\/03\/0001.jpg?fit=300%2C192&amp;ssl=1\" data-large-file=\"https:\/\/i0.wp.com\/wp.ufpel.edu.br\/leppais\/files\/2017\/03\/0001.jpg?fit=584%2C374&amp;ssl=1\" class=\"alignnone size-full wp-image-795\" src=\"https:\/\/i0.wp.com\/wp.ufpel.edu.br\/leppais\/files\/2017\/03\/0001.jpg?resize=584%2C374&#038;ssl=1\" alt=\"0001\" width=\"584\" height=\"374\" srcset=\"https:\/\/i0.wp.com\/wp.ufpel.edu.br\/leppais\/files\/2017\/03\/0001.jpg?w=3658&amp;ssl=1 3658w, https:\/\/i0.wp.com\/wp.ufpel.edu.br\/leppais\/files\/2017\/03\/0001.jpg?resize=300%2C192&amp;ssl=1 300w, https:\/\/i0.wp.com\/wp.ufpel.edu.br\/leppais\/files\/2017\/03\/0001.jpg?resize=768%2C492&amp;ssl=1 768w, https:\/\/i0.wp.com\/wp.ufpel.edu.br\/leppais\/files\/2017\/03\/0001.jpg?resize=1024%2C656&amp;ssl=1 1024w, https:\/\/i0.wp.com\/wp.ufpel.edu.br\/leppais\/files\/2017\/03\/0001.jpg?resize=468%2C300&amp;ssl=1 468w, https:\/\/i0.wp.com\/wp.ufpel.edu.br\/leppais\/files\/2017\/03\/0001.jpg?w=1168&amp;ssl=1 1168w, https:\/\/i0.wp.com\/wp.ufpel.edu.br\/leppais\/files\/2017\/03\/0001.jpg?w=1752&amp;ssl=1 1752w\" sizes=\"auto, (max-width: 584px) 100vw, 584px\" \/><\/a><\/p>\n<p><a href=\"https:\/\/wp.ufpel.edu.br\/leppais\/files\/2018\/02\/calendario-2018-rincao-das-almas_web1.pdf\" target=\"_blank\" rel=\"noopener\"><img data-recalc-dims=\"1\" loading=\"lazy\" decoding=\"async\" data-attachment-id=\"1369\" data-permalink=\"https:\/\/wp.ufpel.edu.br\/leppais\/calendario2018_rincaodasalmas-2\/\" data-orig-file=\"https:\/\/i0.wp.com\/wp.ufpel.edu.br\/leppais\/files\/2018\/02\/calendario2018_rincaodasalmas1.jpg?fit=741%2C521&amp;ssl=1\" data-orig-size=\"741,521\" data-comments-opened=\"0\" data-image-meta=\"{&quot;aperture&quot;:&quot;0&quot;,&quot;credit&quot;:&quot;&quot;,&quot;camera&quot;:&quot;&quot;,&quot;caption&quot;:&quot;&quot;,&quot;created_timestamp&quot;:&quot;0&quot;,&quot;copyright&quot;:&quot;&quot;,&quot;focal_length&quot;:&quot;0&quot;,&quot;iso&quot;:&quot;0&quot;,&quot;shutter_speed&quot;:&quot;0&quot;,&quot;title&quot;:&quot;&quot;,&quot;orientation&quot;:&quot;1&quot;}\" data-image-title=\"Calendario2018_RincaoDasAlmas\" data-image-description=\"\" data-image-caption=\"\" data-medium-file=\"https:\/\/i0.wp.com\/wp.ufpel.edu.br\/leppais\/files\/2018\/02\/calendario2018_rincaodasalmas1.jpg?fit=300%2C211&amp;ssl=1\" data-large-file=\"https:\/\/i0.wp.com\/wp.ufpel.edu.br\/leppais\/files\/2018\/02\/calendario2018_rincaodasalmas1.jpg?fit=584%2C411&amp;ssl=1\" class=\"alignnone size-full wp-image-1369\" src=\"https:\/\/i0.wp.com\/wp.ufpel.edu.br\/leppais\/files\/2018\/02\/calendario2018_rincaodasalmas1.jpg?resize=584%2C411&#038;ssl=1\" alt=\"Calendario2018_RincaoDasAlmas\" width=\"584\" height=\"411\" srcset=\"https:\/\/i0.wp.com\/wp.ufpel.edu.br\/leppais\/files\/2018\/02\/calendario2018_rincaodasalmas1.jpg?w=741&amp;ssl=1 741w, https:\/\/i0.wp.com\/wp.ufpel.edu.br\/leppais\/files\/2018\/02\/calendario2018_rincaodasalmas1.jpg?resize=300%2C211&amp;ssl=1 300w, https:\/\/i0.wp.com\/wp.ufpel.edu.br\/leppais\/files\/2018\/02\/calendario2018_rincaodasalmas1.jpg?resize=427%2C300&amp;ssl=1 427w\" sizes=\"auto, (max-width: 584px) 100vw, 584px\" \/><\/a><\/p>\n","protected":false},"excerpt":{"rendered":"<p>O Calend\u00e1rio 2017 da Comunidade Quilombola do Rinc\u00e3o das Almas foi um dos produtos desenvolvidos no Projeto de Extens\u00e3o Hist\u00f3rias de Quilombo, que aconteceu durante o ano de 2016 nessa comunidade de S\u00e3o Louren\u00e7o do Sul. O projeto contou com &hellip; <a href=\"https:\/\/wp.ufpel.edu.br\/leppais\/2017\/03\/13\/calendario-quilombola-do-rincao-das-almas\/\">Continue lendo <span class=\"meta-nav\">&rarr;<\/span><\/a><\/p>\n","protected":false},"author":641,"featured_media":0,"comment_status":"open","ping_status":"open","sticky":false,"template":"","format":"standard","meta":{"advanced_seo_description":"","jetpack_seo_html_title":"","jetpack_seo_noindex":false,"jetpack_post_was_ever_published":false,"_jetpack_newsletter_access":"","_jetpack_dont_email_post_to_subs":false,"_jetpack_newsletter_tier_id":0,"_jetpack_memberships_contains_paywalled_content":false,"_jetpack_memberships_contains_paid_content":false,"footnotes":"","jetpack_publicize_message":"","jetpack_publicize_feature_enabled":true,"jetpack_social_post_already_shared":true,"jetpack_social_options":{"image_generator_settings":{"template":"highway","default_image_id":0,"font":"","enabled":false},"version":2}},"categories":[1],"tags":[],"class_list":["post-793","post","type-post","status-publish","format-standard","hentry","category-noticias"],"jetpack_publicize_connections":[],"jetpack_featured_media_url":"","jetpack_sharing_enabled":true,"jetpack_shortlink":"https:\/\/wp.me\/payVYo-cN","jetpack-related-posts":[{"id":1344,"url":"https:\/\/wp.ufpel.edu.br\/leppais\/2018\/02\/01\/calendario-2018-rincao-das-almas\/","url_meta":{"origin":793,"position":0},"title":"Calend\u00e1rio 2018 &#8211; Rinc\u00e3o das Almas","author":"antropologia","date":"01\/02\/2018","format":false,"excerpt":"Clique na imagem acima para abrir o calend\u00e1rio.","rel":"","context":"Em &quot;Not\u00edcias&quot;","block_context":{"text":"Not\u00edcias","link":"https:\/\/wp.ufpel.edu.br\/leppais\/category\/noticias\/"},"img":{"alt_text":"","src":"https:\/\/i0.wp.com\/wp.ufpel.edu.br\/leppais\/files\/2018\/02\/calendario2018_rincaodasalmas.jpg?resize=350%2C200&ssl=1","width":350,"height":200,"srcset":"https:\/\/i0.wp.com\/wp.ufpel.edu.br\/leppais\/files\/2018\/02\/calendario2018_rincaodasalmas.jpg?resize=350%2C200&ssl=1 1x, https:\/\/i0.wp.com\/wp.ufpel.edu.br\/leppais\/files\/2018\/02\/calendario2018_rincaodasalmas.jpg?resize=525%2C300&ssl=1 1.5x, https:\/\/i0.wp.com\/wp.ufpel.edu.br\/leppais\/files\/2018\/02\/calendario2018_rincaodasalmas.jpg?resize=700%2C400&ssl=1 2x"},"classes":[]},{"id":4277,"url":"https:\/\/wp.ufpel.edu.br\/leppais\/2025\/04\/29\/fotobiografias-rincao-das-almas\/","url_meta":{"origin":793,"position":1},"title":"FOTOBIOGRAFIAS RINC\u00c3O DAS ALMAS","author":"antropologia","date":"29\/04\/2025","format":false,"excerpt":"No s\u00e1bado, dia 26\/04\/2025, fizemos a devolutiva e lan\u00e7amento do livro \"Fotobiografias Rinc\u00e3o das Almas\", em S\u00e3o Louren\u00e7o, no pr\u00f3prio Quilombo. Foi muito emocionante! Esse trabalho \u00e9 um dos resultados do projeto Hist\u00f3rias de Quilombo, desenvolvido desde 2012 pela Patr\u00edcia Pinheiro.","rel":"","context":"Em &quot;Antropo\u00e9ticas&quot;","block_context":{"text":"Antropo\u00e9ticas","link":"https:\/\/wp.ufpel.edu.br\/leppais\/category\/antropoeticas\/"},"img":{"alt_text":"","src":"https:\/\/i0.wp.com\/wp.ufpel.edu.br\/leppais\/files\/2025\/04\/Captura-de-tela-2025-04-29-102148.png?resize=350%2C200","width":350,"height":200,"srcset":"https:\/\/i0.wp.com\/wp.ufpel.edu.br\/leppais\/files\/2025\/04\/Captura-de-tela-2025-04-29-102148.png?resize=350%2C200 1x, https:\/\/i0.wp.com\/wp.ufpel.edu.br\/leppais\/files\/2025\/04\/Captura-de-tela-2025-04-29-102148.png?resize=525%2C300 1.5x"},"classes":[]},{"id":333,"url":"https:\/\/wp.ufpel.edu.br\/leppais\/2015\/08\/21\/ufpel-e-secult-apresentaram-no-ultimo-sabado-andamento-do-memorial-da-estacao-ferrea\/","url_meta":{"origin":793,"position":2},"title":"UFPel e Secult apresentaram no \u00faltimo s\u00e1bado andamento do Memorial da Esta\u00e7\u00e3o F\u00e9rrea","author":"antropologia","date":"21\/08\/2015","format":false,"excerpt":"A Universidade Federal de Pelotas (UFPel) e a Secret\u00e1ria Municipal de Cultura (Secult) realizaram no \u00faltimo s\u00e1bado (15 de agosto) \u2013 dentro da programa\u00e7\u00e3o do Dia do Patrim\u00f4nio de Pelotas \u2013, a segunda reuni\u00e3o aberta do Memorial da Esta\u00e7\u00e3o F\u00e9rrea de Pelotas. O objetivo foi apresentar para a comunidade o\u2026","rel":"","context":"Em &quot;Not\u00edcias&quot;","block_context":{"text":"Not\u00edcias","link":"https:\/\/wp.ufpel.edu.br\/leppais\/category\/noticias\/"},"img":{"alt_text":"","src":"https:\/\/i0.wp.com\/wp.ufpel.edu.br\/leppais\/files\/2015\/08\/11902219_742334095896119_2142241694_o.jpg?resize=350%2C200&ssl=1","width":350,"height":200,"srcset":"https:\/\/i0.wp.com\/wp.ufpel.edu.br\/leppais\/files\/2015\/08\/11902219_742334095896119_2142241694_o.jpg?resize=350%2C200&ssl=1 1x, https:\/\/i0.wp.com\/wp.ufpel.edu.br\/leppais\/files\/2015\/08\/11902219_742334095896119_2142241694_o.jpg?resize=525%2C300&ssl=1 1.5x, https:\/\/i0.wp.com\/wp.ufpel.edu.br\/leppais\/files\/2015\/08\/11902219_742334095896119_2142241694_o.jpg?resize=700%2C400&ssl=1 2x"},"classes":[]},{"id":2807,"url":"https:\/\/wp.ufpel.edu.br\/leppais\/2019\/08\/08\/fotos-xiii-ram-porto-alegre-2019\/","url_meta":{"origin":793,"position":3},"title":"Fotos XIII RAM &#8211; Porto Alegre 2019","author":"antropologia","date":"08\/08\/2019","format":false,"excerpt":"OF 02) Oficina Antropo\u00e9ticas: etnografia, criatividade e outras grafias Dia 23\/07, na primeira sess\u00e3o, Teceremos reflex\u00f5es que nos acompanham e instigam, atravessando a Escrita, o Desenho, a Montagem com imagens e a Bricolagem. Em um primeiro momento, traremos os trabalhos de Gloria Anzald\u00faa, Silvia Cusicanqui, Tim Ingold, Donna Haraway, numa\u2026","rel":"","context":"Em &quot;Not\u00edcias&quot;","block_context":{"text":"Not\u00edcias","link":"https:\/\/wp.ufpel.edu.br\/leppais\/category\/noticias\/"},"img":{"alt_text":"","src":"https:\/\/i0.wp.com\/wp.ufpel.edu.br\/leppais\/files\/2019\/08\/IMG-20190808-WA0056.jpg?resize=350%2C200","width":350,"height":200,"srcset":"https:\/\/i0.wp.com\/wp.ufpel.edu.br\/leppais\/files\/2019\/08\/IMG-20190808-WA0056.jpg?resize=350%2C200 1x, https:\/\/i0.wp.com\/wp.ufpel.edu.br\/leppais\/files\/2019\/08\/IMG-20190808-WA0056.jpg?resize=525%2C300 1.5x, https:\/\/i0.wp.com\/wp.ufpel.edu.br\/leppais\/files\/2019\/08\/IMG-20190808-WA0056.jpg?resize=700%2C400 2x"},"classes":[]},{"id":2844,"url":"https:\/\/wp.ufpel.edu.br\/leppais\/2019\/08\/09\/convite-apresentacao-do-projeto-centro-cultural-estacao-ferroviaria-e-domingo-no-castelo\/","url_meta":{"origin":793,"position":4},"title":"Convite: Apresenta\u00e7\u00e3o do projeto Centro Cultural Esta\u00e7\u00e3o Ferrovi\u00e1ria e Domingo no Castelo","author":"antropologia","date":"09\/08\/2019","format":false,"excerpt":"Temos o prazer em divulgar o encontro que ser\u00e1 realizado no dia 18\/08, as 10 horas da manh\u00e3, para apresentar a proposta inicial do projeto Centro Cultural Esta\u00e7\u00e3o Ferrovi\u00e1ria. O objetivo principal desse encontro, aberto para todos os interessados, \u00e9 debater a proposta da elabora\u00e7\u00e3o de um centro cultural e\u2026","rel":"","context":"Em &quot;Convite&quot;","block_context":{"text":"Convite","link":"https:\/\/wp.ufpel.edu.br\/leppais\/category\/convite\/"},"img":{"alt_text":"","src":"https:\/\/i0.wp.com\/wp.ufpel.edu.br\/leppais\/files\/2019\/08\/Centro-Cultural-Estacao-Ferrea-Pelotas_v2.jpg?resize=350%2C200&ssl=1","width":350,"height":200,"srcset":"https:\/\/i0.wp.com\/wp.ufpel.edu.br\/leppais\/files\/2019\/08\/Centro-Cultural-Estacao-Ferrea-Pelotas_v2.jpg?resize=350%2C200&ssl=1 1x, https:\/\/i0.wp.com\/wp.ufpel.edu.br\/leppais\/files\/2019\/08\/Centro-Cultural-Estacao-Ferrea-Pelotas_v2.jpg?resize=525%2C300&ssl=1 1.5x, https:\/\/i0.wp.com\/wp.ufpel.edu.br\/leppais\/files\/2019\/08\/Centro-Cultural-Estacao-Ferrea-Pelotas_v2.jpg?resize=700%2C400&ssl=1 2x, https:\/\/i0.wp.com\/wp.ufpel.edu.br\/leppais\/files\/2019\/08\/Centro-Cultural-Estacao-Ferrea-Pelotas_v2.jpg?resize=1050%2C600&ssl=1 3x"},"classes":[]},{"id":1828,"url":"https:\/\/wp.ufpel.edu.br\/leppais\/2018\/11\/12\/nota-do-cocepe\/","url_meta":{"origin":793,"position":5},"title":"Nota do COCEPE","author":"antropologia","date":"12\/11\/2018","format":false,"excerpt":"Nota do COCEPE \u00c0 Comunidade Universit\u00e1ria, O Conselho Coordenador do Ensino, da Pesquisa e da Extens\u00e3o da Universidade Federal de Pelotas torna a se manifestar em raz\u00e3o do que prev\u00ea o Art. 206 da Constitui\u00e7\u00e3o Federal sobre a liberdade de c\u00e1tedra e liberdade de aprender e ensinar, como j\u00e1 havia\u2026","rel":"","context":"Em &quot;Lutas&quot;","block_context":{"text":"Lutas","link":"https:\/\/wp.ufpel.edu.br\/leppais\/category\/lutas\/"},"img":{"alt_text":"","src":"","width":0,"height":0},"classes":[]}],"jetpack_likes_enabled":true,"_links":{"self":[{"href":"https:\/\/wp.ufpel.edu.br\/leppais\/wp-json\/wp\/v2\/posts\/793","targetHints":{"allow":["GET"]}}],"collection":[{"href":"https:\/\/wp.ufpel.edu.br\/leppais\/wp-json\/wp\/v2\/posts"}],"about":[{"href":"https:\/\/wp.ufpel.edu.br\/leppais\/wp-json\/wp\/v2\/types\/post"}],"author":[{"embeddable":true,"href":"https:\/\/wp.ufpel.edu.br\/leppais\/wp-json\/wp\/v2\/users\/641"}],"replies":[{"embeddable":true,"href":"https:\/\/wp.ufpel.edu.br\/leppais\/wp-json\/wp\/v2\/comments?post=793"}],"version-history":[{"count":0,"href":"https:\/\/wp.ufpel.edu.br\/leppais\/wp-json\/wp\/v2\/posts\/793\/revisions"}],"wp:attachment":[{"href":"https:\/\/wp.ufpel.edu.br\/leppais\/wp-json\/wp\/v2\/media?parent=793"}],"wp:term":[{"taxonomy":"category","embeddable":true,"href":"https:\/\/wp.ufpel.edu.br\/leppais\/wp-json\/wp\/v2\/categories?post=793"},{"taxonomy":"post_tag","embeddable":true,"href":"https:\/\/wp.ufpel.edu.br\/leppais\/wp-json\/wp\/v2\/tags?post=793"}],"curies":[{"name":"wp","href":"https:\/\/api.w.org\/{rel}","templated":true}]}}