{"id":620,"date":"2016-10-08T14:27:58","date_gmt":"2016-10-08T17:27:58","guid":{"rendered":"https:\/\/leppais.wordpress.com\/?p=620"},"modified":"2016-10-08T14:27:58","modified_gmt":"2016-10-08T17:27:58","slug":"confraternizacao-grapeti-e-geeur","status":"publish","type":"post","link":"https:\/\/wp.ufpel.edu.br\/leppais\/2016\/10\/08\/confraternizacao-grapeti-e-geeur\/","title":{"rendered":"Confraterniza\u00e7\u00e3o GRAPETI e GEEUR"},"content":{"rendered":"<p>Festa de confraterniza\u00e7\u00e3o entre o GRAPETI (Grupo de Apoio \u00e0 Pesquisa Etnogr\u00e1fica com Imagem) e o GEEUR (Grupo de Estudos Etnogr\u00e1ficos Urbanos) em decorr\u00eancia da participa\u00e7\u00e3o de discentes e docentes na SIEPE (Congresso cient\u00edfico da UFPel que envolve inicia\u00e7\u00e3o cient\u00edfica &#8211; CIC, ensino de gradua\u00e7\u00e3o &#8211; CEG, extens\u00e3o e cultura &#8211; CEC e ensino de p\u00f3s gradua\u00e7\u00e3o &#8211; ENPOS). Muitos dos trabalhos apresentados pelos alunos foram destaques dentro de suas modalidades.<br \/>\nParab\u00e9ns a todas\/os envolvidas\/os!<\/p>\n<div class=\"tiled-gallery type-square tiled-gallery-unresized\" data-original-width=\"584\" data-carousel-extra='{&quot;blog_id&quot;:939,&quot;permalink&quot;:&quot;https:\\\/\\\/wp.ufpel.edu.br\\\/leppais\\\/2016\\\/10\\\/08\\\/confraternizacao-grapeti-e-geeur\\\/&quot;,&quot;likes_blog_id&quot;:156089364}' itemscope itemtype=\"http:\/\/schema.org\/ImageGallery\" > <div class=\"gallery-row\" style=\"width: 584px; height: 292px;\" data-original-width=\"584\" data-original-height=\"292\" > <div class=\"gallery-group\" style=\"width: 292px; height: 292px;\" data-original-width=\"292\" data-original-height=\"292\" > <div class=\"tiled-gallery-item \" itemprop=\"associatedMedia\" itemscope itemtype=\"http:\/\/schema.org\/ImageObject\"> <a href=\"https:\/\/wp.ufpel.edu.br\/leppais\/2016\/10\/08\/confraternizacao-grapeti-e-geeur\/festasiepecegciccec\/\" border=\"0\" itemprop=\"url\"> <meta itemprop=\"width\" content=\"288\"> <meta itemprop=\"height\" content=\"288\"> <img decoding=\"async\" class=\"\" data-attachment-id=\"622\" data-orig-file=\"https:\/\/wp.ufpel.edu.br\/leppais\/files\/2016\/10\/festasiepecegciccec.gif\" data-orig-size=\"720,398\" data-comments-opened=\"\" data-image-meta=\"{&quot;aperture&quot;:&quot;0&quot;,&quot;credit&quot;:&quot;&quot;,&quot;camera&quot;:&quot;&quot;,&quot;caption&quot;:&quot;&quot;,&quot;created_timestamp&quot;:&quot;0&quot;,&quot;copyright&quot;:&quot;&quot;,&quot;focal_length&quot;:&quot;0&quot;,&quot;iso&quot;:&quot;0&quot;,&quot;shutter_speed&quot;:&quot;0&quot;,&quot;title&quot;:&quot;&quot;,&quot;orientation&quot;:&quot;0&quot;}\" data-image-title=\"festasiepecegciccec\" data-image-description=\"\" data-medium-file=\"https:\/\/i0.wp.com\/wp.ufpel.edu.br\/leppais\/files\/2016\/10\/festasiepecegciccec.gif?fit=300%2C166&#038;ssl=1\" data-large-file=\"https:\/\/i0.wp.com\/wp.ufpel.edu.br\/leppais\/files\/2016\/10\/festasiepecegciccec.gif?fit=584%2C323&#038;ssl=1\" src=\"https:\/\/i0.wp.com\/wp.ufpel.edu.br\/leppais\/files\/2016\/10\/festasiepecegciccec.gif?w=288&#038;h=288&#038;crop=1&#038;ssl=1\" width=\"288\" height=\"288\" loading=\"lazy\" data-original-width=\"288\" data-original-height=\"288\" itemprop=\"http:\/\/schema.org\/image\" title=\"festasiepecegciccec\" alt=\"festasiepecegciccec\" style=\"width: 288px; height: 288px;\" \/> <\/a> <\/div> <\/div> <div class=\"gallery-group\" style=\"width: 292px; height: 292px;\" data-original-width=\"292\" data-original-height=\"292\" > <div class=\"tiled-gallery-item \" itemprop=\"associatedMedia\" itemscope itemtype=\"http:\/\/schema.org\/ImageObject\"> <a href=\"https:\/\/wp.ufpel.edu.br\/leppais\/2016\/10\/08\/confraternizacao-grapeti-e-geeur\/dsc03237\/\" border=\"0\" itemprop=\"url\"> <meta itemprop=\"width\" content=\"288\"> <meta itemprop=\"height\" content=\"288\"> <img decoding=\"async\" class=\"\" data-attachment-id=\"623\" data-orig-file=\"https:\/\/wp.ufpel.edu.br\/leppais\/files\/2016\/10\/dsc03237.jpg\" data-orig-size=\"2592,1944\" data-comments-opened=\"\" data-image-meta=\"{&quot;aperture&quot;:&quot;3.5&quot;,&quot;credit&quot;:&quot;&quot;,&quot;camera&quot;:&quot;DSC-HX300&quot;,&quot;caption&quot;:&quot;&quot;,&quot;created_timestamp&quot;:&quot;1483468336&quot;,&quot;copyright&quot;:&quot;&quot;,&quot;focal_length&quot;:&quot;10.61&quot;,&quot;iso&quot;:&quot;800&quot;,&quot;shutter_speed&quot;:&quot;0.025&quot;,&quot;title&quot;:&quot;&quot;,&quot;orientation&quot;:&quot;1&quot;}\" data-image-title=\"dsc03237\" data-image-description=\"\" data-medium-file=\"https:\/\/i0.wp.com\/wp.ufpel.edu.br\/leppais\/files\/2016\/10\/dsc03237.jpg?fit=300%2C225&#038;ssl=1\" data-large-file=\"https:\/\/i0.wp.com\/wp.ufpel.edu.br\/leppais\/files\/2016\/10\/dsc03237.jpg?fit=584%2C438&#038;ssl=1\" src=\"https:\/\/i0.wp.com\/wp.ufpel.edu.br\/leppais\/files\/2016\/10\/dsc03237.jpg?w=288&#038;h=288&#038;crop=1&#038;ssl=1\" srcset=\"https:\/\/i0.wp.com\/wp.ufpel.edu.br\/leppais\/files\/2016\/10\/dsc03237.jpg?resize=150%2C150&amp;ssl=1 150w, https:\/\/i0.wp.com\/wp.ufpel.edu.br\/leppais\/files\/2016\/10\/dsc03237.jpg?resize=50%2C50&amp;ssl=1 50w, https:\/\/i0.wp.com\/wp.ufpel.edu.br\/leppais\/files\/2016\/10\/dsc03237.jpg?zoom=2&amp;resize=288%2C288&amp;ssl=1 576w, https:\/\/i0.wp.com\/wp.ufpel.edu.br\/leppais\/files\/2016\/10\/dsc03237.jpg?zoom=3&amp;resize=288%2C288&amp;ssl=1 864w\" width=\"288\" height=\"288\" loading=\"lazy\" data-original-width=\"288\" data-original-height=\"288\" itemprop=\"http:\/\/schema.org\/image\" title=\"dsc03237\" alt=\"dsc03237\" style=\"width: 288px; height: 288px;\" \/> <\/a> <\/div> <\/div> <\/div> <div class=\"gallery-row\" style=\"width: 584px; height: 194px;\" data-original-width=\"584\" data-original-height=\"194\" > <div class=\"gallery-group\" style=\"width: 194px; height: 194px;\" data-original-width=\"194\" data-original-height=\"194\" > <div class=\"tiled-gallery-item \" itemprop=\"associatedMedia\" itemscope itemtype=\"http:\/\/schema.org\/ImageObject\"> <a href=\"https:\/\/wp.ufpel.edu.br\/leppais\/2016\/10\/08\/confraternizacao-grapeti-e-geeur\/dsc03238\/\" border=\"0\" itemprop=\"url\"> <meta itemprop=\"width\" content=\"190\"> <meta itemprop=\"height\" content=\"190\"> <img decoding=\"async\" class=\"\" data-attachment-id=\"624\" data-orig-file=\"https:\/\/wp.ufpel.edu.br\/leppais\/files\/2016\/10\/dsc03238.jpg\" data-orig-size=\"2592,1944\" data-comments-opened=\"\" data-image-meta=\"{&quot;aperture&quot;:&quot;2.8&quot;,&quot;credit&quot;:&quot;&quot;,&quot;camera&quot;:&quot;DSC-HX300&quot;,&quot;caption&quot;:&quot;&quot;,&quot;created_timestamp&quot;:&quot;1483468349&quot;,&quot;copyright&quot;:&quot;&quot;,&quot;focal_length&quot;:&quot;4.3&quot;,&quot;iso&quot;:&quot;400&quot;,&quot;shutter_speed&quot;:&quot;0.033333333333333&quot;,&quot;title&quot;:&quot;&quot;,&quot;orientation&quot;:&quot;1&quot;}\" data-image-title=\"dsc03238\" data-image-description=\"\" data-medium-file=\"https:\/\/i0.wp.com\/wp.ufpel.edu.br\/leppais\/files\/2016\/10\/dsc03238.jpg?fit=300%2C225&#038;ssl=1\" data-large-file=\"https:\/\/i0.wp.com\/wp.ufpel.edu.br\/leppais\/files\/2016\/10\/dsc03238.jpg?fit=584%2C438&#038;ssl=1\" src=\"https:\/\/i0.wp.com\/wp.ufpel.edu.br\/leppais\/files\/2016\/10\/dsc03238.jpg?w=190&#038;h=190&#038;crop=1&#038;ssl=1\" srcset=\"https:\/\/i0.wp.com\/wp.ufpel.edu.br\/leppais\/files\/2016\/10\/dsc03238.jpg?resize=150%2C150&amp;ssl=1 150w, https:\/\/i0.wp.com\/wp.ufpel.edu.br\/leppais\/files\/2016\/10\/dsc03238.jpg?resize=50%2C50&amp;ssl=1 50w, https:\/\/i0.wp.com\/wp.ufpel.edu.br\/leppais\/files\/2016\/10\/dsc03238.jpg?zoom=2&amp;resize=190%2C190&amp;ssl=1 380w, https:\/\/i0.wp.com\/wp.ufpel.edu.br\/leppais\/files\/2016\/10\/dsc03238.jpg?zoom=3&amp;resize=190%2C190&amp;ssl=1 570w\" width=\"190\" height=\"190\" loading=\"lazy\" data-original-width=\"190\" data-original-height=\"190\" itemprop=\"http:\/\/schema.org\/image\" title=\"dsc03238\" alt=\"dsc03238\" style=\"width: 190px; height: 190px;\" \/> <\/a> <\/div> <\/div> <div class=\"gallery-group\" style=\"width: 194px; height: 194px;\" data-original-width=\"194\" data-original-height=\"194\" > <div class=\"tiled-gallery-item \" itemprop=\"associatedMedia\" itemscope itemtype=\"http:\/\/schema.org\/ImageObject\"> <a href=\"https:\/\/wp.ufpel.edu.br\/leppais\/2016\/10\/08\/confraternizacao-grapeti-e-geeur\/dsc03239\/\" border=\"0\" itemprop=\"url\"> <meta itemprop=\"width\" content=\"190\"> <meta itemprop=\"height\" content=\"190\"> <img decoding=\"async\" class=\"\" data-attachment-id=\"625\" data-orig-file=\"https:\/\/wp.ufpel.edu.br\/leppais\/files\/2016\/10\/dsc03239.jpg\" data-orig-size=\"2592,1944\" data-comments-opened=\"\" data-image-meta=\"{&quot;aperture&quot;:&quot;3.5&quot;,&quot;credit&quot;:&quot;&quot;,&quot;camera&quot;:&quot;DSC-HX300&quot;,&quot;caption&quot;:&quot;&quot;,&quot;created_timestamp&quot;:&quot;1483468357&quot;,&quot;copyright&quot;:&quot;&quot;,&quot;focal_length&quot;:&quot;9.03&quot;,&quot;iso&quot;:&quot;800&quot;,&quot;shutter_speed&quot;:&quot;0.02&quot;,&quot;title&quot;:&quot;&quot;,&quot;orientation&quot;:&quot;1&quot;}\" data-image-title=\"dsc03239\" data-image-description=\"\" data-medium-file=\"https:\/\/i0.wp.com\/wp.ufpel.edu.br\/leppais\/files\/2016\/10\/dsc03239.jpg?fit=300%2C225&#038;ssl=1\" data-large-file=\"https:\/\/i0.wp.com\/wp.ufpel.edu.br\/leppais\/files\/2016\/10\/dsc03239.jpg?fit=584%2C438&#038;ssl=1\" src=\"https:\/\/i0.wp.com\/wp.ufpel.edu.br\/leppais\/files\/2016\/10\/dsc03239.jpg?w=190&#038;h=190&#038;crop=1&#038;ssl=1\" srcset=\"https:\/\/i0.wp.com\/wp.ufpel.edu.br\/leppais\/files\/2016\/10\/dsc03239.jpg?resize=150%2C150&amp;ssl=1 150w, https:\/\/i0.wp.com\/wp.ufpel.edu.br\/leppais\/files\/2016\/10\/dsc03239.jpg?resize=50%2C50&amp;ssl=1 50w, https:\/\/i0.wp.com\/wp.ufpel.edu.br\/leppais\/files\/2016\/10\/dsc03239.jpg?zoom=2&amp;resize=190%2C190&amp;ssl=1 380w, https:\/\/i0.wp.com\/wp.ufpel.edu.br\/leppais\/files\/2016\/10\/dsc03239.jpg?zoom=3&amp;resize=190%2C190&amp;ssl=1 570w\" width=\"190\" height=\"190\" loading=\"lazy\" data-original-width=\"190\" data-original-height=\"190\" itemprop=\"http:\/\/schema.org\/image\" title=\"dsc03239\" alt=\"dsc03239\" style=\"width: 190px; height: 190px;\" \/> <\/a> <\/div> <\/div> <div class=\"gallery-group\" style=\"width: 194px; height: 194px;\" data-original-width=\"194\" data-original-height=\"194\" > <div class=\"tiled-gallery-item \" itemprop=\"associatedMedia\" itemscope itemtype=\"http:\/\/schema.org\/ImageObject\"> <a href=\"https:\/\/wp.ufpel.edu.br\/leppais\/2016\/10\/08\/confraternizacao-grapeti-e-geeur\/dsc03242\/\" border=\"0\" itemprop=\"url\"> <meta itemprop=\"width\" content=\"190\"> <meta itemprop=\"height\" content=\"190\"> <img decoding=\"async\" class=\"\" data-attachment-id=\"626\" data-orig-file=\"https:\/\/wp.ufpel.edu.br\/leppais\/files\/2016\/10\/dsc03242.jpg\" data-orig-size=\"2592,1944\" data-comments-opened=\"\" data-image-meta=\"{&quot;aperture&quot;:&quot;4&quot;,&quot;credit&quot;:&quot;&quot;,&quot;camera&quot;:&quot;DSC-HX300&quot;,&quot;caption&quot;:&quot;&quot;,&quot;created_timestamp&quot;:&quot;1483468384&quot;,&quot;copyright&quot;:&quot;&quot;,&quot;focal_length&quot;:&quot;17.9&quot;,&quot;iso&quot;:&quot;800&quot;,&quot;shutter_speed&quot;:&quot;0.033333333333333&quot;,&quot;title&quot;:&quot;&quot;,&quot;orientation&quot;:&quot;1&quot;}\" data-image-title=\"dsc03242\" data-image-description=\"\" data-medium-file=\"https:\/\/i0.wp.com\/wp.ufpel.edu.br\/leppais\/files\/2016\/10\/dsc03242.jpg?fit=300%2C225&#038;ssl=1\" data-large-file=\"https:\/\/i0.wp.com\/wp.ufpel.edu.br\/leppais\/files\/2016\/10\/dsc03242.jpg?fit=584%2C438&#038;ssl=1\" src=\"https:\/\/i0.wp.com\/wp.ufpel.edu.br\/leppais\/files\/2016\/10\/dsc03242.jpg?w=190&#038;h=190&#038;crop=1&#038;ssl=1\" srcset=\"https:\/\/i0.wp.com\/wp.ufpel.edu.br\/leppais\/files\/2016\/10\/dsc03242.jpg?resize=150%2C150&amp;ssl=1 150w, https:\/\/i0.wp.com\/wp.ufpel.edu.br\/leppais\/files\/2016\/10\/dsc03242.jpg?resize=50%2C50&amp;ssl=1 50w, https:\/\/i0.wp.com\/wp.ufpel.edu.br\/leppais\/files\/2016\/10\/dsc03242.jpg?zoom=2&amp;resize=190%2C190&amp;ssl=1 380w, https:\/\/i0.wp.com\/wp.ufpel.edu.br\/leppais\/files\/2016\/10\/dsc03242.jpg?zoom=3&amp;resize=190%2C190&amp;ssl=1 570w\" width=\"190\" height=\"190\" loading=\"lazy\" data-original-width=\"190\" data-original-height=\"190\" itemprop=\"http:\/\/schema.org\/image\" title=\"dsc03242\" alt=\"dsc03242\" style=\"width: 190px; height: 190px;\" \/> <\/a> <\/div> <\/div> <\/div> <\/div>\n","protected":false},"excerpt":{"rendered":"<p>Festa de confraterniza\u00e7\u00e3o entre o GRAPETI (Grupo de Apoio \u00e0 Pesquisa Etnogr\u00e1fica com Imagem) e o GEEUR (Grupo de Estudos Etnogr\u00e1ficos Urbanos) em decorr\u00eancia da participa\u00e7\u00e3o de discentes e docentes na SIEPE (Congresso cient\u00edfico da UFPel que envolve inicia\u00e7\u00e3o cient\u00edfica &hellip; <a href=\"https:\/\/wp.ufpel.edu.br\/leppais\/2016\/10\/08\/confraternizacao-grapeti-e-geeur\/\">Continue lendo <span class=\"meta-nav\">&rarr;<\/span><\/a><\/p>\n","protected":false},"author":641,"featured_media":0,"comment_status":"open","ping_status":"open","sticky":false,"template":"","format":"standard","meta":{"advanced_seo_description":"","jetpack_seo_html_title":"","jetpack_seo_noindex":false,"jetpack_post_was_ever_published":false,"_jetpack_newsletter_access":"","_jetpack_dont_email_post_to_subs":false,"_jetpack_newsletter_tier_id":0,"_jetpack_memberships_contains_paywalled_content":false,"_jetpack_memberships_contains_paid_content":false,"footnotes":"","jetpack_publicize_message":"","jetpack_publicize_feature_enabled":true,"jetpack_social_post_already_shared":true,"jetpack_social_options":{"image_generator_settings":{"template":"highway","default_image_id":0,"font":"","enabled":false},"version":2}},"categories":[10],"tags":[],"class_list":["post-620","post","type-post","status-publish","format-standard","hentry","category-grapeti"],"jetpack_publicize_connections":[],"jetpack_featured_media_url":"","jetpack_sharing_enabled":true,"jetpack_shortlink":"https:\/\/wp.me\/payVYo-a0","jetpack-related-posts":[{"id":636,"url":"https:\/\/wp.ufpel.edu.br\/leppais\/2016\/10\/22\/grapeti-com-a-presenca-de-luana-schiavon\/","url_meta":{"origin":620,"position":0},"title":"GRAPETI &#8211; com a presen\u00e7a de Luana Schiavon","author":"antropologia","date":"22\/10\/2016","format":false,"excerpt":"GRAPETI dia 21\/10\/2016 com a convidada Luana Schiavon, apresentando sua exposi\u00e7\u00e3o de fotografias\u00a0intitulada \"Sensibilidade e Educa\u00e7\u00e3o\", que est\u00e1 no corredor do ICH (Instituto de Ci\u00eancias Humanas - UFPel). A Patr\u00edcia Pinheiro tamb\u00e9m conversou\u00a0conosco sobre a sua atual pesquisa com o t\u00edtulo \"Objetos e Imagens, Saberes e Sabos da Col\u00f4nia: algumas\u2026","rel":"","context":"Em &quot;GRAPETI&quot;","block_context":{"text":"GRAPETI","link":"https:\/\/wp.ufpel.edu.br\/leppais\/category\/grapeti\/"},"img":{"alt_text":"","src":"https:\/\/i0.wp.com\/wp.ufpel.edu.br\/leppais\/files\/2016\/10\/dsc03966.jpg?resize=350%2C200","width":350,"height":200,"srcset":"https:\/\/i0.wp.com\/wp.ufpel.edu.br\/leppais\/files\/2016\/10\/dsc03966.jpg?resize=350%2C200 1x, https:\/\/i0.wp.com\/wp.ufpel.edu.br\/leppais\/files\/2016\/10\/dsc03966.jpg?resize=525%2C300 1.5x, https:\/\/i0.wp.com\/wp.ufpel.edu.br\/leppais\/files\/2016\/10\/dsc03966.jpg?resize=700%2C400 2x, https:\/\/i0.wp.com\/wp.ufpel.edu.br\/leppais\/files\/2016\/10\/dsc03966.jpg?resize=1050%2C600 3x, https:\/\/i0.wp.com\/wp.ufpel.edu.br\/leppais\/files\/2016\/10\/dsc03966.jpg?resize=1400%2C800 4x"},"classes":[]},{"id":573,"url":"https:\/\/wp.ufpel.edu.br\/leppais\/2016\/09\/02\/grapeti-com-a-presenca-de-marta-denise-da-rosa-jardim\/","url_meta":{"origin":620,"position":1},"title":"GRAPETI &#8211; Com a presen\u00e7a de Marta Denise da Rosa Jardim","author":"antropologia","date":"02\/09\/2016","format":false,"excerpt":"","rel":"","context":"Em &quot;GRAPETI&quot;","block_context":{"text":"GRAPETI","link":"https:\/\/wp.ufpel.edu.br\/leppais\/category\/grapeti\/"},"img":{"alt_text":"","src":"https:\/\/i0.wp.com\/wp.ufpel.edu.br\/leppais\/files\/2016\/09\/14079508_1036495436464697_5432019714451718965_n.jpg?resize=350%2C200","width":350,"height":200},"classes":[]},{"id":628,"url":"https:\/\/wp.ufpel.edu.br\/leppais\/2016\/10\/10\/grapeti-com-a-presenca-de-sophia-pinheiro\/","url_meta":{"origin":620,"position":2},"title":"GRAPETI &#8211; com a presen\u00e7a de Sophia Pinheiro","author":"antropologia","date":"10\/10\/2016","format":false,"excerpt":"GRAPETI dia 08\/10\/2016 com a convidada Sophia Pinheiro, que conversou conosco sobre seu ensaio \"Notas de Falecimento: o obitu\u00e1rio do Estado Brasileiro em circula\u00e7\u00e3o\", apresentado no Pr\u00eamio Pierre Verger (30\u00aa RBA).","rel":"","context":"Em &quot;GRAPETI&quot;","block_context":{"text":"GRAPETI","link":"https:\/\/wp.ufpel.edu.br\/leppais\/category\/grapeti\/"},"img":{"alt_text":"","src":"https:\/\/i0.wp.com\/wp.ufpel.edu.br\/leppais\/files\/2016\/10\/161007grapeti01.jpg?resize=350%2C200","width":350,"height":200,"srcset":"https:\/\/i0.wp.com\/wp.ufpel.edu.br\/leppais\/files\/2016\/10\/161007grapeti01.jpg?resize=350%2C200 1x, https:\/\/i0.wp.com\/wp.ufpel.edu.br\/leppais\/files\/2016\/10\/161007grapeti01.jpg?resize=525%2C300 1.5x, https:\/\/i0.wp.com\/wp.ufpel.edu.br\/leppais\/files\/2016\/10\/161007grapeti01.jpg?resize=700%2C400 2x, https:\/\/i0.wp.com\/wp.ufpel.edu.br\/leppais\/files\/2016\/10\/161007grapeti01.jpg?resize=1050%2C600 3x, https:\/\/i0.wp.com\/wp.ufpel.edu.br\/leppais\/files\/2016\/10\/161007grapeti01.jpg?resize=1400%2C800 4x"},"classes":[]},{"id":422,"url":"https:\/\/wp.ufpel.edu.br\/leppais\/2016\/05\/11\/visita-exposicao-nature-por-jerome-rehel\/","url_meta":{"origin":620,"position":3},"title":"Visita exposi\u00e7\u00e3o &#8220;Nature&#8221; &#8211; por J\u00e9r\u00f4me Rehel","author":"antropologia","date":"11\/05\/2016","format":false,"excerpt":"Visita coletiva do GRAPETI e da Oficina da Imagem e Som \u00e0 exposi\u00e7\u00e3o Nature, de J\u00e9r\u00f4me Rehel, na galeria \u00c1gape, na sexta-feira, dia 06\/05\/2016.","rel":"","context":"Em &quot;GRAPETI&quot;","block_context":{"text":"GRAPETI","link":"https:\/\/wp.ufpel.edu.br\/leppais\/category\/grapeti\/"},"img":{"alt_text":"","src":"https:\/\/i0.wp.com\/wp.ufpel.edu.br\/leppais\/files\/2016\/05\/exposicao-jerome.jpg?resize=350%2C200&ssl=1","width":350,"height":200,"srcset":"https:\/\/i0.wp.com\/wp.ufpel.edu.br\/leppais\/files\/2016\/05\/exposicao-jerome.jpg?resize=350%2C200&ssl=1 1x, https:\/\/i0.wp.com\/wp.ufpel.edu.br\/leppais\/files\/2016\/05\/exposicao-jerome.jpg?resize=525%2C300&ssl=1 1.5x, https:\/\/i0.wp.com\/wp.ufpel.edu.br\/leppais\/files\/2016\/05\/exposicao-jerome.jpg?resize=700%2C400&ssl=1 2x"},"classes":[]},{"id":590,"url":"https:\/\/wp.ufpel.edu.br\/leppais\/2016\/09\/09\/grapeti-com-a-presenca-de-tiago-lemoes\/","url_meta":{"origin":620,"position":4},"title":"GRAPETI com a presen\u00e7a de Tiago Lem\u00f5es","author":"antropologia","date":"09\/09\/2016","format":false,"excerpt":"","rel":"","context":"Em &quot;GRAPETI&quot;","block_context":{"text":"GRAPETI","link":"https:\/\/wp.ufpel.edu.br\/leppais\/category\/grapeti\/"},"img":{"alt_text":"","src":"https:\/\/i0.wp.com\/wp.ufpel.edu.br\/leppais\/files\/2016\/09\/14199183_1046065888840985_4178374459346855836_n.jpg?resize=350%2C200","width":350,"height":200},"classes":[]},{"id":405,"url":"https:\/\/wp.ufpel.edu.br\/leppais\/2016\/04\/19\/selecao-bolsista-grapeti\/","url_meta":{"origin":620,"position":5},"title":"Sele\u00e7\u00e3o Bolsista GRAPETI","author":"antropologia","date":"19\/04\/2016","format":false,"excerpt":"EDITAL","rel":"","context":"Em &quot;Bolsa&quot;","block_context":{"text":"Bolsa","link":"https:\/\/wp.ufpel.edu.br\/leppais\/category\/bolsa\/"},"img":{"alt_text":"","src":"https:\/\/i0.wp.com\/wp.ufpel.edu.br\/leppais\/files\/2016\/04\/leppais_selecao_bolsista_2016.jpg?resize=350%2C200&ssl=1","width":350,"height":200,"srcset":"https:\/\/i0.wp.com\/wp.ufpel.edu.br\/leppais\/files\/2016\/04\/leppais_selecao_bolsista_2016.jpg?resize=350%2C200&ssl=1 1x, https:\/\/i0.wp.com\/wp.ufpel.edu.br\/leppais\/files\/2016\/04\/leppais_selecao_bolsista_2016.jpg?resize=525%2C300&ssl=1 1.5x, https:\/\/i0.wp.com\/wp.ufpel.edu.br\/leppais\/files\/2016\/04\/leppais_selecao_bolsista_2016.jpg?resize=700%2C400&ssl=1 2x"},"classes":[]}],"jetpack_likes_enabled":true,"_links":{"self":[{"href":"https:\/\/wp.ufpel.edu.br\/leppais\/wp-json\/wp\/v2\/posts\/620","targetHints":{"allow":["GET"]}}],"collection":[{"href":"https:\/\/wp.ufpel.edu.br\/leppais\/wp-json\/wp\/v2\/posts"}],"about":[{"href":"https:\/\/wp.ufpel.edu.br\/leppais\/wp-json\/wp\/v2\/types\/post"}],"author":[{"embeddable":true,"href":"https:\/\/wp.ufpel.edu.br\/leppais\/wp-json\/wp\/v2\/users\/641"}],"replies":[{"embeddable":true,"href":"https:\/\/wp.ufpel.edu.br\/leppais\/wp-json\/wp\/v2\/comments?post=620"}],"version-history":[{"count":0,"href":"https:\/\/wp.ufpel.edu.br\/leppais\/wp-json\/wp\/v2\/posts\/620\/revisions"}],"wp:attachment":[{"href":"https:\/\/wp.ufpel.edu.br\/leppais\/wp-json\/wp\/v2\/media?parent=620"}],"wp:term":[{"taxonomy":"category","embeddable":true,"href":"https:\/\/wp.ufpel.edu.br\/leppais\/wp-json\/wp\/v2\/categories?post=620"},{"taxonomy":"post_tag","embeddable":true,"href":"https:\/\/wp.ufpel.edu.br\/leppais\/wp-json\/wp\/v2\/tags?post=620"}],"curies":[{"name":"wp","href":"https:\/\/api.w.org\/{rel}","templated":true}]}}