{"id":573,"date":"2016-09-02T23:26:50","date_gmt":"2016-09-03T02:26:50","guid":{"rendered":"https:\/\/leppais.wordpress.com\/?p=573"},"modified":"2016-09-02T23:26:50","modified_gmt":"2016-09-03T02:26:50","slug":"grapeti-com-a-presenca-de-marta-denise-da-rosa-jardim","status":"publish","type":"post","link":"https:\/\/wp.ufpel.edu.br\/leppais\/2016\/09\/02\/grapeti-com-a-presenca-de-marta-denise-da-rosa-jardim\/","title":{"rendered":"GRAPETI &#8211; Com a presen\u00e7a de Marta Denise da Rosa Jardim"},"content":{"rendered":"<div class=\"tiled-gallery type-rectangular tiled-gallery-unresized\" data-original-width=\"584\" data-carousel-extra='{&quot;blog_id&quot;:939,&quot;permalink&quot;:&quot;https:\\\/\\\/wp.ufpel.edu.br\\\/leppais\\\/2016\\\/09\\\/02\\\/grapeti-com-a-presenca-de-marta-denise-da-rosa-jardim\\\/&quot;,&quot;likes_blog_id&quot;:156089364}' itemscope itemtype=\"http:\/\/schema.org\/ImageGallery\" > <div class=\"gallery-row\" style=\"width: 584px; height: 429px;\" data-original-width=\"584\" data-original-height=\"429\" > <div class=\"gallery-group images-1\" style=\"width: 358px; height: 429px;\" data-original-width=\"358\" data-original-height=\"429\" > <div class=\"tiled-gallery-item tiled-gallery-item-large\" itemprop=\"associatedMedia\" itemscope itemtype=\"http:\/\/schema.org\/ImageObject\"> <a href=\"https:\/\/wp.ufpel.edu.br\/leppais\/2016\/09\/02\/grapeti-com-a-presenca-de-marta-denise-da-rosa-jardim\/14079508_1036495436464697_5432019714451718965_n\/\" border=\"0\" itemprop=\"url\"> <meta itemprop=\"width\" content=\"354\"> <meta itemprop=\"height\" content=\"425\"> <img decoding=\"async\" class=\"\" data-attachment-id=\"575\" data-orig-file=\"https:\/\/wp.ufpel.edu.br\/leppais\/files\/2016\/09\/14079508_1036495436464697_5432019714451718965_n.jpg\" data-orig-size=\"329,395\" data-comments-opened=\"\" data-image-meta=\"{&quot;aperture&quot;:&quot;0&quot;,&quot;credit&quot;:&quot;&quot;,&quot;camera&quot;:&quot;&quot;,&quot;caption&quot;:&quot;&quot;,&quot;created_timestamp&quot;:&quot;0&quot;,&quot;copyright&quot;:&quot;&quot;,&quot;focal_length&quot;:&quot;0&quot;,&quot;iso&quot;:&quot;0&quot;,&quot;shutter_speed&quot;:&quot;0&quot;,&quot;title&quot;:&quot;&quot;,&quot;orientation&quot;:&quot;0&quot;}\" data-image-title=\"14079508_1036495436464697_5432019714451718965_n\" data-image-description=\"\" data-medium-file=\"https:\/\/i0.wp.com\/wp.ufpel.edu.br\/leppais\/files\/2016\/09\/14079508_1036495436464697_5432019714451718965_n.jpg?fit=250%2C300&#038;ssl=1\" data-large-file=\"https:\/\/i0.wp.com\/wp.ufpel.edu.br\/leppais\/files\/2016\/09\/14079508_1036495436464697_5432019714451718965_n.jpg?fit=329%2C395&#038;ssl=1\" src=\"https:\/\/i0.wp.com\/wp.ufpel.edu.br\/leppais\/files\/2016\/09\/14079508_1036495436464697_5432019714451718965_n.jpg?w=354&#038;h=425&#038;ssl=1\" srcset=\"https:\/\/i0.wp.com\/wp.ufpel.edu.br\/leppais\/files\/2016\/09\/14079508_1036495436464697_5432019714451718965_n.jpg?w=329&amp;ssl=1 329w, https:\/\/i0.wp.com\/wp.ufpel.edu.br\/leppais\/files\/2016\/09\/14079508_1036495436464697_5432019714451718965_n.jpg?resize=250%2C300&amp;ssl=1 250w\" width=\"354\" height=\"425\" loading=\"lazy\" data-original-width=\"354\" data-original-height=\"425\" itemprop=\"http:\/\/schema.org\/image\" title=\"14079508_1036495436464697_5432019714451718965_n\" alt=\"14079508_1036495436464697_5432019714451718965_n\" style=\"width: 354px; height: 425px;\" \/> <\/a> <\/div> <\/div> <!-- close group --> <div class=\"gallery-group images-3\" style=\"width: 226px; height: 429px;\" data-original-width=\"226\" data-original-height=\"429\" > <div class=\"tiled-gallery-item tiled-gallery-item-small\" itemprop=\"associatedMedia\" itemscope itemtype=\"http:\/\/schema.org\/ImageObject\"> <a href=\"https:\/\/wp.ufpel.edu.br\/leppais\/2016\/09\/02\/grapeti-com-a-presenca-de-marta-denise-da-rosa-jardim\/14207780_1084632978251878_6198981472639262306_o\/\" border=\"0\" itemprop=\"url\"> <meta itemprop=\"width\" content=\"222\"> <meta itemprop=\"height\" content=\"167\"> <img decoding=\"async\" class=\"\" data-attachment-id=\"576\" data-orig-file=\"https:\/\/wp.ufpel.edu.br\/leppais\/files\/2016\/09\/14207780_1084632978251878_6198981472639262306_o.jpg\" data-orig-size=\"2048,1536\" data-comments-opened=\"\" data-image-meta=\"{&quot;aperture&quot;:&quot;0&quot;,&quot;credit&quot;:&quot;&quot;,&quot;camera&quot;:&quot;&quot;,&quot;caption&quot;:&quot;&quot;,&quot;created_timestamp&quot;:&quot;0&quot;,&quot;copyright&quot;:&quot;&quot;,&quot;focal_length&quot;:&quot;0&quot;,&quot;iso&quot;:&quot;0&quot;,&quot;shutter_speed&quot;:&quot;0&quot;,&quot;title&quot;:&quot;&quot;,&quot;orientation&quot;:&quot;0&quot;}\" data-image-title=\"14207780_1084632978251878_6198981472639262306_o\" data-image-description=\"\" data-medium-file=\"https:\/\/i0.wp.com\/wp.ufpel.edu.br\/leppais\/files\/2016\/09\/14207780_1084632978251878_6198981472639262306_o.jpg?fit=300%2C225&#038;ssl=1\" data-large-file=\"https:\/\/i0.wp.com\/wp.ufpel.edu.br\/leppais\/files\/2016\/09\/14207780_1084632978251878_6198981472639262306_o.jpg?fit=584%2C438&#038;ssl=1\" src=\"https:\/\/i0.wp.com\/wp.ufpel.edu.br\/leppais\/files\/2016\/09\/14207780_1084632978251878_6198981472639262306_o.jpg?w=222&#038;h=167&#038;ssl=1\" srcset=\"https:\/\/i0.wp.com\/wp.ufpel.edu.br\/leppais\/files\/2016\/09\/14207780_1084632978251878_6198981472639262306_o.jpg?w=2048&amp;ssl=1 2048w, https:\/\/i0.wp.com\/wp.ufpel.edu.br\/leppais\/files\/2016\/09\/14207780_1084632978251878_6198981472639262306_o.jpg?resize=300%2C225&amp;ssl=1 300w, https:\/\/i0.wp.com\/wp.ufpel.edu.br\/leppais\/files\/2016\/09\/14207780_1084632978251878_6198981472639262306_o.jpg?resize=768%2C576&amp;ssl=1 768w, https:\/\/i0.wp.com\/wp.ufpel.edu.br\/leppais\/files\/2016\/09\/14207780_1084632978251878_6198981472639262306_o.jpg?resize=1024%2C768&amp;ssl=1 1024w, https:\/\/i0.wp.com\/wp.ufpel.edu.br\/leppais\/files\/2016\/09\/14207780_1084632978251878_6198981472639262306_o.jpg?resize=400%2C300&amp;ssl=1 400w, https:\/\/i0.wp.com\/wp.ufpel.edu.br\/leppais\/files\/2016\/09\/14207780_1084632978251878_6198981472639262306_o.jpg?w=1168&amp;ssl=1 1168w, https:\/\/i0.wp.com\/wp.ufpel.edu.br\/leppais\/files\/2016\/09\/14207780_1084632978251878_6198981472639262306_o.jpg?w=1752&amp;ssl=1 1752w\" width=\"222\" height=\"167\" loading=\"lazy\" data-original-width=\"222\" data-original-height=\"167\" itemprop=\"http:\/\/schema.org\/image\" title=\"14207780_1084632978251878_6198981472639262306_o\" alt=\"14207780_1084632978251878_6198981472639262306_o\" style=\"width: 222px; height: 167px;\" \/> <\/a> <\/div> <div class=\"tiled-gallery-item tiled-gallery-item-small\" itemprop=\"associatedMedia\" itemscope itemtype=\"http:\/\/schema.org\/ImageObject\"> <a href=\"https:\/\/wp.ufpel.edu.br\/leppais\/2016\/09\/02\/grapeti-com-a-presenca-de-marta-denise-da-rosa-jardim\/14232541_1041138472667060_7029970961006120916_n\/\" border=\"0\" itemprop=\"url\"> <meta itemprop=\"width\" content=\"222\"> <meta itemprop=\"height\" content=\"125\"> <img decoding=\"async\" class=\"\" data-attachment-id=\"577\" data-orig-file=\"https:\/\/wp.ufpel.edu.br\/leppais\/files\/2016\/09\/14232541_1041138472667060_7029970961006120916_n.jpg\" data-orig-size=\"960,540\" data-comments-opened=\"\" data-image-meta=\"{&quot;aperture&quot;:&quot;0&quot;,&quot;credit&quot;:&quot;&quot;,&quot;camera&quot;:&quot;&quot;,&quot;caption&quot;:&quot;&quot;,&quot;created_timestamp&quot;:&quot;0&quot;,&quot;copyright&quot;:&quot;&quot;,&quot;focal_length&quot;:&quot;0&quot;,&quot;iso&quot;:&quot;0&quot;,&quot;shutter_speed&quot;:&quot;0&quot;,&quot;title&quot;:&quot;&quot;,&quot;orientation&quot;:&quot;0&quot;}\" data-image-title=\"14232541_1041138472667060_7029970961006120916_n\" data-image-description=\"\" data-medium-file=\"https:\/\/i0.wp.com\/wp.ufpel.edu.br\/leppais\/files\/2016\/09\/14232541_1041138472667060_7029970961006120916_n.jpg?fit=300%2C169&#038;ssl=1\" data-large-file=\"https:\/\/i0.wp.com\/wp.ufpel.edu.br\/leppais\/files\/2016\/09\/14232541_1041138472667060_7029970961006120916_n.jpg?fit=584%2C329&#038;ssl=1\" src=\"https:\/\/i0.wp.com\/wp.ufpel.edu.br\/leppais\/files\/2016\/09\/14232541_1041138472667060_7029970961006120916_n.jpg?w=222&#038;h=125&#038;ssl=1\" srcset=\"https:\/\/i0.wp.com\/wp.ufpel.edu.br\/leppais\/files\/2016\/09\/14232541_1041138472667060_7029970961006120916_n.jpg?w=960&amp;ssl=1 960w, https:\/\/i0.wp.com\/wp.ufpel.edu.br\/leppais\/files\/2016\/09\/14232541_1041138472667060_7029970961006120916_n.jpg?resize=300%2C169&amp;ssl=1 300w, https:\/\/i0.wp.com\/wp.ufpel.edu.br\/leppais\/files\/2016\/09\/14232541_1041138472667060_7029970961006120916_n.jpg?resize=768%2C432&amp;ssl=1 768w, https:\/\/i0.wp.com\/wp.ufpel.edu.br\/leppais\/files\/2016\/09\/14232541_1041138472667060_7029970961006120916_n.jpg?resize=500%2C281&amp;ssl=1 500w\" width=\"222\" height=\"125\" loading=\"lazy\" data-original-width=\"222\" data-original-height=\"125\" itemprop=\"http:\/\/schema.org\/image\" title=\"14232541_1041138472667060_7029970961006120916_n\" alt=\"14232541_1041138472667060_7029970961006120916_n\" style=\"width: 222px; height: 125px;\" \/> <\/a> <\/div> <div class=\"tiled-gallery-item tiled-gallery-item-small\" itemprop=\"associatedMedia\" itemscope itemtype=\"http:\/\/schema.org\/ImageObject\"> <a href=\"https:\/\/wp.ufpel.edu.br\/leppais\/2016\/09\/02\/grapeti-com-a-presenca-de-marta-denise-da-rosa-jardim\/14237474_1041138476000393_735455063919211771_n\/\" border=\"0\" itemprop=\"url\"> <meta itemprop=\"width\" content=\"222\"> <meta itemprop=\"height\" content=\"125\"> <img decoding=\"async\" class=\"\" data-attachment-id=\"578\" data-orig-file=\"https:\/\/wp.ufpel.edu.br\/leppais\/files\/2016\/09\/14237474_1041138476000393_735455063919211771_n.jpg\" data-orig-size=\"960,540\" data-comments-opened=\"\" data-image-meta=\"{&quot;aperture&quot;:&quot;0&quot;,&quot;credit&quot;:&quot;&quot;,&quot;camera&quot;:&quot;&quot;,&quot;caption&quot;:&quot;&quot;,&quot;created_timestamp&quot;:&quot;0&quot;,&quot;copyright&quot;:&quot;&quot;,&quot;focal_length&quot;:&quot;0&quot;,&quot;iso&quot;:&quot;0&quot;,&quot;shutter_speed&quot;:&quot;0&quot;,&quot;title&quot;:&quot;&quot;,&quot;orientation&quot;:&quot;0&quot;}\" data-image-title=\"14237474_1041138476000393_735455063919211771_n\" data-image-description=\"\" data-medium-file=\"https:\/\/i0.wp.com\/wp.ufpel.edu.br\/leppais\/files\/2016\/09\/14237474_1041138476000393_735455063919211771_n.jpg?fit=300%2C169&#038;ssl=1\" data-large-file=\"https:\/\/i0.wp.com\/wp.ufpel.edu.br\/leppais\/files\/2016\/09\/14237474_1041138476000393_735455063919211771_n.jpg?fit=584%2C329&#038;ssl=1\" src=\"https:\/\/i0.wp.com\/wp.ufpel.edu.br\/leppais\/files\/2016\/09\/14237474_1041138476000393_735455063919211771_n.jpg?w=222&#038;h=125&#038;ssl=1\" srcset=\"https:\/\/i0.wp.com\/wp.ufpel.edu.br\/leppais\/files\/2016\/09\/14237474_1041138476000393_735455063919211771_n.jpg?w=960&amp;ssl=1 960w, https:\/\/i0.wp.com\/wp.ufpel.edu.br\/leppais\/files\/2016\/09\/14237474_1041138476000393_735455063919211771_n.jpg?resize=300%2C169&amp;ssl=1 300w, https:\/\/i0.wp.com\/wp.ufpel.edu.br\/leppais\/files\/2016\/09\/14237474_1041138476000393_735455063919211771_n.jpg?resize=768%2C432&amp;ssl=1 768w, https:\/\/i0.wp.com\/wp.ufpel.edu.br\/leppais\/files\/2016\/09\/14237474_1041138476000393_735455063919211771_n.jpg?resize=500%2C281&amp;ssl=1 500w\" width=\"222\" height=\"125\" loading=\"lazy\" data-original-width=\"222\" data-original-height=\"125\" itemprop=\"http:\/\/schema.org\/image\" title=\"14237474_1041138476000393_735455063919211771_n\" alt=\"14237474_1041138476000393_735455063919211771_n\" style=\"width: 222px; height: 125px;\" \/> <\/a> <\/div> <\/div> <!-- close group --> <\/div> <!-- close row --> <\/div>\n","protected":false},"excerpt":{"rendered":"","protected":false},"author":641,"featured_media":0,"comment_status":"open","ping_status":"open","sticky":false,"template":"","format":"standard","meta":{"advanced_seo_description":"","jetpack_seo_html_title":"","jetpack_seo_noindex":false,"jetpack_post_was_ever_published":false,"_jetpack_newsletter_access":"","_jetpack_dont_email_post_to_subs":false,"_jetpack_newsletter_tier_id":0,"_jetpack_memberships_contains_paywalled_content":false,"_jetpack_memberships_contains_paid_content":false,"footnotes":"","jetpack_publicize_message":"","jetpack_publicize_feature_enabled":true,"jetpack_social_post_already_shared":true,"jetpack_social_options":{"image_generator_settings":{"template":"highway","default_image_id":0,"font":"","enabled":false},"version":2}},"categories":[10],"tags":[],"class_list":["post-573","post","type-post","status-publish","format-standard","hentry","category-grapeti"],"jetpack_publicize_connections":[],"jetpack_featured_media_url":"","jetpack_sharing_enabled":true,"jetpack_shortlink":"https:\/\/wp.me\/payVYo-9f","jetpack-related-posts":[{"id":636,"url":"https:\/\/wp.ufpel.edu.br\/leppais\/2016\/10\/22\/grapeti-com-a-presenca-de-luana-schiavon\/","url_meta":{"origin":573,"position":0},"title":"GRAPETI &#8211; com a presen\u00e7a de Luana Schiavon","author":"antropologia","date":"22\/10\/2016","format":false,"excerpt":"GRAPETI dia 21\/10\/2016 com a convidada Luana Schiavon, apresentando sua exposi\u00e7\u00e3o de fotografias\u00a0intitulada \"Sensibilidade e Educa\u00e7\u00e3o\", que est\u00e1 no corredor do ICH (Instituto de Ci\u00eancias Humanas - UFPel). A Patr\u00edcia Pinheiro tamb\u00e9m conversou\u00a0conosco sobre a sua atual pesquisa com o t\u00edtulo \"Objetos e Imagens, Saberes e Sabos da Col\u00f4nia: algumas\u2026","rel":"","context":"Em &quot;GRAPETI&quot;","block_context":{"text":"GRAPETI","link":"https:\/\/wp.ufpel.edu.br\/leppais\/category\/grapeti\/"},"img":{"alt_text":"","src":"https:\/\/i0.wp.com\/wp.ufpel.edu.br\/leppais\/files\/2016\/10\/dsc03966.jpg?resize=350%2C200","width":350,"height":200,"srcset":"https:\/\/i0.wp.com\/wp.ufpel.edu.br\/leppais\/files\/2016\/10\/dsc03966.jpg?resize=350%2C200 1x, https:\/\/i0.wp.com\/wp.ufpel.edu.br\/leppais\/files\/2016\/10\/dsc03966.jpg?resize=525%2C300 1.5x, https:\/\/i0.wp.com\/wp.ufpel.edu.br\/leppais\/files\/2016\/10\/dsc03966.jpg?resize=700%2C400 2x, https:\/\/i0.wp.com\/wp.ufpel.edu.br\/leppais\/files\/2016\/10\/dsc03966.jpg?resize=1050%2C600 3x, https:\/\/i0.wp.com\/wp.ufpel.edu.br\/leppais\/files\/2016\/10\/dsc03966.jpg?resize=1400%2C800 4x"},"classes":[]},{"id":590,"url":"https:\/\/wp.ufpel.edu.br\/leppais\/2016\/09\/09\/grapeti-com-a-presenca-de-tiago-lemoes\/","url_meta":{"origin":573,"position":1},"title":"GRAPETI com a presen\u00e7a de Tiago Lem\u00f5es","author":"antropologia","date":"09\/09\/2016","format":false,"excerpt":"","rel":"","context":"Em &quot;GRAPETI&quot;","block_context":{"text":"GRAPETI","link":"https:\/\/wp.ufpel.edu.br\/leppais\/category\/grapeti\/"},"img":{"alt_text":"","src":"https:\/\/i0.wp.com\/wp.ufpel.edu.br\/leppais\/files\/2016\/09\/14199183_1046065888840985_4178374459346855836_n.jpg?resize=350%2C200","width":350,"height":200},"classes":[]},{"id":628,"url":"https:\/\/wp.ufpel.edu.br\/leppais\/2016\/10\/10\/grapeti-com-a-presenca-de-sophia-pinheiro\/","url_meta":{"origin":573,"position":2},"title":"GRAPETI &#8211; com a presen\u00e7a de Sophia Pinheiro","author":"antropologia","date":"10\/10\/2016","format":false,"excerpt":"GRAPETI dia 08\/10\/2016 com a convidada Sophia Pinheiro, que conversou conosco sobre seu ensaio \"Notas de Falecimento: o obitu\u00e1rio do Estado Brasileiro em circula\u00e7\u00e3o\", apresentado no Pr\u00eamio Pierre Verger (30\u00aa RBA).","rel":"","context":"Em &quot;GRAPETI&quot;","block_context":{"text":"GRAPETI","link":"https:\/\/wp.ufpel.edu.br\/leppais\/category\/grapeti\/"},"img":{"alt_text":"","src":"https:\/\/i0.wp.com\/wp.ufpel.edu.br\/leppais\/files\/2016\/10\/161007grapeti01.jpg?resize=350%2C200","width":350,"height":200,"srcset":"https:\/\/i0.wp.com\/wp.ufpel.edu.br\/leppais\/files\/2016\/10\/161007grapeti01.jpg?resize=350%2C200 1x, https:\/\/i0.wp.com\/wp.ufpel.edu.br\/leppais\/files\/2016\/10\/161007grapeti01.jpg?resize=525%2C300 1.5x, https:\/\/i0.wp.com\/wp.ufpel.edu.br\/leppais\/files\/2016\/10\/161007grapeti01.jpg?resize=700%2C400 2x, https:\/\/i0.wp.com\/wp.ufpel.edu.br\/leppais\/files\/2016\/10\/161007grapeti01.jpg?resize=1050%2C600 3x, https:\/\/i0.wp.com\/wp.ufpel.edu.br\/leppais\/files\/2016\/10\/161007grapeti01.jpg?resize=1400%2C800 4x"},"classes":[]},{"id":620,"url":"https:\/\/wp.ufpel.edu.br\/leppais\/2016\/10\/08\/confraternizacao-grapeti-e-geeur\/","url_meta":{"origin":573,"position":3},"title":"Confraterniza\u00e7\u00e3o GRAPETI e GEEUR","author":"antropologia","date":"08\/10\/2016","format":false,"excerpt":"Festa de confraterniza\u00e7\u00e3o entre o GRAPETI (Grupo de Apoio \u00e0 Pesquisa Etnogr\u00e1fica com Imagem) e o GEEUR (Grupo de Estudos Etnogr\u00e1ficos Urbanos) em decorr\u00eancia da participa\u00e7\u00e3o de discentes e docentes na SIEPE (Congresso cient\u00edfico da UFPel que envolve inicia\u00e7\u00e3o cient\u00edfica - CIC, ensino de gradua\u00e7\u00e3o - CEG, extens\u00e3o e cultura\u2026","rel":"","context":"Em &quot;GRAPETI&quot;","block_context":{"text":"GRAPETI","link":"https:\/\/wp.ufpel.edu.br\/leppais\/category\/grapeti\/"},"img":{"alt_text":"","src":"https:\/\/i0.wp.com\/wp.ufpel.edu.br\/leppais\/files\/2016\/10\/festasiepecegciccec.gif?resize=350%2C200","width":350,"height":200,"srcset":"https:\/\/i0.wp.com\/wp.ufpel.edu.br\/leppais\/files\/2016\/10\/festasiepecegciccec.gif?resize=350%2C200 1x, https:\/\/i0.wp.com\/wp.ufpel.edu.br\/leppais\/files\/2016\/10\/festasiepecegciccec.gif?resize=525%2C300 1.5x, https:\/\/i0.wp.com\/wp.ufpel.edu.br\/leppais\/files\/2016\/10\/festasiepecegciccec.gif?resize=700%2C400 2x"},"classes":[]},{"id":422,"url":"https:\/\/wp.ufpel.edu.br\/leppais\/2016\/05\/11\/visita-exposicao-nature-por-jerome-rehel\/","url_meta":{"origin":573,"position":4},"title":"Visita exposi\u00e7\u00e3o &#8220;Nature&#8221; &#8211; por J\u00e9r\u00f4me Rehel","author":"antropologia","date":"11\/05\/2016","format":false,"excerpt":"Visita coletiva do GRAPETI e da Oficina da Imagem e Som \u00e0 exposi\u00e7\u00e3o Nature, de J\u00e9r\u00f4me Rehel, na galeria \u00c1gape, na sexta-feira, dia 06\/05\/2016.","rel":"","context":"Em &quot;GRAPETI&quot;","block_context":{"text":"GRAPETI","link":"https:\/\/wp.ufpel.edu.br\/leppais\/category\/grapeti\/"},"img":{"alt_text":"","src":"https:\/\/i0.wp.com\/wp.ufpel.edu.br\/leppais\/files\/2016\/05\/exposicao-jerome.jpg?resize=350%2C200&ssl=1","width":350,"height":200,"srcset":"https:\/\/i0.wp.com\/wp.ufpel.edu.br\/leppais\/files\/2016\/05\/exposicao-jerome.jpg?resize=350%2C200&ssl=1 1x, https:\/\/i0.wp.com\/wp.ufpel.edu.br\/leppais\/files\/2016\/05\/exposicao-jerome.jpg?resize=525%2C300&ssl=1 1.5x, https:\/\/i0.wp.com\/wp.ufpel.edu.br\/leppais\/files\/2016\/05\/exposicao-jerome.jpg?resize=700%2C400&ssl=1 2x"},"classes":[]},{"id":405,"url":"https:\/\/wp.ufpel.edu.br\/leppais\/2016\/04\/19\/selecao-bolsista-grapeti\/","url_meta":{"origin":573,"position":5},"title":"Sele\u00e7\u00e3o Bolsista GRAPETI","author":"antropologia","date":"19\/04\/2016","format":false,"excerpt":"EDITAL","rel":"","context":"Em &quot;Bolsa&quot;","block_context":{"text":"Bolsa","link":"https:\/\/wp.ufpel.edu.br\/leppais\/category\/bolsa\/"},"img":{"alt_text":"","src":"https:\/\/i0.wp.com\/wp.ufpel.edu.br\/leppais\/files\/2016\/04\/leppais_selecao_bolsista_2016.jpg?resize=350%2C200&ssl=1","width":350,"height":200,"srcset":"https:\/\/i0.wp.com\/wp.ufpel.edu.br\/leppais\/files\/2016\/04\/leppais_selecao_bolsista_2016.jpg?resize=350%2C200&ssl=1 1x, https:\/\/i0.wp.com\/wp.ufpel.edu.br\/leppais\/files\/2016\/04\/leppais_selecao_bolsista_2016.jpg?resize=525%2C300&ssl=1 1.5x, https:\/\/i0.wp.com\/wp.ufpel.edu.br\/leppais\/files\/2016\/04\/leppais_selecao_bolsista_2016.jpg?resize=700%2C400&ssl=1 2x"},"classes":[]}],"jetpack_likes_enabled":true,"_links":{"self":[{"href":"https:\/\/wp.ufpel.edu.br\/leppais\/wp-json\/wp\/v2\/posts\/573","targetHints":{"allow":["GET"]}}],"collection":[{"href":"https:\/\/wp.ufpel.edu.br\/leppais\/wp-json\/wp\/v2\/posts"}],"about":[{"href":"https:\/\/wp.ufpel.edu.br\/leppais\/wp-json\/wp\/v2\/types\/post"}],"author":[{"embeddable":true,"href":"https:\/\/wp.ufpel.edu.br\/leppais\/wp-json\/wp\/v2\/users\/641"}],"replies":[{"embeddable":true,"href":"https:\/\/wp.ufpel.edu.br\/leppais\/wp-json\/wp\/v2\/comments?post=573"}],"version-history":[{"count":0,"href":"https:\/\/wp.ufpel.edu.br\/leppais\/wp-json\/wp\/v2\/posts\/573\/revisions"}],"wp:attachment":[{"href":"https:\/\/wp.ufpel.edu.br\/leppais\/wp-json\/wp\/v2\/media?parent=573"}],"wp:term":[{"taxonomy":"category","embeddable":true,"href":"https:\/\/wp.ufpel.edu.br\/leppais\/wp-json\/wp\/v2\/categories?post=573"},{"taxonomy":"post_tag","embeddable":true,"href":"https:\/\/wp.ufpel.edu.br\/leppais\/wp-json\/wp\/v2\/tags?post=573"}],"curies":[{"name":"wp","href":"https:\/\/api.w.org\/{rel}","templated":true}]}}