{"id":4327,"date":"2025-06-23T11:15:39","date_gmt":"2025-06-23T14:15:39","guid":{"rendered":"https:\/\/wp.ufpel.edu.br\/leppais\/?p=4327"},"modified":"2025-06-30T09:01:05","modified_gmt":"2025-06-30T12:01:05","slug":"antropoeticas-para-muito-alem-da-academia","status":"publish","type":"post","link":"https:\/\/wp.ufpel.edu.br\/leppais\/2025\/06\/23\/antropoeticas-para-muito-alem-da-academia\/","title":{"rendered":"ANTROPO\u00c9TICAS, para muito al\u00e9m da academia!"},"content":{"rendered":"<div class=\"tiled-gallery type-square tiled-gallery-unresized\" data-original-width=\"584\" data-carousel-extra='{&quot;blog_id&quot;:939,&quot;permalink&quot;:&quot;https:\\\/\\\/wp.ufpel.edu.br\\\/leppais\\\/2025\\\/06\\\/23\\\/antropoeticas-para-muito-alem-da-academia\\\/&quot;,&quot;likes_blog_id&quot;:156089364}' itemscope itemtype=\"http:\/\/schema.org\/ImageGallery\" > <div class=\"gallery-row\" style=\"width: 584px; height: 292px;\" data-original-width=\"584\" data-original-height=\"292\" > <div class=\"gallery-group\" style=\"width: 292px; height: 292px;\" data-original-width=\"292\" data-original-height=\"292\" > <div class=\"tiled-gallery-item \" itemprop=\"associatedMedia\" itemscope itemtype=\"http:\/\/schema.org\/ImageObject\"> <a href=\"https:\/\/wp.ufpel.edu.br\/leppais\/2025\/06\/23\/antropoeticas-para-muito-alem-da-academia\/palestra-educacao-e-empreendedorismo-post-2\/\" border=\"0\" itemprop=\"url\"> <meta itemprop=\"width\" content=\"288\"> <meta itemprop=\"height\" content=\"288\"> <img decoding=\"async\" class=\"\" data-attachment-id=\"4328\" data-orig-file=\"https:\/\/wp.ufpel.edu.br\/leppais\/files\/2025\/06\/Palestra-Educacao-e-Empreendedorismo-Post-2.png\" data-orig-size=\"1080,1080\" data-comments-opened=\"\" data-image-meta=\"{&quot;aperture&quot;:&quot;0&quot;,&quot;credit&quot;:&quot;&quot;,&quot;camera&quot;:&quot;&quot;,&quot;caption&quot;:&quot;&quot;,&quot;created_timestamp&quot;:&quot;0&quot;,&quot;copyright&quot;:&quot;&quot;,&quot;focal_length&quot;:&quot;0&quot;,&quot;iso&quot;:&quot;0&quot;,&quot;shutter_speed&quot;:&quot;0&quot;,&quot;title&quot;:&quot;&quot;,&quot;orientation&quot;:&quot;0&quot;}\" data-image-title=\"Palestra Educa\u00e7\u00e3o e Empreendedorismo Post (2)\" data-image-description=\"\" data-medium-file=\"https:\/\/i0.wp.com\/wp.ufpel.edu.br\/leppais\/files\/2025\/06\/Palestra-Educacao-e-Empreendedorismo-Post-2.png?fit=300%2C300&#038;ssl=1\" data-large-file=\"https:\/\/i0.wp.com\/wp.ufpel.edu.br\/leppais\/files\/2025\/06\/Palestra-Educacao-e-Empreendedorismo-Post-2.png?fit=584%2C584&#038;ssl=1\" src=\"https:\/\/i0.wp.com\/wp.ufpel.edu.br\/leppais\/files\/2025\/06\/Palestra-Educacao-e-Empreendedorismo-Post-2.png?w=288&#038;h=288&#038;crop=1&#038;ssl=1\" srcset=\"https:\/\/i0.wp.com\/wp.ufpel.edu.br\/leppais\/files\/2025\/06\/Palestra-Educacao-e-Empreendedorismo-Post-2.png?w=1080&amp;ssl=1 1080w, https:\/\/i0.wp.com\/wp.ufpel.edu.br\/leppais\/files\/2025\/06\/Palestra-Educacao-e-Empreendedorismo-Post-2.png?resize=300%2C300&amp;ssl=1 300w, https:\/\/i0.wp.com\/wp.ufpel.edu.br\/leppais\/files\/2025\/06\/Palestra-Educacao-e-Empreendedorismo-Post-2.png?resize=1024%2C1024&amp;ssl=1 1024w, https:\/\/i0.wp.com\/wp.ufpel.edu.br\/leppais\/files\/2025\/06\/Palestra-Educacao-e-Empreendedorismo-Post-2.png?resize=150%2C150&amp;ssl=1 150w, https:\/\/i0.wp.com\/wp.ufpel.edu.br\/leppais\/files\/2025\/06\/Palestra-Educacao-e-Empreendedorismo-Post-2.png?resize=768%2C768&amp;ssl=1 768w, https:\/\/i0.wp.com\/wp.ufpel.edu.br\/leppais\/files\/2025\/06\/Palestra-Educacao-e-Empreendedorismo-Post-2.png?resize=50%2C50&amp;ssl=1 50w\" width=\"288\" height=\"288\" loading=\"lazy\" data-original-width=\"288\" data-original-height=\"288\" itemprop=\"http:\/\/schema.org\/image\" title=\"Palestra Educa\u00e7\u00e3o e Empreendedorismo Post (2)\" alt=\"Palestra Educa\u00e7\u00e3o e Empreendedorismo Post (2)\" style=\"width: 288px; height: 288px;\" \/> <\/a> <\/div> <\/div> <div class=\"gallery-group\" style=\"width: 292px; height: 292px;\" data-original-width=\"292\" data-original-height=\"292\" > <div class=\"tiled-gallery-item \" itemprop=\"associatedMedia\" itemscope itemtype=\"http:\/\/schema.org\/ImageObject\"> <a href=\"https:\/\/wp.ufpel.edu.br\/leppais\/2025\/06\/23\/antropoeticas-para-muito-alem-da-academia\/whatsapp-image-2025-06-23-at-10-46-27\/\" border=\"0\" itemprop=\"url\"> <meta itemprop=\"width\" content=\"288\"> <meta itemprop=\"height\" content=\"288\"> <img decoding=\"async\" class=\"\" data-attachment-id=\"4330\" data-orig-file=\"https:\/\/wp.ufpel.edu.br\/leppais\/files\/2025\/06\/WhatsApp-Image-2025-06-23-at-10.46.27.jpeg\" data-orig-size=\"1080,1080\" data-comments-opened=\"\" data-image-meta=\"{&quot;aperture&quot;:&quot;0&quot;,&quot;credit&quot;:&quot;&quot;,&quot;camera&quot;:&quot;&quot;,&quot;caption&quot;:&quot;&quot;,&quot;created_timestamp&quot;:&quot;0&quot;,&quot;copyright&quot;:&quot;&quot;,&quot;focal_length&quot;:&quot;0&quot;,&quot;iso&quot;:&quot;0&quot;,&quot;shutter_speed&quot;:&quot;0&quot;,&quot;title&quot;:&quot;&quot;,&quot;orientation&quot;:&quot;0&quot;}\" data-image-title=\"WhatsApp Image 2025-06-23 at 10.46.27\" data-image-description=\"\" data-medium-file=\"https:\/\/i0.wp.com\/wp.ufpel.edu.br\/leppais\/files\/2025\/06\/WhatsApp-Image-2025-06-23-at-10.46.27.jpeg?fit=300%2C300&#038;ssl=1\" data-large-file=\"https:\/\/i0.wp.com\/wp.ufpel.edu.br\/leppais\/files\/2025\/06\/WhatsApp-Image-2025-06-23-at-10.46.27.jpeg?fit=584%2C584&#038;ssl=1\" src=\"https:\/\/i0.wp.com\/wp.ufpel.edu.br\/leppais\/files\/2025\/06\/WhatsApp-Image-2025-06-23-at-10.46.27.jpeg?w=288&#038;h=288&#038;crop=1&#038;ssl=1\" srcset=\"https:\/\/i0.wp.com\/wp.ufpel.edu.br\/leppais\/files\/2025\/06\/WhatsApp-Image-2025-06-23-at-10.46.27.jpeg?w=1080&amp;ssl=1 1080w, https:\/\/i0.wp.com\/wp.ufpel.edu.br\/leppais\/files\/2025\/06\/WhatsApp-Image-2025-06-23-at-10.46.27.jpeg?resize=300%2C300&amp;ssl=1 300w, https:\/\/i0.wp.com\/wp.ufpel.edu.br\/leppais\/files\/2025\/06\/WhatsApp-Image-2025-06-23-at-10.46.27.jpeg?resize=1024%2C1024&amp;ssl=1 1024w, https:\/\/i0.wp.com\/wp.ufpel.edu.br\/leppais\/files\/2025\/06\/WhatsApp-Image-2025-06-23-at-10.46.27.jpeg?resize=150%2C150&amp;ssl=1 150w, https:\/\/i0.wp.com\/wp.ufpel.edu.br\/leppais\/files\/2025\/06\/WhatsApp-Image-2025-06-23-at-10.46.27.jpeg?resize=768%2C768&amp;ssl=1 768w, https:\/\/i0.wp.com\/wp.ufpel.edu.br\/leppais\/files\/2025\/06\/WhatsApp-Image-2025-06-23-at-10.46.27.jpeg?resize=50%2C50&amp;ssl=1 50w\" width=\"288\" height=\"288\" loading=\"lazy\" data-original-width=\"288\" data-original-height=\"288\" itemprop=\"http:\/\/schema.org\/image\" title=\"WhatsApp Image 2025-06-23 at 10.46.27\" alt=\"WhatsApp Image 2025-06-23 at 10.46.27\" style=\"width: 288px; height: 288px;\" \/> <\/a> <\/div> <\/div> <\/div> <\/div>\n<p><span style=\"color: #333333;\">Dia 26\/06\/25 | 17h<\/span><br \/>\n<span style=\"color: #333333;\">Local: LEPPAIS\/ICH\/UFPel (Pelotas-RS) <\/span><br \/>\n<span style=\"color: #333333;\">e via web (solicitar link pelo e-mail: lab.leppais@gmail.com)<\/span><\/p>\n","protected":false},"excerpt":{"rendered":"<p>Dia 26\/06\/25 | 17h Local: LEPPAIS\/ICH\/UFPel (Pelotas-RS) e via web (solicitar link pelo e-mail: lab.leppais@gmail.com)<\/p>\n","protected":false},"author":641,"featured_media":0,"comment_status":"closed","ping_status":"closed","sticky":false,"template":"","format":"standard","meta":{"advanced_seo_description":"","jetpack_seo_html_title":"","jetpack_seo_noindex":false,"jetpack_post_was_ever_published":false,"_jetpack_newsletter_access":"","_jetpack_dont_email_post_to_subs":false,"_jetpack_newsletter_tier_id":0,"_jetpack_memberships_contains_paywalled_content":false,"_jetpack_memberships_contains_paid_content":false,"footnotes":"","jetpack_publicize_message":"","jetpack_publicize_feature_enabled":true,"jetpack_social_post_already_shared":true,"jetpack_social_options":{"image_generator_settings":{"template":"highway","default_image_id":0,"font":"","enabled":false},"version":2}},"categories":[2,7,24],"tags":[],"class_list":["post-4327","post","type-post","status-publish","format-standard","hentry","category-antropoeticas","category-convite","category-divulgacao"],"jetpack_publicize_connections":[],"jetpack_featured_media_url":"","jetpack_sharing_enabled":true,"jetpack_shortlink":"https:\/\/wp.me\/payVYo-17N","jetpack-related-posts":[{"id":4318,"url":"https:\/\/wp.ufpel.edu.br\/leppais\/2025\/06\/04\/oficinas-antropoeticas-narrativas-hibridas-um-fazer-po-etico\/","url_meta":{"origin":4327,"position":0},"title":"Oficinas Antropo\u00e9ticas: Narrativas hibridas: um fazer (po) \u00e9tico.","author":"antropologia","date":"04\/06\/2025","format":false,"excerpt":"O Antropo\u00e9ticas estar\u00e1 na XV Reuni\u00e3o de Antropologia do Mercosul, em Salvador\/BA, na Oficina Antropo\u00e9ticas e narrativas h\u00edbridas: um fazer (po)\u00e9tico. Inscri\u00e7\u00f5es pelo site https:\/\/www.ram2025.sinteseeventos.com.br\/","rel":"","context":"Em &quot;Antropo\u00e9ticas&quot;","block_context":{"text":"Antropo\u00e9ticas","link":"https:\/\/wp.ufpel.edu.br\/leppais\/category\/antropoeticas\/"},"img":{"alt_text":"","src":"https:\/\/i0.wp.com\/wp.ufpel.edu.br\/leppais\/files\/2025\/06\/WhatsApp-Image-2025-05-20-at-11.16.56.jpeg?resize=350%2C200","width":350,"height":200,"srcset":"https:\/\/i0.wp.com\/wp.ufpel.edu.br\/leppais\/files\/2025\/06\/WhatsApp-Image-2025-05-20-at-11.16.56.jpeg?resize=350%2C200 1x, https:\/\/i0.wp.com\/wp.ufpel.edu.br\/leppais\/files\/2025\/06\/WhatsApp-Image-2025-05-20-at-11.16.56.jpeg?resize=525%2C300 1.5x, https:\/\/i0.wp.com\/wp.ufpel.edu.br\/leppais\/files\/2025\/06\/WhatsApp-Image-2025-05-20-at-11.16.56.jpeg?resize=700%2C400 2x, https:\/\/i0.wp.com\/wp.ufpel.edu.br\/leppais\/files\/2025\/06\/WhatsApp-Image-2025-05-20-at-11.16.56.jpeg?resize=1050%2C600 3x"},"classes":[]},{"id":2894,"url":"https:\/\/wp.ufpel.edu.br\/leppais\/2019\/10\/09\/antropoeticas-el-candombe\/","url_meta":{"origin":4327,"position":1},"title":"Antropo\u00e9ticas: El candombe","author":"antropologia","date":"09\/10\/2019","format":false,"excerpt":"El candombe: performance, percep\u00e7\u00e3o e os sentidos. Doutorando: Lisandro Moura","rel":"","context":"Em &quot;Antropo\u00e9ticas&quot;","block_context":{"text":"Antropo\u00e9ticas","link":"https:\/\/wp.ufpel.edu.br\/leppais\/category\/antropoeticas\/"},"img":{"alt_text":"","src":"https:\/\/i0.wp.com\/wp.ufpel.edu.br\/leppais\/files\/2019\/10\/Fotografia-de-Daniele-Borges.jpg?resize=350%2C200","width":350,"height":200,"srcset":"https:\/\/i0.wp.com\/wp.ufpel.edu.br\/leppais\/files\/2019\/10\/Fotografia-de-Daniele-Borges.jpg?resize=350%2C200 1x, https:\/\/i0.wp.com\/wp.ufpel.edu.br\/leppais\/files\/2019\/10\/Fotografia-de-Daniele-Borges.jpg?resize=525%2C300 1.5x, https:\/\/i0.wp.com\/wp.ufpel.edu.br\/leppais\/files\/2019\/10\/Fotografia-de-Daniele-Borges.jpg?resize=700%2C400 2x"},"classes":[]},{"id":3942,"url":"https:\/\/wp.ufpel.edu.br\/leppais\/2023\/10\/31\/vii-congresso-ala-antropoeticas-as-grafias-enquanto-gesto-politico-etico-e-poetico\/","url_meta":{"origin":4327,"position":2},"title":"VII Congresso ALA &#8211; Antropo\u00e9ticas:  As grafias enquanto gesto pol\u00edtico, \u00e9tico e po\u00e9tico","author":"antropologia","date":"31\/10\/2023","format":false,"excerpt":"Inscri\u00e7\u00f5es at\u00e9 31 Outubro 2023 https:\/\/alacongresos.net\/simposios\/sp-62-antropoeticas-as-grafias-enquanto-gesto-politico-etico-e-poetico\/","rel":"","context":"Em &quot;Divulga\u00e7\u00e3o&quot;","block_context":{"text":"Divulga\u00e7\u00e3o","link":"https:\/\/wp.ufpel.edu.br\/leppais\/category\/divulgacao\/"},"img":{"alt_text":"","src":"https:\/\/i0.wp.com\/wp.ufpel.edu.br\/leppais\/files\/2023\/10\/VII-ALA-Simposio-62.jpg?resize=350%2C200&ssl=1","width":350,"height":200,"srcset":"https:\/\/i0.wp.com\/wp.ufpel.edu.br\/leppais\/files\/2023\/10\/VII-ALA-Simposio-62.jpg?resize=350%2C200&ssl=1 1x, https:\/\/i0.wp.com\/wp.ufpel.edu.br\/leppais\/files\/2023\/10\/VII-ALA-Simposio-62.jpg?resize=525%2C300&ssl=1 1.5x, https:\/\/i0.wp.com\/wp.ufpel.edu.br\/leppais\/files\/2023\/10\/VII-ALA-Simposio-62.jpg?resize=700%2C400&ssl=1 2x, https:\/\/i0.wp.com\/wp.ufpel.edu.br\/leppais\/files\/2023\/10\/VII-ALA-Simposio-62.jpg?resize=1050%2C600&ssl=1 3x"},"classes":[]},{"id":3047,"url":"https:\/\/wp.ufpel.edu.br\/leppais\/2020\/01\/16\/32a-rba-gt-03-antropoeticas-outras-etnografias\/","url_meta":{"origin":4327,"position":3},"title":"32\u00aa RBA &#8211; GT 03 Antropo\u00e9ticas: outras (etno)grafias","author":"antropologia","date":"16\/01\/2020","format":false,"excerpt":"Em continuidade \u00e0s atividades desenvolvidas no 18\u00ba Congresso Mundial da IUAES, na 31\u00aa RBA e na XIII RAM, o grupo de trabalho \"Antropo\u00e9ticas: outras (etno)grafias\" convida todxs xs interessadxs para submeterem as suas propostas de trabalho (resumos para artigos e p\u00f4steres) no GT 03 da 32\u00aa RBA, que ser\u00e1 realizada\u2026","rel":"","context":"Em &quot;Antropo\u00e9ticas&quot;","block_context":{"text":"Antropo\u00e9ticas","link":"https:\/\/wp.ufpel.edu.br\/leppais\/category\/antropoeticas\/"},"img":{"alt_text":"","src":"https:\/\/i0.wp.com\/wp.ufpel.edu.br\/leppais\/files\/2020\/01\/RBA2020.jpg?resize=350%2C200&ssl=1","width":350,"height":200,"srcset":"https:\/\/i0.wp.com\/wp.ufpel.edu.br\/leppais\/files\/2020\/01\/RBA2020.jpg?resize=350%2C200&ssl=1 1x, https:\/\/i0.wp.com\/wp.ufpel.edu.br\/leppais\/files\/2020\/01\/RBA2020.jpg?resize=525%2C300&ssl=1 1.5x, https:\/\/i0.wp.com\/wp.ufpel.edu.br\/leppais\/files\/2020\/01\/RBA2020.jpg?resize=700%2C400&ssl=1 2x"},"classes":[]},{"id":3848,"url":"https:\/\/wp.ufpel.edu.br\/leppais\/2023\/08\/15\/antropoeticas-fortaleza-de-afetos-imagens-e-narrativas-de-uma-cidade-entre-muros\/","url_meta":{"origin":4327,"position":4},"title":"Antropo\u00e9ticas: &#8220;FORTALEZA DE AFETOS: imagens e narrativas de uma cidade entre muros&#8221;","author":"antropologia","date":"15\/08\/2023","format":false,"excerpt":"Dia 22\/08, 14 horas, atividade do Antropo\u00e9ticas vinculada \u00e0 disciplina de Antropologia Urbana, em formato h\u00edbrido (no LEPPAIS e por web conf - https:\/\/webconf.ufpel.edu.br\/b\/cla-xca-499), haver\u00e1 apresenta\u00e7\u00e3o de LARA DENISE DE OLIVEIRA SILVA: \"FORTALEZA DE AFETOS: imagens e narrativas de uma cidade entre muros\".","rel":"","context":"Em &quot;Antropo\u00e9ticas&quot;","block_context":{"text":"Antropo\u00e9ticas","link":"https:\/\/wp.ufpel.edu.br\/leppais\/category\/antropoeticas\/"},"img":{"alt_text":"","src":"https:\/\/i0.wp.com\/wp.ufpel.edu.br\/leppais\/files\/2023\/08\/Antropoeticas-LARA-DENISE-DE-OLIVEIRA-SILVA-2023-AGO.jpg?resize=350%2C200&ssl=1","width":350,"height":200,"srcset":"https:\/\/i0.wp.com\/wp.ufpel.edu.br\/leppais\/files\/2023\/08\/Antropoeticas-LARA-DENISE-DE-OLIVEIRA-SILVA-2023-AGO.jpg?resize=350%2C200&ssl=1 1x, https:\/\/i0.wp.com\/wp.ufpel.edu.br\/leppais\/files\/2023\/08\/Antropoeticas-LARA-DENISE-DE-OLIVEIRA-SILVA-2023-AGO.jpg?resize=525%2C300&ssl=1 1.5x, https:\/\/i0.wp.com\/wp.ufpel.edu.br\/leppais\/files\/2023\/08\/Antropoeticas-LARA-DENISE-DE-OLIVEIRA-SILVA-2023-AGO.jpg?resize=700%2C400&ssl=1 2x, https:\/\/i0.wp.com\/wp.ufpel.edu.br\/leppais\/files\/2023\/08\/Antropoeticas-LARA-DENISE-DE-OLIVEIRA-SILVA-2023-AGO.jpg?resize=1050%2C600&ssl=1 3x"},"classes":[]},{"id":3949,"url":"https:\/\/wp.ufpel.edu.br\/leppais\/2023\/11\/01\/prorrogado-vii-congresso-ala-antropoeticas-as-grafias-enquanto-gesto-politico-etico-e-poetico\/","url_meta":{"origin":4327,"position":5},"title":"[PRORROGADO] VII Congresso ALA \u2013 Antropo\u00e9ticas: As grafias enquanto gesto pol\u00edtico, \u00e9tico e po\u00e9tico","author":"antropologia","date":"01\/11\/2023","format":false,"excerpt":"Inscri\u00e7\u00f5es at\u00e9\u00a0 10 novembro 2023\u00a0 https:\/\/alacongresos.net\/simposios\/sp-62-antropoeticas-as-grafias-enquanto-gesto-politico-etico-e-poetico\/","rel":"","context":"Em &quot;Divulga\u00e7\u00e3o&quot;","block_context":{"text":"Divulga\u00e7\u00e3o","link":"https:\/\/wp.ufpel.edu.br\/leppais\/category\/divulgacao\/"},"img":{"alt_text":"","src":"https:\/\/i0.wp.com\/wp.ufpel.edu.br\/leppais\/files\/2023\/11\/VII-ALA-Simposio-62-v2.jpg?resize=350%2C200&ssl=1","width":350,"height":200,"srcset":"https:\/\/i0.wp.com\/wp.ufpel.edu.br\/leppais\/files\/2023\/11\/VII-ALA-Simposio-62-v2.jpg?resize=350%2C200&ssl=1 1x, https:\/\/i0.wp.com\/wp.ufpel.edu.br\/leppais\/files\/2023\/11\/VII-ALA-Simposio-62-v2.jpg?resize=525%2C300&ssl=1 1.5x, https:\/\/i0.wp.com\/wp.ufpel.edu.br\/leppais\/files\/2023\/11\/VII-ALA-Simposio-62-v2.jpg?resize=700%2C400&ssl=1 2x, https:\/\/i0.wp.com\/wp.ufpel.edu.br\/leppais\/files\/2023\/11\/VII-ALA-Simposio-62-v2.jpg?resize=1050%2C600&ssl=1 3x"},"classes":[]}],"jetpack_likes_enabled":true,"_links":{"self":[{"href":"https:\/\/wp.ufpel.edu.br\/leppais\/wp-json\/wp\/v2\/posts\/4327","targetHints":{"allow":["GET"]}}],"collection":[{"href":"https:\/\/wp.ufpel.edu.br\/leppais\/wp-json\/wp\/v2\/posts"}],"about":[{"href":"https:\/\/wp.ufpel.edu.br\/leppais\/wp-json\/wp\/v2\/types\/post"}],"author":[{"embeddable":true,"href":"https:\/\/wp.ufpel.edu.br\/leppais\/wp-json\/wp\/v2\/users\/641"}],"replies":[{"embeddable":true,"href":"https:\/\/wp.ufpel.edu.br\/leppais\/wp-json\/wp\/v2\/comments?post=4327"}],"version-history":[{"count":20,"href":"https:\/\/wp.ufpel.edu.br\/leppais\/wp-json\/wp\/v2\/posts\/4327\/revisions"}],"predecessor-version":[{"id":4374,"href":"https:\/\/wp.ufpel.edu.br\/leppais\/wp-json\/wp\/v2\/posts\/4327\/revisions\/4374"}],"wp:attachment":[{"href":"https:\/\/wp.ufpel.edu.br\/leppais\/wp-json\/wp\/v2\/media?parent=4327"}],"wp:term":[{"taxonomy":"category","embeddable":true,"href":"https:\/\/wp.ufpel.edu.br\/leppais\/wp-json\/wp\/v2\/categories?post=4327"},{"taxonomy":"post_tag","embeddable":true,"href":"https:\/\/wp.ufpel.edu.br\/leppais\/wp-json\/wp\/v2\/tags?post=4327"}],"curies":[{"name":"wp","href":"https:\/\/api.w.org\/{rel}","templated":true}]}}