{"id":4025,"date":"2024-07-19T15:53:03","date_gmt":"2024-07-19T18:53:03","guid":{"rendered":"https:\/\/wp.ufpel.edu.br\/leppais\/?p=4025"},"modified":"2024-07-22T19:33:53","modified_gmt":"2024-07-22T22:33:53","slug":"premio-pierre-verger-34a-rba-belo-horizonte","status":"publish","type":"post","link":"https:\/\/wp.ufpel.edu.br\/leppais\/2024\/07\/19\/premio-pierre-verger-34a-rba-belo-horizonte\/","title":{"rendered":"Premio Pierre Verger &#8211; 34\u00aa RBA &#8211; Belo Horizonte"},"content":{"rendered":"<p><img data-recalc-dims=\"1\" loading=\"lazy\" decoding=\"async\" data-attachment-id=\"4027\" data-permalink=\"https:\/\/wp.ufpel.edu.br\/leppais\/2024\/07\/19\/premio-pierre-verger-34a-rba-belo-horizonte\/pierre-verger2\/\" data-orig-file=\"https:\/\/i0.wp.com\/wp.ufpel.edu.br\/leppais\/files\/2024\/07\/pierre-verger2.jpg?fit=1524%2C1579&amp;ssl=1\" data-orig-size=\"1524,1579\" data-comments-opened=\"0\" data-image-meta=\"{&quot;aperture&quot;:&quot;0&quot;,&quot;credit&quot;:&quot;&quot;,&quot;camera&quot;:&quot;&quot;,&quot;caption&quot;:&quot;&quot;,&quot;created_timestamp&quot;:&quot;0&quot;,&quot;copyright&quot;:&quot;&quot;,&quot;focal_length&quot;:&quot;0&quot;,&quot;iso&quot;:&quot;0&quot;,&quot;shutter_speed&quot;:&quot;0&quot;,&quot;title&quot;:&quot;&quot;,&quot;orientation&quot;:&quot;0&quot;}\" data-image-title=\"pierre verger2\" data-image-description=\"\" data-image-caption=\"\" data-medium-file=\"https:\/\/i0.wp.com\/wp.ufpel.edu.br\/leppais\/files\/2024\/07\/pierre-verger2.jpg?fit=290%2C300&amp;ssl=1\" data-large-file=\"https:\/\/i0.wp.com\/wp.ufpel.edu.br\/leppais\/files\/2024\/07\/pierre-verger2.jpg?fit=584%2C605&amp;ssl=1\" class=\"alignnone size-full wp-image-4027\" src=\"https:\/\/i0.wp.com\/wp.ufpel.edu.br\/leppais\/files\/2024\/07\/pierre-verger2.jpg?resize=584%2C605&#038;ssl=1\" alt=\"\" width=\"584\" height=\"605\" srcset=\"https:\/\/i0.wp.com\/wp.ufpel.edu.br\/leppais\/files\/2024\/07\/pierre-verger2.jpg?w=1524&amp;ssl=1 1524w, https:\/\/i0.wp.com\/wp.ufpel.edu.br\/leppais\/files\/2024\/07\/pierre-verger2.jpg?resize=290%2C300&amp;ssl=1 290w, https:\/\/i0.wp.com\/wp.ufpel.edu.br\/leppais\/files\/2024\/07\/pierre-verger2.jpg?resize=988%2C1024&amp;ssl=1 988w, https:\/\/i0.wp.com\/wp.ufpel.edu.br\/leppais\/files\/2024\/07\/pierre-verger2.jpg?resize=768%2C796&amp;ssl=1 768w, https:\/\/i0.wp.com\/wp.ufpel.edu.br\/leppais\/files\/2024\/07\/pierre-verger2.jpg?resize=1482%2C1536&amp;ssl=1 1482w, https:\/\/i0.wp.com\/wp.ufpel.edu.br\/leppais\/files\/2024\/07\/pierre-verger2.jpg?w=1168&amp;ssl=1 1168w\" sizes=\"auto, (max-width: 584px) 100vw, 584px\" \/><\/p>\n<p><img data-recalc-dims=\"1\" loading=\"lazy\" decoding=\"async\" data-attachment-id=\"4026\" data-permalink=\"https:\/\/wp.ufpel.edu.br\/leppais\/2024\/07\/19\/premio-pierre-verger-34a-rba-belo-horizonte\/pierre-verger-2024\/\" data-orig-file=\"https:\/\/i0.wp.com\/wp.ufpel.edu.br\/leppais\/files\/2024\/07\/pierre-verger-2024.jpg?fit=1963%2C431&amp;ssl=1\" data-orig-size=\"1963,431\" data-comments-opened=\"0\" data-image-meta=\"{&quot;aperture&quot;:&quot;0&quot;,&quot;credit&quot;:&quot;&quot;,&quot;camera&quot;:&quot;&quot;,&quot;caption&quot;:&quot;&quot;,&quot;created_timestamp&quot;:&quot;0&quot;,&quot;copyright&quot;:&quot;&quot;,&quot;focal_length&quot;:&quot;0&quot;,&quot;iso&quot;:&quot;0&quot;,&quot;shutter_speed&quot;:&quot;0&quot;,&quot;title&quot;:&quot;&quot;,&quot;orientation&quot;:&quot;0&quot;}\" data-image-title=\"pierre verger 2024\" data-image-description=\"\" data-image-caption=\"\" data-medium-file=\"https:\/\/i0.wp.com\/wp.ufpel.edu.br\/leppais\/files\/2024\/07\/pierre-verger-2024.jpg?fit=300%2C66&amp;ssl=1\" data-large-file=\"https:\/\/i0.wp.com\/wp.ufpel.edu.br\/leppais\/files\/2024\/07\/pierre-verger-2024.jpg?fit=584%2C128&amp;ssl=1\" class=\"alignnone size-full wp-image-4026\" src=\"https:\/\/i0.wp.com\/wp.ufpel.edu.br\/leppais\/files\/2024\/07\/pierre-verger-2024.jpg?resize=584%2C128&#038;ssl=1\" alt=\"\" width=\"584\" height=\"128\" srcset=\"https:\/\/i0.wp.com\/wp.ufpel.edu.br\/leppais\/files\/2024\/07\/pierre-verger-2024.jpg?w=1963&amp;ssl=1 1963w, https:\/\/i0.wp.com\/wp.ufpel.edu.br\/leppais\/files\/2024\/07\/pierre-verger-2024.jpg?resize=300%2C66&amp;ssl=1 300w, https:\/\/i0.wp.com\/wp.ufpel.edu.br\/leppais\/files\/2024\/07\/pierre-verger-2024.jpg?resize=1024%2C225&amp;ssl=1 1024w, https:\/\/i0.wp.com\/wp.ufpel.edu.br\/leppais\/files\/2024\/07\/pierre-verger-2024.jpg?resize=768%2C169&amp;ssl=1 768w, https:\/\/i0.wp.com\/wp.ufpel.edu.br\/leppais\/files\/2024\/07\/pierre-verger-2024.jpg?resize=1536%2C337&amp;ssl=1 1536w, https:\/\/i0.wp.com\/wp.ufpel.edu.br\/leppais\/files\/2024\/07\/pierre-verger-2024.jpg?resize=500%2C110&amp;ssl=1 500w, https:\/\/i0.wp.com\/wp.ufpel.edu.br\/leppais\/files\/2024\/07\/pierre-verger-2024.jpg?w=1168&amp;ssl=1 1168w, https:\/\/i0.wp.com\/wp.ufpel.edu.br\/leppais\/files\/2024\/07\/pierre-verger-2024.jpg?w=1752&amp;ssl=1 1752w\" sizes=\"auto, (max-width: 584px) 100vw, 584px\" \/><\/p>\n<h2><a href=\"https:\/\/premiopierreverger.com\/2024\/\"><span style=\"font-size: 18pt;\">https:\/\/premiopierreverger.com\/2024\/<\/span><\/a><\/h2>\n<h2 class=\"label\">Pr\u00eamio Pierre Verger &#8211; Filme Etnogr\u00e1fico<\/h2>\n<p><a href=\"https:\/\/www.34rba.abant.org.br\/modalidadetrabalho\/public?ID_MODALIDADE_TRABALHO=23\">https:\/\/www.34rba.abant.org.br\/modalidadetrabalho\/public?ID_MODALIDADE_TRABALHO=23<\/a><\/p>\n<h2 class=\"label\">Pr\u00eamio Pierre Verger &#8211; Ensaio Fotogr\u00e1fico<\/h2>\n<p><a href=\"https:\/\/www.34rba.abant.org.br\/modalidadetrabalho\/public?ID_MODALIDADE_TRABALHO=24\">https:\/\/www.34rba.abant.org.br\/modalidadetrabalho\/public?ID_MODALIDADE_TRABALHO=24<\/a><\/p>\n<h2 class=\"label\">Pr\u00eamio Pierre Verger &#8211; Desenho<\/h2>\n<p><a href=\"https:\/\/www.34rba.abant.org.br\/modalidadetrabalho\/public?ID_MODALIDADE_TRABALHO=25\">https:\/\/www.34rba.abant.org.br\/modalidadetrabalho\/public?ID_MODALIDADE_TRABALHO=25<\/a><\/p>\n","protected":false},"excerpt":{"rendered":"<p>https:\/\/premiopierreverger.com\/2024\/ Pr\u00eamio Pierre Verger &#8211; Filme Etnogr\u00e1fico https:\/\/www.34rba.abant.org.br\/modalidadetrabalho\/public?ID_MODALIDADE_TRABALHO=23 Pr\u00eamio Pierre Verger &#8211; Ensaio Fotogr\u00e1fico https:\/\/www.34rba.abant.org.br\/modalidadetrabalho\/public?ID_MODALIDADE_TRABALHO=24 Pr\u00eamio Pierre Verger &#8211; Desenho https:\/\/www.34rba.abant.org.br\/modalidadetrabalho\/public?ID_MODALIDADE_TRABALHO=25<\/p>\n","protected":false},"author":641,"featured_media":0,"comment_status":"closed","ping_status":"closed","sticky":false,"template":"","format":"standard","meta":{"advanced_seo_description":"","jetpack_seo_html_title":"","jetpack_seo_noindex":false,"jetpack_post_was_ever_published":false,"_jetpack_newsletter_access":"","_jetpack_dont_email_post_to_subs":false,"_jetpack_newsletter_tier_id":0,"_jetpack_memberships_contains_paywalled_content":false,"_jetpack_memberships_contains_paid_content":false,"footnotes":"","jetpack_publicize_message":"","jetpack_publicize_feature_enabled":true,"jetpack_social_post_already_shared":true,"jetpack_social_options":{"image_generator_settings":{"template":"highway","default_image_id":0,"font":"","enabled":false},"version":2}},"categories":[1],"tags":[],"class_list":["post-4025","post","type-post","status-publish","format-standard","hentry","category-noticias"],"jetpack_publicize_connections":[],"jetpack_featured_media_url":"","jetpack_sharing_enabled":true,"jetpack_shortlink":"https:\/\/wp.me\/payVYo-12V","jetpack-related-posts":[{"id":2941,"url":"https:\/\/wp.ufpel.edu.br\/leppais\/2019\/11\/07\/premio-pierre-verger-2020-inscricoes-abertas\/","url_meta":{"origin":4025,"position":0},"title":"Pr\u00eamio Pierre Verger 2020 | Inscri\u00e7\u00f5es Abertas","author":"antropologia","date":"07\/11\/2019","format":false,"excerpt":"https:\/\/www.32rba.abant.org.br","rel":"","context":"Em &quot;Divulga\u00e7\u00e3o&quot;","block_context":{"text":"Divulga\u00e7\u00e3o","link":"https:\/\/wp.ufpel.edu.br\/leppais\/category\/divulgacao\/"},"img":{"alt_text":"","src":"https:\/\/i0.wp.com\/wp.ufpel.edu.br\/leppais\/files\/2019\/11\/Pierre-Verger-2020.jpg?resize=350%2C200&ssl=1","width":350,"height":200,"srcset":"https:\/\/i0.wp.com\/wp.ufpel.edu.br\/leppais\/files\/2019\/11\/Pierre-Verger-2020.jpg?resize=350%2C200&ssl=1 1x, https:\/\/i0.wp.com\/wp.ufpel.edu.br\/leppais\/files\/2019\/11\/Pierre-Verger-2020.jpg?resize=525%2C300&ssl=1 1.5x, https:\/\/i0.wp.com\/wp.ufpel.edu.br\/leppais\/files\/2019\/11\/Pierre-Verger-2020.jpg?resize=700%2C400&ssl=1 2x"},"classes":[]},{"id":3087,"url":"https:\/\/wp.ufpel.edu.br\/leppais\/2020\/03\/09\/premio-pierre-verger-inscricoes-prorrogadas\/","url_meta":{"origin":4025,"position":1},"title":"Pr\u00eamio Pierre Verger &#8211; Inscri\u00e7\u00f5es prorrogadas","author":"antropologia","date":"09\/03\/2020","format":false,"excerpt":"Mais informa\u00e7\u00f5es","rel":"","context":"Em &quot;Divulga\u00e7\u00e3o&quot;","block_context":{"text":"Divulga\u00e7\u00e3o","link":"https:\/\/wp.ufpel.edu.br\/leppais\/category\/divulgacao\/"},"img":{"alt_text":"","src":"https:\/\/i0.wp.com\/wp.ufpel.edu.br\/leppais\/files\/2020\/03\/IMG-20200229-WA0001.jpg?resize=350%2C200&ssl=1","width":350,"height":200,"srcset":"https:\/\/i0.wp.com\/wp.ufpel.edu.br\/leppais\/files\/2020\/03\/IMG-20200229-WA0001.jpg?resize=350%2C200&ssl=1 1x, https:\/\/i0.wp.com\/wp.ufpel.edu.br\/leppais\/files\/2020\/03\/IMG-20200229-WA0001.jpg?resize=525%2C300&ssl=1 1.5x, https:\/\/i0.wp.com\/wp.ufpel.edu.br\/leppais\/files\/2020\/03\/IMG-20200229-WA0001.jpg?resize=700%2C400&ssl=1 2x, https:\/\/i0.wp.com\/wp.ufpel.edu.br\/leppais\/files\/2020\/03\/IMG-20200229-WA0001.jpg?resize=1050%2C600&ssl=1 3x"},"classes":[]},{"id":283,"url":"https:\/\/wp.ufpel.edu.br\/leppais\/2014\/11\/12\/vii-premio-pierre-verger-de-ensaios-fotograficos\/","url_meta":{"origin":4025,"position":2},"title":"VII Pr\u00eamio Pierre Verger de Ensaios Fotogr\u00e1ficos","author":"antropologia","date":"12\/11\/2014","format":false,"excerpt":"","rel":"","context":"Em &quot;Not\u00edcias&quot;","block_context":{"text":"Not\u00edcias","link":"https:\/\/wp.ufpel.edu.br\/leppais\/category\/noticias\/"},"img":{"alt_text":"","src":"https:\/\/i0.wp.com\/wp.ufpel.edu.br\/leppais\/files\/2014\/11\/convite-2-2.jpg?resize=350%2C200&ssl=1","width":350,"height":200},"classes":[]},{"id":3529,"url":"https:\/\/wp.ufpel.edu.br\/leppais\/2022\/08\/16\/premio-pierre-verger-2022\/","url_meta":{"origin":4025,"position":3},"title":"Pr\u00eamio Pierre Verger 2022","author":"antropologia","date":"16\/08\/2022","format":false,"excerpt":"O Pr\u00eamio Pierre Verger (PPV), promovido pela Associa\u00e7\u00e3o Brasileira de Antropologia (ABA), \u00e9 o principal festival competitivo de obras f\u00edlmicas, fotogr\u00e1\ufb01cas e gr\u00e1ficas produzidas no \u00e2mbito de pesquisas antropol\u00f3gicas na Am\u00e9rica Latina. Atrav\u00e9s destas linguagens art\u00edsticas e pol\u00edticas de difus\u00e3o do conhecimento, suas mostras exploram, registram, expressam e interpelam diferentes\u2026","rel":"","context":"Em &quot;Divulga\u00e7\u00e3o&quot;","block_context":{"text":"Divulga\u00e7\u00e3o","link":"https:\/\/wp.ufpel.edu.br\/leppais\/category\/divulgacao\/"},"img":{"alt_text":"","src":"https:\/\/i0.wp.com\/wp.ufpel.edu.br\/leppais\/files\/2022\/08\/Tim-Ingold-PPV2022.jpeg?resize=350%2C200&ssl=1","width":350,"height":200,"srcset":"https:\/\/i0.wp.com\/wp.ufpel.edu.br\/leppais\/files\/2022\/08\/Tim-Ingold-PPV2022.jpeg?resize=350%2C200&ssl=1 1x, https:\/\/i0.wp.com\/wp.ufpel.edu.br\/leppais\/files\/2022\/08\/Tim-Ingold-PPV2022.jpeg?resize=525%2C300&ssl=1 1.5x, https:\/\/i0.wp.com\/wp.ufpel.edu.br\/leppais\/files\/2022\/08\/Tim-Ingold-PPV2022.jpeg?resize=700%2C400&ssl=1 2x, https:\/\/i0.wp.com\/wp.ufpel.edu.br\/leppais\/files\/2022\/08\/Tim-Ingold-PPV2022.jpeg?resize=1050%2C600&ssl=1 3x"},"classes":[]},{"id":3464,"url":"https:\/\/wp.ufpel.edu.br\/leppais\/2022\/04\/04\/mostra-itinerante-de-filmes-do-premio-pierre-verger-aba\/","url_meta":{"origin":4025,"position":4},"title":"Mostra Itinerante de filmes do Pr\u00eamio Pierre Verger ABA","author":"antropologia","date":"04\/04\/2022","format":false,"excerpt":"https:\/\/forms.gle\/g274yPyJExYuSU5BA","rel":"","context":"Em &quot;Convite&quot;","block_context":{"text":"Convite","link":"https:\/\/wp.ufpel.edu.br\/leppais\/category\/convite\/"},"img":{"alt_text":"","src":"https:\/\/i0.wp.com\/wp.ufpel.edu.br\/leppais\/files\/2022\/04\/Cartaz-Mostra-Pierre-Verger-2020-2022_v2.jpg?resize=350%2C200&ssl=1","width":350,"height":200,"srcset":"https:\/\/i0.wp.com\/wp.ufpel.edu.br\/leppais\/files\/2022\/04\/Cartaz-Mostra-Pierre-Verger-2020-2022_v2.jpg?resize=350%2C200&ssl=1 1x, https:\/\/i0.wp.com\/wp.ufpel.edu.br\/leppais\/files\/2022\/04\/Cartaz-Mostra-Pierre-Verger-2020-2022_v2.jpg?resize=525%2C300&ssl=1 1.5x, https:\/\/i0.wp.com\/wp.ufpel.edu.br\/leppais\/files\/2022\/04\/Cartaz-Mostra-Pierre-Verger-2020-2022_v2.jpg?resize=700%2C400&ssl=1 2x, https:\/\/i0.wp.com\/wp.ufpel.edu.br\/leppais\/files\/2022\/04\/Cartaz-Mostra-Pierre-Verger-2020-2022_v2.jpg?resize=1050%2C600&ssl=1 3x"},"classes":[]},{"id":3825,"url":"https:\/\/wp.ufpel.edu.br\/leppais\/2023\/08\/01\/1a-sessao-mostra-itinerante-premio-pierre-verger\/","url_meta":{"origin":4025,"position":5},"title":"1\u00aa Sess\u00e3o Mostra Itinerante Pr\u00eamio Pierre Verger","author":"antropologia","date":"01\/08\/2023","format":false,"excerpt":"Lembrando que come\u00e7a na pr\u00f3xima semana a Mostra Itinerante PPV (edi\u00e7\u00e3o 2022), organizada pelo LEPPAIS, em parceria com o LABOME. Para participar preencher o formul\u00e1rio: https:\/\/forms.gle\/HnxgUTByvnWYDgMw8 Evento h\u00edbrido (online e na sala de Cinema da UFPel), com certificado de participa\u00e7\u00e3o. Esperamos voc\u00ea!!!","rel":"","context":"Em &quot;Convite&quot;","block_context":{"text":"Convite","link":"https:\/\/wp.ufpel.edu.br\/leppais\/category\/convite\/"},"img":{"alt_text":"","src":"https:\/\/i0.wp.com\/wp.ufpel.edu.br\/leppais\/files\/2023\/07\/Cartaz-PPV2023-cineufpel-SESSAO-03AGO_v2.jpg?resize=350%2C200&ssl=1","width":350,"height":200,"srcset":"https:\/\/i0.wp.com\/wp.ufpel.edu.br\/leppais\/files\/2023\/07\/Cartaz-PPV2023-cineufpel-SESSAO-03AGO_v2.jpg?resize=350%2C200&ssl=1 1x, https:\/\/i0.wp.com\/wp.ufpel.edu.br\/leppais\/files\/2023\/07\/Cartaz-PPV2023-cineufpel-SESSAO-03AGO_v2.jpg?resize=525%2C300&ssl=1 1.5x, https:\/\/i0.wp.com\/wp.ufpel.edu.br\/leppais\/files\/2023\/07\/Cartaz-PPV2023-cineufpel-SESSAO-03AGO_v2.jpg?resize=700%2C400&ssl=1 2x"},"classes":[]}],"jetpack_likes_enabled":true,"_links":{"self":[{"href":"https:\/\/wp.ufpel.edu.br\/leppais\/wp-json\/wp\/v2\/posts\/4025","targetHints":{"allow":["GET"]}}],"collection":[{"href":"https:\/\/wp.ufpel.edu.br\/leppais\/wp-json\/wp\/v2\/posts"}],"about":[{"href":"https:\/\/wp.ufpel.edu.br\/leppais\/wp-json\/wp\/v2\/types\/post"}],"author":[{"embeddable":true,"href":"https:\/\/wp.ufpel.edu.br\/leppais\/wp-json\/wp\/v2\/users\/641"}],"replies":[{"embeddable":true,"href":"https:\/\/wp.ufpel.edu.br\/leppais\/wp-json\/wp\/v2\/comments?post=4025"}],"version-history":[{"count":3,"href":"https:\/\/wp.ufpel.edu.br\/leppais\/wp-json\/wp\/v2\/posts\/4025\/revisions"}],"predecessor-version":[{"id":4030,"href":"https:\/\/wp.ufpel.edu.br\/leppais\/wp-json\/wp\/v2\/posts\/4025\/revisions\/4030"}],"wp:attachment":[{"href":"https:\/\/wp.ufpel.edu.br\/leppais\/wp-json\/wp\/v2\/media?parent=4025"}],"wp:term":[{"taxonomy":"category","embeddable":true,"href":"https:\/\/wp.ufpel.edu.br\/leppais\/wp-json\/wp\/v2\/categories?post=4025"},{"taxonomy":"post_tag","embeddable":true,"href":"https:\/\/wp.ufpel.edu.br\/leppais\/wp-json\/wp\/v2\/tags?post=4025"}],"curies":[{"name":"wp","href":"https:\/\/api.w.org\/{rel}","templated":true}]}}