{"id":4003,"date":"2024-03-12T15:28:21","date_gmt":"2024-03-12T18:28:21","guid":{"rendered":"https:\/\/wp.ufpel.edu.br\/leppais\/?p=4003"},"modified":"2024-03-12T15:28:21","modified_gmt":"2024-03-12T18:28:21","slug":"cinema-e-antropologia-por-marc-piault-2a-sessao","status":"publish","type":"post","link":"https:\/\/wp.ufpel.edu.br\/leppais\/2024\/03\/12\/cinema-e-antropologia-por-marc-piault-2a-sessao\/","title":{"rendered":"Cinema e Antropologia por Marc Piault \u2013 2\u00aa Sess\u00e3o"},"content":{"rendered":"<p><img data-recalc-dims=\"1\" loading=\"lazy\" decoding=\"async\" data-attachment-id=\"4004\" data-permalink=\"https:\/\/wp.ufpel.edu.br\/leppais\/2024\/03\/12\/cinema-e-antropologia-por-marc-piault-2a-sessao\/cinemaeantropologia2-yt\/\" data-orig-file=\"https:\/\/i0.wp.com\/wp.ufpel.edu.br\/leppais\/files\/2024\/03\/cinemaeantropologia2-yt.png?fit=1920%2C1080&amp;ssl=1\" data-orig-size=\"1920,1080\" data-comments-opened=\"0\" data-image-meta=\"{&quot;aperture&quot;:&quot;0&quot;,&quot;credit&quot;:&quot;&quot;,&quot;camera&quot;:&quot;&quot;,&quot;caption&quot;:&quot;&quot;,&quot;created_timestamp&quot;:&quot;0&quot;,&quot;copyright&quot;:&quot;&quot;,&quot;focal_length&quot;:&quot;0&quot;,&quot;iso&quot;:&quot;0&quot;,&quot;shutter_speed&quot;:&quot;0&quot;,&quot;title&quot;:&quot;&quot;,&quot;orientation&quot;:&quot;0&quot;}\" data-image-title=\"cinemaeantropologia2-yt\" data-image-description=\"\" data-image-caption=\"\" data-medium-file=\"https:\/\/i0.wp.com\/wp.ufpel.edu.br\/leppais\/files\/2024\/03\/cinemaeantropologia2-yt.png?fit=300%2C169&amp;ssl=1\" data-large-file=\"https:\/\/i0.wp.com\/wp.ufpel.edu.br\/leppais\/files\/2024\/03\/cinemaeantropologia2-yt.png?fit=584%2C329&amp;ssl=1\" class=\"alignnone size-full wp-image-4004\" src=\"https:\/\/i0.wp.com\/wp.ufpel.edu.br\/leppais\/files\/2024\/03\/cinemaeantropologia2-yt.png?resize=584%2C329&#038;ssl=1\" alt=\"\" width=\"584\" height=\"329\" srcset=\"https:\/\/i0.wp.com\/wp.ufpel.edu.br\/leppais\/files\/2024\/03\/cinemaeantropologia2-yt.png?w=1920&amp;ssl=1 1920w, https:\/\/i0.wp.com\/wp.ufpel.edu.br\/leppais\/files\/2024\/03\/cinemaeantropologia2-yt.png?resize=300%2C169&amp;ssl=1 300w, https:\/\/i0.wp.com\/wp.ufpel.edu.br\/leppais\/files\/2024\/03\/cinemaeantropologia2-yt.png?resize=1024%2C576&amp;ssl=1 1024w, https:\/\/i0.wp.com\/wp.ufpel.edu.br\/leppais\/files\/2024\/03\/cinemaeantropologia2-yt.png?resize=768%2C432&amp;ssl=1 768w, https:\/\/i0.wp.com\/wp.ufpel.edu.br\/leppais\/files\/2024\/03\/cinemaeantropologia2-yt.png?resize=1536%2C864&amp;ssl=1 1536w, https:\/\/i0.wp.com\/wp.ufpel.edu.br\/leppais\/files\/2024\/03\/cinemaeantropologia2-yt.png?resize=500%2C281&amp;ssl=1 500w, https:\/\/i0.wp.com\/wp.ufpel.edu.br\/leppais\/files\/2024\/03\/cinemaeantropologia2-yt.png?w=1168&amp;ssl=1 1168w, https:\/\/i0.wp.com\/wp.ufpel.edu.br\/leppais\/files\/2024\/03\/cinemaeantropologia2-yt.png?w=1752&amp;ssl=1 1752w\" sizes=\"auto, (max-width: 584px) 100vw, 584px\" \/><\/p>\n<p><a href=\"https:\/\/www.youtube.com\/watch?v=Viu2W76em_I\">Link Youtube TV ABA<\/a><\/p>\n","protected":false},"excerpt":{"rendered":"<p>Link Youtube TV ABA<\/p>\n","protected":false},"author":641,"featured_media":0,"comment_status":"closed","ping_status":"closed","sticky":false,"template":"","format":"standard","meta":{"advanced_seo_description":"","jetpack_seo_html_title":"","jetpack_seo_noindex":false,"jetpack_post_was_ever_published":false,"_jetpack_newsletter_access":"","_jetpack_dont_email_post_to_subs":false,"_jetpack_newsletter_tier_id":0,"_jetpack_memberships_contains_paywalled_content":false,"_jetpack_memberships_contains_paid_content":false,"footnotes":"","jetpack_publicize_message":"","jetpack_publicize_feature_enabled":true,"jetpack_social_post_already_shared":true,"jetpack_social_options":{"image_generator_settings":{"template":"highway","default_image_id":0,"font":"","enabled":false},"version":2}},"categories":[7,24],"tags":[],"class_list":["post-4003","post","type-post","status-publish","format-standard","hentry","category-convite","category-divulgacao"],"jetpack_publicize_connections":[],"jetpack_featured_media_url":"","jetpack_sharing_enabled":true,"jetpack_shortlink":"https:\/\/wp.me\/payVYo-12z","jetpack-related-posts":[{"id":3999,"url":"https:\/\/wp.ufpel.edu.br\/leppais\/2024\/03\/04\/cinema-e-antropologia-por-marc-piault-1a-sessao\/","url_meta":{"origin":4003,"position":0},"title":"Cinema e Antropologia por Marc Piault &#8211; 1\u00aa Sess\u00e3o","author":"antropologia","date":"04\/03\/2024","format":false,"excerpt":"Link Youtube TV ABA","rel":"","context":"Em &quot;Convite&quot;","block_context":{"text":"Convite","link":"https:\/\/wp.ufpel.edu.br\/leppais\/category\/convite\/"},"img":{"alt_text":"","src":"https:\/\/i0.wp.com\/wp.ufpel.edu.br\/leppais\/files\/2024\/03\/cinemaeantropologia1-yt.png?resize=350%2C200&ssl=1","width":350,"height":200,"srcset":"https:\/\/i0.wp.com\/wp.ufpel.edu.br\/leppais\/files\/2024\/03\/cinemaeantropologia1-yt.png?resize=350%2C200&ssl=1 1x, https:\/\/i0.wp.com\/wp.ufpel.edu.br\/leppais\/files\/2024\/03\/cinemaeantropologia1-yt.png?resize=525%2C300&ssl=1 1.5x, https:\/\/i0.wp.com\/wp.ufpel.edu.br\/leppais\/files\/2024\/03\/cinemaeantropologia1-yt.png?resize=700%2C400&ssl=1 2x, https:\/\/i0.wp.com\/wp.ufpel.edu.br\/leppais\/files\/2024\/03\/cinemaeantropologia1-yt.png?resize=1050%2C600&ssl=1 3x, https:\/\/i0.wp.com\/wp.ufpel.edu.br\/leppais\/files\/2024\/03\/cinemaeantropologia1-yt.png?resize=1400%2C800&ssl=1 4x"},"classes":[]},{"id":3996,"url":"https:\/\/wp.ufpel.edu.br\/leppais\/2024\/03\/01\/abertura-da-serie-televisiva-cinema-e-antropologia-por-marc-piault\/","url_meta":{"origin":4003,"position":1},"title":"Abertura da s\u00e9rie televisiva Cinema e Antropologia por Marc Piault","author":"antropologia","date":"01\/03\/2024","format":false,"excerpt":"Link Youtube 04 mar 2024 - 14h","rel":"","context":"Em &quot;Convite&quot;","block_context":{"text":"Convite","link":"https:\/\/wp.ufpel.edu.br\/leppais\/category\/convite\/"},"img":{"alt_text":"","src":"https:\/\/i0.wp.com\/wp.ufpel.edu.br\/leppais\/files\/2024\/03\/leppais_04mar24.png?resize=350%2C200&ssl=1","width":350,"height":200,"srcset":"https:\/\/i0.wp.com\/wp.ufpel.edu.br\/leppais\/files\/2024\/03\/leppais_04mar24.png?resize=350%2C200&ssl=1 1x, https:\/\/i0.wp.com\/wp.ufpel.edu.br\/leppais\/files\/2024\/03\/leppais_04mar24.png?resize=525%2C300&ssl=1 1.5x, https:\/\/i0.wp.com\/wp.ufpel.edu.br\/leppais\/files\/2024\/03\/leppais_04mar24.png?resize=700%2C400&ssl=1 2x, https:\/\/i0.wp.com\/wp.ufpel.edu.br\/leppais\/files\/2024\/03\/leppais_04mar24.png?resize=1050%2C600&ssl=1 3x, https:\/\/i0.wp.com\/wp.ufpel.edu.br\/leppais\/files\/2024\/03\/leppais_04mar24.png?resize=1400%2C800&ssl=1 4x"},"classes":[]},{"id":3835,"url":"https:\/\/wp.ufpel.edu.br\/leppais\/2023\/08\/09\/10-ago-2023-2a-sessao-mostra-premio-pierre-verger\/","url_meta":{"origin":4003,"position":2},"title":"10 AGO 2023 \u2013 2\u00aa Sess\u00e3o Mostra Pr\u00eamio Pierre Verger","author":"antropologia","date":"09\/08\/2023","format":false,"excerpt":"Segue abaixo os respectivos links para Mostra Itinerante de Filmes Etnogr\u00e1ficos Pr\u00eamio Pierre Verger \/ edi\u00e7\u00e3o 2022. Link para inscri\u00e7\u00e3o: https:\/\/forms.gle\/HnxgUTByvnWYDgMw8 Link do canal do LABOME e do LEPPAIS onde ser\u00e1 transmitido: https:\/\/youtube.com\/@LabomeVisualidades https:\/\/www.youtube.com\/@leppais\/streams Vamos todos participar \ud83e\udd70 Afro-Sampas (ano de produ\u00e7\u00e3o: 2020) - A presen\u00e7a africana na m\u00fasica brasileira\u2026","rel":"","context":"Em &quot;Convite&quot;","block_context":{"text":"Convite","link":"https:\/\/wp.ufpel.edu.br\/leppais\/category\/convite\/"},"img":{"alt_text":"","src":"https:\/\/i0.wp.com\/wp.ufpel.edu.br\/leppais\/files\/2023\/08\/Cartaz-PPV2023-cineufpel-SESSAO-10AGO.jpg?resize=350%2C200&ssl=1","width":350,"height":200,"srcset":"https:\/\/i0.wp.com\/wp.ufpel.edu.br\/leppais\/files\/2023\/08\/Cartaz-PPV2023-cineufpel-SESSAO-10AGO.jpg?resize=350%2C200&ssl=1 1x, https:\/\/i0.wp.com\/wp.ufpel.edu.br\/leppais\/files\/2023\/08\/Cartaz-PPV2023-cineufpel-SESSAO-10AGO.jpg?resize=525%2C300&ssl=1 1.5x, https:\/\/i0.wp.com\/wp.ufpel.edu.br\/leppais\/files\/2023\/08\/Cartaz-PPV2023-cineufpel-SESSAO-10AGO.jpg?resize=700%2C400&ssl=1 2x, https:\/\/i0.wp.com\/wp.ufpel.edu.br\/leppais\/files\/2023\/08\/Cartaz-PPV2023-cineufpel-SESSAO-10AGO.jpg?resize=1050%2C600&ssl=1 3x"},"classes":[]},{"id":3825,"url":"https:\/\/wp.ufpel.edu.br\/leppais\/2023\/08\/01\/1a-sessao-mostra-itinerante-premio-pierre-verger\/","url_meta":{"origin":4003,"position":3},"title":"1\u00aa Sess\u00e3o Mostra Itinerante Pr\u00eamio Pierre Verger","author":"antropologia","date":"01\/08\/2023","format":false,"excerpt":"Lembrando que come\u00e7a na pr\u00f3xima semana a Mostra Itinerante PPV (edi\u00e7\u00e3o 2022), organizada pelo LEPPAIS, em parceria com o LABOME. Para participar preencher o formul\u00e1rio: https:\/\/forms.gle\/HnxgUTByvnWYDgMw8 Evento h\u00edbrido (online e na sala de Cinema da UFPel), com certificado de participa\u00e7\u00e3o. Esperamos voc\u00ea!!!","rel":"","context":"Em &quot;Convite&quot;","block_context":{"text":"Convite","link":"https:\/\/wp.ufpel.edu.br\/leppais\/category\/convite\/"},"img":{"alt_text":"","src":"https:\/\/i0.wp.com\/wp.ufpel.edu.br\/leppais\/files\/2023\/07\/Cartaz-PPV2023-cineufpel-SESSAO-03AGO_v2.jpg?resize=350%2C200&ssl=1","width":350,"height":200,"srcset":"https:\/\/i0.wp.com\/wp.ufpel.edu.br\/leppais\/files\/2023\/07\/Cartaz-PPV2023-cineufpel-SESSAO-03AGO_v2.jpg?resize=350%2C200&ssl=1 1x, https:\/\/i0.wp.com\/wp.ufpel.edu.br\/leppais\/files\/2023\/07\/Cartaz-PPV2023-cineufpel-SESSAO-03AGO_v2.jpg?resize=525%2C300&ssl=1 1.5x, https:\/\/i0.wp.com\/wp.ufpel.edu.br\/leppais\/files\/2023\/07\/Cartaz-PPV2023-cineufpel-SESSAO-03AGO_v2.jpg?resize=700%2C400&ssl=1 2x"},"classes":[]},{"id":4230,"url":"https:\/\/wp.ufpel.edu.br\/leppais\/2025\/04\/22\/selecao-de-bolsistas-leppais\/","url_meta":{"origin":4003,"position":4},"title":"SELE\u00c7\u00c3O DE BOLSISTAS- LEPPAIS","author":"antropologia","date":"22\/04\/2025","format":false,"excerpt":"O Laborat\u00f3rio de Ensino, Pesquisa e Produ\u00e7\u00e3o em Antropologia da Imagem e do Som (Leppais) seleciona duas pessoas para bolsas nas modalidades ampla concorr\u00eancia (1) e a\u00e7\u00f5es afirmativas (1). Exig\u00eancias: \u00c9 preciso estar matriculado\/a\/e regularmente. \u00c9 vedada a participa\u00e7\u00e3o de estudantes do \u00faltimo semestre do curso ou que estar\u00e3o cursando\u2026","rel":"","context":"Em &quot;Convite&quot;","block_context":{"text":"Convite","link":"https:\/\/wp.ufpel.edu.br\/leppais\/category\/convite\/"},"img":{"alt_text":"","src":"https:\/\/i0.wp.com\/wp.ufpel.edu.br\/leppais\/files\/2025\/04\/Selecao-2025-7.png?resize=350%2C200&ssl=1","width":350,"height":200,"srcset":"https:\/\/i0.wp.com\/wp.ufpel.edu.br\/leppais\/files\/2025\/04\/Selecao-2025-7.png?resize=350%2C200&ssl=1 1x, https:\/\/i0.wp.com\/wp.ufpel.edu.br\/leppais\/files\/2025\/04\/Selecao-2025-7.png?resize=525%2C300&ssl=1 1.5x, https:\/\/i0.wp.com\/wp.ufpel.edu.br\/leppais\/files\/2025\/04\/Selecao-2025-7.png?resize=700%2C400&ssl=1 2x, https:\/\/i0.wp.com\/wp.ufpel.edu.br\/leppais\/files\/2025\/04\/Selecao-2025-7.png?resize=1050%2C600&ssl=1 3x"},"classes":[]},{"id":3831,"url":"https:\/\/wp.ufpel.edu.br\/leppais\/2023\/08\/03\/e-hoje-03-ago-2023-1a-sessao-mostra-premio-pierre-verger\/","url_meta":{"origin":4003,"position":5},"title":"\u00c9 hoje 03 AGO 2023 &#8211; 1\u00aa Sess\u00e3o Mostra Pr\u00eamio Pierre Verger","author":"antropologia","date":"03\/08\/2023","format":false,"excerpt":"Confer\u00eancia online no Google Meet para inscritos no formul\u00e1rio: https:\/\/forms.gle\/HnxgUTByvnWYDgMw8 Transmiss\u00e3o da introdu\u00e7\u00e3o e debate ao vivo para p\u00fablico geral: https:\/\/www.youtube.com\/@leppais\/streams Lembrando que a prefer\u00eancia \u00e9 pela participa\u00e7\u00e3o presencial na sala do Cine UFPEL - Rua Lobo da Costa 447, uma vez que a experi\u00eancia visual de assistir o filme\u2026","rel":"","context":"Em &quot;Convite&quot;","block_context":{"text":"Convite","link":"https:\/\/wp.ufpel.edu.br\/leppais\/category\/convite\/"},"img":{"alt_text":"","src":"https:\/\/i0.wp.com\/wp.ufpel.edu.br\/leppais\/files\/2023\/08\/mostra-1a-sessao.jpg?resize=350%2C200&ssl=1","width":350,"height":200,"srcset":"https:\/\/i0.wp.com\/wp.ufpel.edu.br\/leppais\/files\/2023\/08\/mostra-1a-sessao.jpg?resize=350%2C200&ssl=1 1x, https:\/\/i0.wp.com\/wp.ufpel.edu.br\/leppais\/files\/2023\/08\/mostra-1a-sessao.jpg?resize=525%2C300&ssl=1 1.5x, https:\/\/i0.wp.com\/wp.ufpel.edu.br\/leppais\/files\/2023\/08\/mostra-1a-sessao.jpg?resize=700%2C400&ssl=1 2x"},"classes":[]}],"jetpack_likes_enabled":true,"_links":{"self":[{"href":"https:\/\/wp.ufpel.edu.br\/leppais\/wp-json\/wp\/v2\/posts\/4003","targetHints":{"allow":["GET"]}}],"collection":[{"href":"https:\/\/wp.ufpel.edu.br\/leppais\/wp-json\/wp\/v2\/posts"}],"about":[{"href":"https:\/\/wp.ufpel.edu.br\/leppais\/wp-json\/wp\/v2\/types\/post"}],"author":[{"embeddable":true,"href":"https:\/\/wp.ufpel.edu.br\/leppais\/wp-json\/wp\/v2\/users\/641"}],"replies":[{"embeddable":true,"href":"https:\/\/wp.ufpel.edu.br\/leppais\/wp-json\/wp\/v2\/comments?post=4003"}],"version-history":[{"count":2,"href":"https:\/\/wp.ufpel.edu.br\/leppais\/wp-json\/wp\/v2\/posts\/4003\/revisions"}],"predecessor-version":[{"id":4006,"href":"https:\/\/wp.ufpel.edu.br\/leppais\/wp-json\/wp\/v2\/posts\/4003\/revisions\/4006"}],"wp:attachment":[{"href":"https:\/\/wp.ufpel.edu.br\/leppais\/wp-json\/wp\/v2\/media?parent=4003"}],"wp:term":[{"taxonomy":"category","embeddable":true,"href":"https:\/\/wp.ufpel.edu.br\/leppais\/wp-json\/wp\/v2\/categories?post=4003"},{"taxonomy":"post_tag","embeddable":true,"href":"https:\/\/wp.ufpel.edu.br\/leppais\/wp-json\/wp\/v2\/tags?post=4003"}],"curies":[{"name":"wp","href":"https:\/\/api.w.org\/{rel}","templated":true}]}}