{"id":3931,"date":"2023-09-19T09:54:49","date_gmt":"2023-09-19T12:54:49","guid":{"rendered":"https:\/\/wp.ufpel.edu.br\/leppais\/?p=3931"},"modified":"2023-09-19T09:54:49","modified_gmt":"2023-09-19T12:54:49","slug":"selecao-mestrado-e-doutorado-2024-ppgant","status":"publish","type":"post","link":"https:\/\/wp.ufpel.edu.br\/leppais\/2023\/09\/19\/selecao-mestrado-e-doutorado-2024-ppgant\/","title":{"rendered":"Sele\u00e7\u00e3o MESTRADO e DOUTORADO 2024 &#8211; PPGAnt"},"content":{"rendered":"<p><img data-recalc-dims=\"1\" loading=\"lazy\" decoding=\"async\" data-attachment-id=\"3932\" data-permalink=\"https:\/\/wp.ufpel.edu.br\/leppais\/2023\/09\/19\/selecao-mestrado-e-doutorado-2024-ppgant\/selecao-ppgant-qr-code_v3\/\" data-orig-file=\"https:\/\/i0.wp.com\/wp.ufpel.edu.br\/leppais\/files\/2023\/09\/Selecao-PPGAnt-QR-CODE_v3.png?fit=1080%2C1080&amp;ssl=1\" data-orig-size=\"1080,1080\" data-comments-opened=\"0\" data-image-meta=\"{&quot;aperture&quot;:&quot;0&quot;,&quot;credit&quot;:&quot;&quot;,&quot;camera&quot;:&quot;&quot;,&quot;caption&quot;:&quot;&quot;,&quot;created_timestamp&quot;:&quot;0&quot;,&quot;copyright&quot;:&quot;&quot;,&quot;focal_length&quot;:&quot;0&quot;,&quot;iso&quot;:&quot;0&quot;,&quot;shutter_speed&quot;:&quot;0&quot;,&quot;title&quot;:&quot;&quot;,&quot;orientation&quot;:&quot;0&quot;}\" data-image-title=\"Selecao-PPGAnt-QR-CODE_v3\" data-image-description=\"\" data-image-caption=\"\" data-medium-file=\"https:\/\/i0.wp.com\/wp.ufpel.edu.br\/leppais\/files\/2023\/09\/Selecao-PPGAnt-QR-CODE_v3.png?fit=300%2C300&amp;ssl=1\" data-large-file=\"https:\/\/i0.wp.com\/wp.ufpel.edu.br\/leppais\/files\/2023\/09\/Selecao-PPGAnt-QR-CODE_v3.png?fit=584%2C584&amp;ssl=1\" class=\"alignnone wp-image-3932 size-full\" src=\"https:\/\/i0.wp.com\/wp.ufpel.edu.br\/leppais\/files\/2023\/09\/Selecao-PPGAnt-QR-CODE_v3.png?resize=584%2C584&#038;ssl=1\" alt=\"\" width=\"584\" height=\"584\" srcset=\"https:\/\/i0.wp.com\/wp.ufpel.edu.br\/leppais\/files\/2023\/09\/Selecao-PPGAnt-QR-CODE_v3.png?w=1080&amp;ssl=1 1080w, https:\/\/i0.wp.com\/wp.ufpel.edu.br\/leppais\/files\/2023\/09\/Selecao-PPGAnt-QR-CODE_v3.png?resize=300%2C300&amp;ssl=1 300w, https:\/\/i0.wp.com\/wp.ufpel.edu.br\/leppais\/files\/2023\/09\/Selecao-PPGAnt-QR-CODE_v3.png?resize=1024%2C1024&amp;ssl=1 1024w, https:\/\/i0.wp.com\/wp.ufpel.edu.br\/leppais\/files\/2023\/09\/Selecao-PPGAnt-QR-CODE_v3.png?resize=150%2C150&amp;ssl=1 150w, https:\/\/i0.wp.com\/wp.ufpel.edu.br\/leppais\/files\/2023\/09\/Selecao-PPGAnt-QR-CODE_v3.png?resize=768%2C768&amp;ssl=1 768w, https:\/\/i0.wp.com\/wp.ufpel.edu.br\/leppais\/files\/2023\/09\/Selecao-PPGAnt-QR-CODE_v3.png?resize=50%2C50&amp;ssl=1 50w\" sizes=\"auto, (max-width: 584px) 100vw, 584px\" \/><\/p>\n<p>Programa de P\u00f3s Gradua\u00e7\u00e3o em Antropologia | MESTRADO e DOUTORADO<\/p>\n<p>Editais: <strong><a href=\"https:\/\/wp.ufpel.edu.br\/ppgant\/2023\/09\/14\/editais-de-selecao-de-estudante-regular-mestrado-e-doutorado-2024-1\/\">https:\/\/wp.ufpel.edu.br\/ppgant\/2023\/09\/14\/editais-de-selecao-de-estudante-regular-mestrado-e-doutorado-2024-1\/<\/a><\/strong><\/p>\n","protected":false},"excerpt":{"rendered":"<p>Programa de P\u00f3s Gradua\u00e7\u00e3o em Antropologia | MESTRADO e DOUTORADO Editais: https:\/\/wp.ufpel.edu.br\/ppgant\/2023\/09\/14\/editais-de-selecao-de-estudante-regular-mestrado-e-doutorado-2024-1\/<\/p>\n","protected":false},"author":641,"featured_media":0,"comment_status":"closed","ping_status":"closed","sticky":false,"template":"","format":"standard","meta":{"advanced_seo_description":"","jetpack_seo_html_title":"","jetpack_seo_noindex":false,"jetpack_post_was_ever_published":false,"_jetpack_newsletter_access":"","_jetpack_dont_email_post_to_subs":false,"_jetpack_newsletter_tier_id":0,"_jetpack_memberships_contains_paywalled_content":false,"_jetpack_memberships_contains_paid_content":false,"footnotes":"","jetpack_publicize_message":"","jetpack_publicize_feature_enabled":true,"jetpack_social_post_already_shared":true,"jetpack_social_options":{"image_generator_settings":{"template":"highway","default_image_id":0,"font":"","enabled":false},"version":2}},"categories":[24,1],"tags":[],"class_list":["post-3931","post","type-post","status-publish","format-standard","hentry","category-divulgacao","category-noticias"],"jetpack_publicize_connections":[],"jetpack_featured_media_url":"","jetpack_sharing_enabled":true,"jetpack_shortlink":"https:\/\/wp.me\/payVYo-11p","jetpack-related-posts":[{"id":4393,"url":"https:\/\/wp.ufpel.edu.br\/leppais\/2025\/07\/24\/selecao-de-bolsista-bolsa-papin-mestrado-em-antropologia\/","url_meta":{"origin":3931,"position":0},"title":"Sele\u00e7\u00e3o de bolsista: BOLSA PAPIN (Mestrado em antropologia)","author":"antropologia","date":"24\/07\/2025","format":false,"excerpt":"Os Programas de P\u00f3s-gradua\u00e7\u00e3o em Antropologia (PPGAnt), Arquitetura e Urbanismo (PROGRAU), P\u00f3s-Gradua\u00e7\u00e3o em Computa\u00e7\u00e3o (PPGC) e Letras (PPGL) da Universidade Federal de Pelotas (UFPel) lan\u00e7aram, em conjunto, o edital para sele\u00e7\u00e3o de estudantes regulares COM BOLSA, com ingresso no semestre 2025\/2 e in\u00edcio das atividades em setembro de 2025. O\u2026","rel":"","context":"Em &quot;Bolsa&quot;","block_context":{"text":"Bolsa","link":"https:\/\/wp.ufpel.edu.br\/leppais\/category\/bolsa\/"},"img":{"alt_text":"","src":"https:\/\/i0.wp.com\/wp.ufpel.edu.br\/leppais\/files\/2025\/07\/Palestra-Educacao-e-Empreendedorismo-Post-20.png?resize=350%2C200&ssl=1","width":350,"height":200,"srcset":"https:\/\/i0.wp.com\/wp.ufpel.edu.br\/leppais\/files\/2025\/07\/Palestra-Educacao-e-Empreendedorismo-Post-20.png?resize=350%2C200&ssl=1 1x, https:\/\/i0.wp.com\/wp.ufpel.edu.br\/leppais\/files\/2025\/07\/Palestra-Educacao-e-Empreendedorismo-Post-20.png?resize=525%2C300&ssl=1 1.5x, https:\/\/i0.wp.com\/wp.ufpel.edu.br\/leppais\/files\/2025\/07\/Palestra-Educacao-e-Empreendedorismo-Post-20.png?resize=700%2C400&ssl=1 2x, https:\/\/i0.wp.com\/wp.ufpel.edu.br\/leppais\/files\/2025\/07\/Palestra-Educacao-e-Empreendedorismo-Post-20.png?resize=1050%2C600&ssl=1 3x"},"classes":[]},{"id":3044,"url":"https:\/\/wp.ufpel.edu.br\/leppais\/2020\/01\/15\/fotosururu-2020-encontro-de-fotografia-criativa-em-maceio\/","url_meta":{"origin":3931,"position":1},"title":"FOTOSURURU 2020 &#8211; Encontro de Fotografia Criativa em Macei\u00f3","author":"antropologia","date":"15\/01\/2020","format":false,"excerpt":"A\u00a0Chamada para Pesquisadores, lan\u00e7ada no\u00a0FotoSururu 2020, busca ampliar o di\u00e1logo entre pesquisadores, artistas visuais e fot\u00f3grafos reunindo trabalhos de pesquisa a serem apresentados em forma de comunica\u00e7\u00e3o oral em pain\u00e9is tem\u00e1ticos durante o evento. Podem ser submetidos resultados finais ou parciais de projetos em n\u00edvel de inicia\u00e7\u00e3o cient\u00edfica, mestrado, doutorado\u2026","rel":"","context":"Em &quot;Divulga\u00e7\u00e3o&quot;","block_context":{"text":"Divulga\u00e7\u00e3o","link":"https:\/\/wp.ufpel.edu.br\/leppais\/category\/divulgacao\/"},"img":{"alt_text":"","src":"https:\/\/i0.wp.com\/wp.ufpel.edu.br\/leppais\/files\/2020\/01\/fotosururu.jpg?resize=350%2C200&ssl=1","width":350,"height":200,"srcset":"https:\/\/i0.wp.com\/wp.ufpel.edu.br\/leppais\/files\/2020\/01\/fotosururu.jpg?resize=350%2C200&ssl=1 1x, https:\/\/i0.wp.com\/wp.ufpel.edu.br\/leppais\/files\/2020\/01\/fotosururu.jpg?resize=525%2C300&ssl=1 1.5x, https:\/\/i0.wp.com\/wp.ufpel.edu.br\/leppais\/files\/2020\/01\/fotosururu.jpg?resize=700%2C400&ssl=1 2x"},"classes":[]},{"id":770,"url":"https:\/\/wp.ufpel.edu.br\/leppais\/2017\/03\/07\/disciplina-de-teoria-ii-ppgant\/","url_meta":{"origin":3931,"position":2},"title":"DISCIPLINA DE TEORIA II (PPGAnt)","author":"antropologia","date":"07\/03\/2017","format":false,"excerpt":"Na \u00faltima unidade da disciplina, adotamos a Metodologia dos Caf\u00e9s (http:\/\/cocriar.com.br\/biblioteca\/metodologias\/world-cafe\/) para a discuss\u00e3o dos temas e leituras indicados no programa. A sess\u00e3o do dia 23 de fevereiro, dedicada \u00e0 discuss\u00e3o sobre COSMOPOLITICA, foi realizada na Castelinho da XV, com encerramento regado \u00e0 cerveja produzida no local! A sess\u00e3o do\u2026","rel":"","context":"Em &quot;Disciplinas&quot;","block_context":{"text":"Disciplinas","link":"https:\/\/wp.ufpel.edu.br\/leppais\/category\/disciplinas\/"},"img":{"alt_text":"","src":"https:\/\/i0.wp.com\/wp.ufpel.edu.br\/leppais\/files\/2017\/03\/img_7175.jpg?resize=350%2C200&ssl=1","width":350,"height":200,"srcset":"https:\/\/i0.wp.com\/wp.ufpel.edu.br\/leppais\/files\/2017\/03\/img_7175.jpg?resize=350%2C200&ssl=1 1x, https:\/\/i0.wp.com\/wp.ufpel.edu.br\/leppais\/files\/2017\/03\/img_7175.jpg?resize=525%2C300&ssl=1 1.5x, https:\/\/i0.wp.com\/wp.ufpel.edu.br\/leppais\/files\/2017\/03\/img_7175.jpg?resize=700%2C400&ssl=1 2x, https:\/\/i0.wp.com\/wp.ufpel.edu.br\/leppais\/files\/2017\/03\/img_7175.jpg?resize=1050%2C600&ssl=1 3x, https:\/\/i0.wp.com\/wp.ufpel.edu.br\/leppais\/files\/2017\/03\/img_7175.jpg?resize=1400%2C800&ssl=1 4x"},"classes":[]},{"id":3203,"url":"https:\/\/wp.ufpel.edu.br\/leppais\/2020\/07\/20\/roda-de-chimarrao-cuidativa-produzido-pelo-grupo-de-teatro-interativo-junto-ao-projeto-pandemia-de-narrativas\/","url_meta":{"origin":3931,"position":3},"title":"Roda de Chimarr\u00e3o CuidATIVA\u201d produzido pelo Grupo de Teatro Interativo junto ao projeto Pandemia de Narrativas","author":"antropologia","date":"20\/07\/2020","format":false,"excerpt":"Roda de Chimarr\u00e3o CuidATIVA\u201d produzido pelo Grupo de Teatro Interativo junto ao projeto Pandemia de Narrativas. O v\u00eddeo \u00e9 uma atividade \u00e0 dist\u00e2ncia do projeto de extens\u00e3o \u201cGrupo de Teatro Interativo: teatro & terapia\u201d (Pr\u00e1ticas Integrativas e Complementares) da CuidATIVA \u2013 Unidade de Cuidados Paliativos da Faculdade de Medicina\/UFPel, cujo\u2026","rel":"","context":"Em &quot;Antropo\u00e9ticas&quot;","block_context":{"text":"Antropo\u00e9ticas","link":"https:\/\/wp.ufpel.edu.br\/leppais\/category\/antropoeticas\/"},"img":{"alt_text":"","src":"https:\/\/i0.wp.com\/img.youtube.com\/vi\/XZyoXcOVJ18\/0.jpg?resize=350%2C200","width":350,"height":200},"classes":[]},{"id":3091,"url":"https:\/\/wp.ufpel.edu.br\/leppais\/2020\/04\/01\/pesquisa-sobre-o-dia-do-patrimonio\/","url_meta":{"origin":3931,"position":4},"title":"Pesquisa sobre o Dia do Patrim\u00f4nio","author":"antropologia","date":"01\/04\/2020","format":false,"excerpt":"O question\u00e1rio abaixo faz parte de uma pesquisa de mestrado em Antropologia Social, desenvolvida por Pierre Chagas (PPGANT-UFPel), em que o Patrim\u00f4nio Cultural na cidade de Pelotas forma o centro das discuss\u00f5es. Assim a sua participa\u00e7\u00e3o \u00e9 relevante para o andamento deste estudo. Acesse link e participe! https:\/\/docs.google.com\/forms\/d\/e\/1FAIpQLSdreaKOJd1Jp9eNdWoe5eRnGxyJkJrUQCrm9DCzaw1qRA8ONg\/viewform","rel":"","context":"Em &quot;Divulga\u00e7\u00e3o&quot;","block_context":{"text":"Divulga\u00e7\u00e3o","link":"https:\/\/wp.ufpel.edu.br\/leppais\/category\/divulgacao\/"},"img":{"alt_text":"","src":"https:\/\/i0.wp.com\/wp.ufpel.edu.br\/leppais\/files\/2020\/04\/FB_IMG_1585751490515.jpg?resize=350%2C200&ssl=1","width":350,"height":200,"srcset":"https:\/\/i0.wp.com\/wp.ufpel.edu.br\/leppais\/files\/2020\/04\/FB_IMG_1585751490515.jpg?resize=350%2C200&ssl=1 1x, https:\/\/i0.wp.com\/wp.ufpel.edu.br\/leppais\/files\/2020\/04\/FB_IMG_1585751490515.jpg?resize=525%2C300&ssl=1 1.5x, https:\/\/i0.wp.com\/wp.ufpel.edu.br\/leppais\/files\/2020\/04\/FB_IMG_1585751490515.jpg?resize=700%2C400&ssl=1 2x"},"classes":[]},{"id":3959,"url":"https:\/\/wp.ufpel.edu.br\/leppais\/2023\/11\/17\/chamada-do-leppais-para-candidatura-bolsa-cnpq-pos-doutorado-pdj-e-pds\/","url_meta":{"origin":3931,"position":5},"title":"Chamada do LEPPAIS para candidatura bolsa CNPq \u2013 P\u00f3s-doutorado (PDJ e PDS)","author":"antropologia","date":"17\/11\/2023","format":false,"excerpt":"LInk https:\/\/memoria2.cnpq.br\/web\/guest\/chamadas-publicas?p_p_id=resultadosportlet_WAR_resultadoscnpqportlet_INSTANCE_0ZaM&filtro=abertas&detalha=chamadaDivulgada&idDivulgacao=11765","rel":"","context":"Em &quot;Not\u00edcias&quot;","block_context":{"text":"Not\u00edcias","link":"https:\/\/wp.ufpel.edu.br\/leppais\/category\/noticias\/"},"img":{"alt_text":"","src":"https:\/\/i0.wp.com\/wp.ufpel.edu.br\/leppais\/files\/2023\/11\/Chamada-bolsa-CNPq-PDJ-PDS_v2.jpg?resize=350%2C200&ssl=1","width":350,"height":200,"srcset":"https:\/\/i0.wp.com\/wp.ufpel.edu.br\/leppais\/files\/2023\/11\/Chamada-bolsa-CNPq-PDJ-PDS_v2.jpg?resize=350%2C200&ssl=1 1x, https:\/\/i0.wp.com\/wp.ufpel.edu.br\/leppais\/files\/2023\/11\/Chamada-bolsa-CNPq-PDJ-PDS_v2.jpg?resize=525%2C300&ssl=1 1.5x, https:\/\/i0.wp.com\/wp.ufpel.edu.br\/leppais\/files\/2023\/11\/Chamada-bolsa-CNPq-PDJ-PDS_v2.jpg?resize=700%2C400&ssl=1 2x, https:\/\/i0.wp.com\/wp.ufpel.edu.br\/leppais\/files\/2023\/11\/Chamada-bolsa-CNPq-PDJ-PDS_v2.jpg?resize=1050%2C600&ssl=1 3x"},"classes":[]}],"jetpack_likes_enabled":true,"_links":{"self":[{"href":"https:\/\/wp.ufpel.edu.br\/leppais\/wp-json\/wp\/v2\/posts\/3931","targetHints":{"allow":["GET"]}}],"collection":[{"href":"https:\/\/wp.ufpel.edu.br\/leppais\/wp-json\/wp\/v2\/posts"}],"about":[{"href":"https:\/\/wp.ufpel.edu.br\/leppais\/wp-json\/wp\/v2\/types\/post"}],"author":[{"embeddable":true,"href":"https:\/\/wp.ufpel.edu.br\/leppais\/wp-json\/wp\/v2\/users\/641"}],"replies":[{"embeddable":true,"href":"https:\/\/wp.ufpel.edu.br\/leppais\/wp-json\/wp\/v2\/comments?post=3931"}],"version-history":[{"count":1,"href":"https:\/\/wp.ufpel.edu.br\/leppais\/wp-json\/wp\/v2\/posts\/3931\/revisions"}],"predecessor-version":[{"id":3933,"href":"https:\/\/wp.ufpel.edu.br\/leppais\/wp-json\/wp\/v2\/posts\/3931\/revisions\/3933"}],"wp:attachment":[{"href":"https:\/\/wp.ufpel.edu.br\/leppais\/wp-json\/wp\/v2\/media?parent=3931"}],"wp:term":[{"taxonomy":"category","embeddable":true,"href":"https:\/\/wp.ufpel.edu.br\/leppais\/wp-json\/wp\/v2\/categories?post=3931"},{"taxonomy":"post_tag","embeddable":true,"href":"https:\/\/wp.ufpel.edu.br\/leppais\/wp-json\/wp\/v2\/tags?post=3931"}],"curies":[{"name":"wp","href":"https:\/\/api.w.org\/{rel}","templated":true}]}}