{"id":3855,"date":"2023-08-28T15:18:42","date_gmt":"2023-08-28T18:18:42","guid":{"rendered":"https:\/\/wp.ufpel.edu.br\/leppais\/?p=3855"},"modified":"2023-08-28T15:18:42","modified_gmt":"2023-08-28T18:18:42","slug":"31-ago-2023-ultima-sessao-mostra-premio-pierre-verger","status":"publish","type":"post","link":"https:\/\/wp.ufpel.edu.br\/leppais\/2023\/08\/28\/31-ago-2023-ultima-sessao-mostra-premio-pierre-verger\/","title":{"rendered":"31 AGO 2023 \u2013 \u00daltima Sess\u00e3o Mostra Pr\u00eamio Pierre Verger"},"content":{"rendered":"<p><img data-recalc-dims=\"1\" loading=\"lazy\" decoding=\"async\" data-attachment-id=\"3856\" data-permalink=\"https:\/\/wp.ufpel.edu.br\/leppais\/2023\/08\/28\/31-ago-2023-ultima-sessao-mostra-premio-pierre-verger\/cartaz-ppv2023-cineufpel-sessao-31ago\/\" data-orig-file=\"https:\/\/i0.wp.com\/wp.ufpel.edu.br\/leppais\/files\/2023\/08\/Cartaz-PPV2023-cineufpel-SESSAO-31AGO.jpg?fit=1080%2C1080&amp;ssl=1\" data-orig-size=\"1080,1080\" data-comments-opened=\"0\" data-image-meta=\"{&quot;aperture&quot;:&quot;0&quot;,&quot;credit&quot;:&quot;&quot;,&quot;camera&quot;:&quot;&quot;,&quot;caption&quot;:&quot;&quot;,&quot;created_timestamp&quot;:&quot;0&quot;,&quot;copyright&quot;:&quot;&quot;,&quot;focal_length&quot;:&quot;0&quot;,&quot;iso&quot;:&quot;0&quot;,&quot;shutter_speed&quot;:&quot;0&quot;,&quot;title&quot;:&quot;&quot;,&quot;orientation&quot;:&quot;0&quot;}\" data-image-title=\"Cartaz-PPV2023-cineufpel&amp;#8212;SESSAO-31AGO\" data-image-description=\"\" data-image-caption=\"\" data-medium-file=\"https:\/\/i0.wp.com\/wp.ufpel.edu.br\/leppais\/files\/2023\/08\/Cartaz-PPV2023-cineufpel-SESSAO-31AGO.jpg?fit=300%2C300&amp;ssl=1\" data-large-file=\"https:\/\/i0.wp.com\/wp.ufpel.edu.br\/leppais\/files\/2023\/08\/Cartaz-PPV2023-cineufpel-SESSAO-31AGO.jpg?fit=584%2C584&amp;ssl=1\" class=\"alignnone wp-image-3856 size-full\" src=\"https:\/\/i0.wp.com\/wp.ufpel.edu.br\/leppais\/files\/2023\/08\/Cartaz-PPV2023-cineufpel-SESSAO-31AGO.jpg?resize=584%2C584&#038;ssl=1\" alt=\"\" width=\"584\" height=\"584\" srcset=\"https:\/\/i0.wp.com\/wp.ufpel.edu.br\/leppais\/files\/2023\/08\/Cartaz-PPV2023-cineufpel-SESSAO-31AGO.jpg?w=1080&amp;ssl=1 1080w, https:\/\/i0.wp.com\/wp.ufpel.edu.br\/leppais\/files\/2023\/08\/Cartaz-PPV2023-cineufpel-SESSAO-31AGO.jpg?resize=300%2C300&amp;ssl=1 300w, https:\/\/i0.wp.com\/wp.ufpel.edu.br\/leppais\/files\/2023\/08\/Cartaz-PPV2023-cineufpel-SESSAO-31AGO.jpg?resize=1024%2C1024&amp;ssl=1 1024w, https:\/\/i0.wp.com\/wp.ufpel.edu.br\/leppais\/files\/2023\/08\/Cartaz-PPV2023-cineufpel-SESSAO-31AGO.jpg?resize=150%2C150&amp;ssl=1 150w, https:\/\/i0.wp.com\/wp.ufpel.edu.br\/leppais\/files\/2023\/08\/Cartaz-PPV2023-cineufpel-SESSAO-31AGO.jpg?resize=768%2C768&amp;ssl=1 768w, https:\/\/i0.wp.com\/wp.ufpel.edu.br\/leppais\/files\/2023\/08\/Cartaz-PPV2023-cineufpel-SESSAO-31AGO.jpg?resize=50%2C50&amp;ssl=1 50w\" sizes=\"auto, (max-width: 584px) 100vw, 584px\" \/><\/p>\n<p>Segue abaixo os respectivos links para Mostra Itinerante de Filmes Etnogr\u00e1ficos Pr\u00eamio Pierre Verger \/ edi\u00e7\u00e3o 2022.<\/p>\n<p>Link para inscri\u00e7\u00e3o: <strong><a href=\"https:\/\/forms.gle\/HnxgUTByvnWYDgMw8\">https:\/\/forms.gle\/HnxgUTByvnWYDgMw8<\/a><\/strong><\/p>\n<p>Link do canal do LABOME e do LEPPAIS onde ser\u00e1 transmitido:<br \/>\n<a href=\"https:\/\/youtube.com\/@LabomeVisualidades\">https:\/\/youtube.com\/@LabomeVisualidades<\/a><\/p>\n<p><a href=\"https:\/\/www.youtube.com\/@leppais\/streams\">https:\/\/www.youtube.com\/@leppais\/streams<\/a><\/p>\n<p style=\"text-align: justify;\"><strong>Canto de Fam\u00edlia<\/strong> (2020) 74min<br \/>\nUma fam\u00edlia decide abrir uma escola de m\u00fasica erudita na sua pr\u00f3pria casa: Bento, Lane, e seus seis filhos &#8211; Axel, Ma\u00edra, Cec\u00edlia, M\u00edrian, Vict\u00f3ria e Bruno &#8211; montam o Projeto Acordes M\u00e1gicos. Os irm\u00e3os Cruz, ent\u00e3o, se organizam para dar aulas e ensinar \u00e0s outras crian\u00e7as do bairro aquilo que amam. Pouco a pouco, a casa se transforma num local de encontros musicais, num dos bairros mais perigosos da periferia de Fortaleza. Mas, para alcan\u00e7ar o sonho de viver de m\u00fasica, ser\u00e1 preciso um pouco mais. At\u00e9 onde a m\u00fasica os levar\u00e1?<\/p>\n<p style=\"text-align: justify;\"><strong>Carlos Caps Drag Race<\/strong> (2022) 25min<br \/>\nTr\u00eas drag queens brasileiras se preparam para uma Drag Race em S\u00e3o Paulo. Enquanto se arrumam para o show, Satine, Di Vina Kaskaria e Gabeeh Brasil compartilham sobre como as experi\u00eancias e lutas vividas no processo de elabora\u00e7\u00e3o das suas drags as transformaram em multi-artistas. Durante o concurso, essa transforma\u00e7\u00e3o \u00e9 revelada e encenada, e se mistura \u00e0 festa Caps Lock, na vibrante cena independente de m\u00fasica eletr\u00f4nica em S\u00e3o Paulo.<\/p>\n<p style=\"text-align: justify;\"><strong>Cybershota<\/strong> (2022) 19min<br \/>\nNubia \u00e9 uma clubber e fot\u00f3grafa da cena independente de m\u00fasica eletr\u00f4nica em S\u00e3o Paulo. Andando pelo centro da cidade de S\u00e3o Paulo, durante o evento SP na Rua, ela fotografa enquanto dan\u00e7a e interage com amigos e performers. Suas fotografias revelam um olhar original, pol\u00edtico e est\u00e9tico, que capta de forma v\u00edvida as cenas desse universo deslumbrante.<\/p>\n","protected":false},"excerpt":{"rendered":"<p>Segue abaixo os respectivos links para Mostra Itinerante de Filmes Etnogr\u00e1ficos Pr\u00eamio Pierre Verger \/ edi\u00e7\u00e3o 2022. Link para inscri\u00e7\u00e3o: https:\/\/forms.gle\/HnxgUTByvnWYDgMw8 Link do canal do LABOME e do LEPPAIS onde ser\u00e1 transmitido: https:\/\/youtube.com\/@LabomeVisualidades https:\/\/www.youtube.com\/@leppais\/streams Canto de Fam\u00edlia (2020) 74min Uma &hellip; <a href=\"https:\/\/wp.ufpel.edu.br\/leppais\/2023\/08\/28\/31-ago-2023-ultima-sessao-mostra-premio-pierre-verger\/\">Continue lendo <span class=\"meta-nav\">&rarr;<\/span><\/a><\/p>\n","protected":false},"author":641,"featured_media":0,"comment_status":"closed","ping_status":"closed","sticky":false,"template":"","format":"standard","meta":{"advanced_seo_description":"","jetpack_seo_html_title":"","jetpack_seo_noindex":false,"jetpack_post_was_ever_published":false,"_jetpack_newsletter_access":"","_jetpack_dont_email_post_to_subs":false,"_jetpack_newsletter_tier_id":0,"_jetpack_memberships_contains_paywalled_content":false,"_jetpack_memberships_contains_paid_content":false,"footnotes":"","jetpack_publicize_message":"","jetpack_publicize_feature_enabled":true,"jetpack_social_post_already_shared":true,"jetpack_social_options":{"image_generator_settings":{"template":"highway","default_image_id":0,"font":"","enabled":false},"version":2}},"categories":[7,24,9,1],"tags":[],"class_list":["post-3855","post","type-post","status-publish","format-standard","hentry","category-convite","category-divulgacao","category-eventos","category-noticias"],"jetpack_publicize_connections":[],"jetpack_featured_media_url":"","jetpack_sharing_enabled":true,"jetpack_shortlink":"https:\/\/wp.me\/payVYo-10b","jetpack-related-posts":[{"id":3845,"url":"https:\/\/wp.ufpel.edu.br\/leppais\/2023\/08\/15\/17-ago-2023-3a-sessao-mostra-premio-pierre-verger\/","url_meta":{"origin":3855,"position":0},"title":"17 AGO 2023 \u2013 3\u00aa Sess\u00e3o Mostra Pr\u00eamio Pierre Verger","author":"antropologia","date":"15\/08\/2023","format":false,"excerpt":"Segue abaixo os respectivos links para Mostra Itinerante de Filmes Etnogr\u00e1ficos Pr\u00eamio Pierre Verger \/ edi\u00e7\u00e3o 2022. Link para inscri\u00e7\u00e3o: https:\/\/forms.gle\/HnxgUTByvnWYDgMw8 Link do canal do LABOME e do LEPPAIS onde ser\u00e1 transmitido: https:\/\/youtube.com\/@LabomeVisualidades https:\/\/www.youtube.com\/@leppais\/streams Al\u00e1gbed\u00e9 Do ferro-velho ao terreiro, Z\u00e9 Diabo forja deuses em sua oficina por meio do caminho\u2026","rel":"","context":"Em &quot;Convite&quot;","block_context":{"text":"Convite","link":"https:\/\/wp.ufpel.edu.br\/leppais\/category\/convite\/"},"img":{"alt_text":"","src":"https:\/\/i0.wp.com\/wp.ufpel.edu.br\/leppais\/files\/2023\/08\/Cartaz-PPV2023-cineufpel-SESSAO-17AGO.jpg?resize=350%2C200&ssl=1","width":350,"height":200,"srcset":"https:\/\/i0.wp.com\/wp.ufpel.edu.br\/leppais\/files\/2023\/08\/Cartaz-PPV2023-cineufpel-SESSAO-17AGO.jpg?resize=350%2C200&ssl=1 1x, https:\/\/i0.wp.com\/wp.ufpel.edu.br\/leppais\/files\/2023\/08\/Cartaz-PPV2023-cineufpel-SESSAO-17AGO.jpg?resize=525%2C300&ssl=1 1.5x, https:\/\/i0.wp.com\/wp.ufpel.edu.br\/leppais\/files\/2023\/08\/Cartaz-PPV2023-cineufpel-SESSAO-17AGO.jpg?resize=700%2C400&ssl=1 2x, https:\/\/i0.wp.com\/wp.ufpel.edu.br\/leppais\/files\/2023\/08\/Cartaz-PPV2023-cineufpel-SESSAO-17AGO.jpg?resize=1050%2C600&ssl=1 3x"},"classes":[]},{"id":3835,"url":"https:\/\/wp.ufpel.edu.br\/leppais\/2023\/08\/09\/10-ago-2023-2a-sessao-mostra-premio-pierre-verger\/","url_meta":{"origin":3855,"position":1},"title":"10 AGO 2023 \u2013 2\u00aa Sess\u00e3o Mostra Pr\u00eamio Pierre Verger","author":"antropologia","date":"09\/08\/2023","format":false,"excerpt":"Segue abaixo os respectivos links para Mostra Itinerante de Filmes Etnogr\u00e1ficos Pr\u00eamio Pierre Verger \/ edi\u00e7\u00e3o 2022. Link para inscri\u00e7\u00e3o: https:\/\/forms.gle\/HnxgUTByvnWYDgMw8 Link do canal do LABOME e do LEPPAIS onde ser\u00e1 transmitido: https:\/\/youtube.com\/@LabomeVisualidades https:\/\/www.youtube.com\/@leppais\/streams Vamos todos participar \ud83e\udd70 Afro-Sampas (ano de produ\u00e7\u00e3o: 2020) - A presen\u00e7a africana na m\u00fasica brasileira\u2026","rel":"","context":"Em &quot;Convite&quot;","block_context":{"text":"Convite","link":"https:\/\/wp.ufpel.edu.br\/leppais\/category\/convite\/"},"img":{"alt_text":"","src":"https:\/\/i0.wp.com\/wp.ufpel.edu.br\/leppais\/files\/2023\/08\/Cartaz-PPV2023-cineufpel-SESSAO-10AGO.jpg?resize=350%2C200&ssl=1","width":350,"height":200,"srcset":"https:\/\/i0.wp.com\/wp.ufpel.edu.br\/leppais\/files\/2023\/08\/Cartaz-PPV2023-cineufpel-SESSAO-10AGO.jpg?resize=350%2C200&ssl=1 1x, https:\/\/i0.wp.com\/wp.ufpel.edu.br\/leppais\/files\/2023\/08\/Cartaz-PPV2023-cineufpel-SESSAO-10AGO.jpg?resize=525%2C300&ssl=1 1.5x, https:\/\/i0.wp.com\/wp.ufpel.edu.br\/leppais\/files\/2023\/08\/Cartaz-PPV2023-cineufpel-SESSAO-10AGO.jpg?resize=700%2C400&ssl=1 2x, https:\/\/i0.wp.com\/wp.ufpel.edu.br\/leppais\/files\/2023\/08\/Cartaz-PPV2023-cineufpel-SESSAO-10AGO.jpg?resize=1050%2C600&ssl=1 3x"},"classes":[]},{"id":3831,"url":"https:\/\/wp.ufpel.edu.br\/leppais\/2023\/08\/03\/e-hoje-03-ago-2023-1a-sessao-mostra-premio-pierre-verger\/","url_meta":{"origin":3855,"position":2},"title":"\u00c9 hoje 03 AGO 2023 &#8211; 1\u00aa Sess\u00e3o Mostra Pr\u00eamio Pierre Verger","author":"antropologia","date":"03\/08\/2023","format":false,"excerpt":"Confer\u00eancia online no Google Meet para inscritos no formul\u00e1rio: https:\/\/forms.gle\/HnxgUTByvnWYDgMw8 Transmiss\u00e3o da introdu\u00e7\u00e3o e debate ao vivo para p\u00fablico geral: https:\/\/www.youtube.com\/@leppais\/streams Lembrando que a prefer\u00eancia \u00e9 pela participa\u00e7\u00e3o presencial na sala do Cine UFPEL - Rua Lobo da Costa 447, uma vez que a experi\u00eancia visual de assistir o filme\u2026","rel":"","context":"Em &quot;Convite&quot;","block_context":{"text":"Convite","link":"https:\/\/wp.ufpel.edu.br\/leppais\/category\/convite\/"},"img":{"alt_text":"","src":"https:\/\/i0.wp.com\/wp.ufpel.edu.br\/leppais\/files\/2023\/08\/mostra-1a-sessao.jpg?resize=350%2C200&ssl=1","width":350,"height":200,"srcset":"https:\/\/i0.wp.com\/wp.ufpel.edu.br\/leppais\/files\/2023\/08\/mostra-1a-sessao.jpg?resize=350%2C200&ssl=1 1x, https:\/\/i0.wp.com\/wp.ufpel.edu.br\/leppais\/files\/2023\/08\/mostra-1a-sessao.jpg?resize=525%2C300&ssl=1 1.5x, https:\/\/i0.wp.com\/wp.ufpel.edu.br\/leppais\/files\/2023\/08\/mostra-1a-sessao.jpg?resize=700%2C400&ssl=1 2x"},"classes":[]},{"id":3825,"url":"https:\/\/wp.ufpel.edu.br\/leppais\/2023\/08\/01\/1a-sessao-mostra-itinerante-premio-pierre-verger\/","url_meta":{"origin":3855,"position":3},"title":"1\u00aa Sess\u00e3o Mostra Itinerante Pr\u00eamio Pierre Verger","author":"antropologia","date":"01\/08\/2023","format":false,"excerpt":"Lembrando que come\u00e7a na pr\u00f3xima semana a Mostra Itinerante PPV (edi\u00e7\u00e3o 2022), organizada pelo LEPPAIS, em parceria com o LABOME. Para participar preencher o formul\u00e1rio: https:\/\/forms.gle\/HnxgUTByvnWYDgMw8 Evento h\u00edbrido (online e na sala de Cinema da UFPel), com certificado de participa\u00e7\u00e3o. Esperamos voc\u00ea!!!","rel":"","context":"Em &quot;Convite&quot;","block_context":{"text":"Convite","link":"https:\/\/wp.ufpel.edu.br\/leppais\/category\/convite\/"},"img":{"alt_text":"","src":"https:\/\/i0.wp.com\/wp.ufpel.edu.br\/leppais\/files\/2023\/07\/Cartaz-PPV2023-cineufpel-SESSAO-03AGO_v2.jpg?resize=350%2C200&ssl=1","width":350,"height":200,"srcset":"https:\/\/i0.wp.com\/wp.ufpel.edu.br\/leppais\/files\/2023\/07\/Cartaz-PPV2023-cineufpel-SESSAO-03AGO_v2.jpg?resize=350%2C200&ssl=1 1x, https:\/\/i0.wp.com\/wp.ufpel.edu.br\/leppais\/files\/2023\/07\/Cartaz-PPV2023-cineufpel-SESSAO-03AGO_v2.jpg?resize=525%2C300&ssl=1 1.5x, https:\/\/i0.wp.com\/wp.ufpel.edu.br\/leppais\/files\/2023\/07\/Cartaz-PPV2023-cineufpel-SESSAO-03AGO_v2.jpg?resize=700%2C400&ssl=1 2x"},"classes":[]},{"id":3822,"url":"https:\/\/wp.ufpel.edu.br\/leppais\/2023\/07\/28\/mostra-itinerante-premio-pierre-verger-edicao-de-2022-no-cineufpel\/","url_meta":{"origin":3855,"position":4},"title":"Mostra Itinerante Pr\u00eamio Pierre Verger [Edi\u00e7\u00e3o de 2022] no Cineufpel","author":"antropologia","date":"28\/07\/2023","format":false,"excerpt":"Come\u00e7a na pr\u00f3xima semana a Mostra Itinerante PPV (edi\u00e7\u00e3o 2022), organizada pelo LEPPAIS, em parceria com o LABOME. Para participar preencher o formul\u00e1rio: https:\/\/forms.gle\/HnxgUTByvnWYDgMw8 Evento h\u00edbrido (online e na sala de Cinema da UFPel), com certificado de participa\u00e7\u00e3o. Esperamos voc\u00ea!!!","rel":"","context":"Em &quot;Convite&quot;","block_context":{"text":"Convite","link":"https:\/\/wp.ufpel.edu.br\/leppais\/category\/convite\/"},"img":{"alt_text":"","src":"https:\/\/i0.wp.com\/wp.ufpel.edu.br\/leppais\/files\/2023\/07\/Cartaz-PPV2023-cineufpel_v3.jpg?resize=350%2C200&ssl=1","width":350,"height":200,"srcset":"https:\/\/i0.wp.com\/wp.ufpel.edu.br\/leppais\/files\/2023\/07\/Cartaz-PPV2023-cineufpel_v3.jpg?resize=350%2C200&ssl=1 1x, https:\/\/i0.wp.com\/wp.ufpel.edu.br\/leppais\/files\/2023\/07\/Cartaz-PPV2023-cineufpel_v3.jpg?resize=525%2C300&ssl=1 1.5x, https:\/\/i0.wp.com\/wp.ufpel.edu.br\/leppais\/files\/2023\/07\/Cartaz-PPV2023-cineufpel_v3.jpg?resize=700%2C400&ssl=1 2x"},"classes":[]},{"id":3464,"url":"https:\/\/wp.ufpel.edu.br\/leppais\/2022\/04\/04\/mostra-itinerante-de-filmes-do-premio-pierre-verger-aba\/","url_meta":{"origin":3855,"position":5},"title":"Mostra Itinerante de filmes do Pr\u00eamio Pierre Verger ABA","author":"antropologia","date":"04\/04\/2022","format":false,"excerpt":"https:\/\/forms.gle\/g274yPyJExYuSU5BA","rel":"","context":"Em &quot;Convite&quot;","block_context":{"text":"Convite","link":"https:\/\/wp.ufpel.edu.br\/leppais\/category\/convite\/"},"img":{"alt_text":"","src":"https:\/\/i0.wp.com\/wp.ufpel.edu.br\/leppais\/files\/2022\/04\/Cartaz-Mostra-Pierre-Verger-2020-2022_v2.jpg?resize=350%2C200&ssl=1","width":350,"height":200,"srcset":"https:\/\/i0.wp.com\/wp.ufpel.edu.br\/leppais\/files\/2022\/04\/Cartaz-Mostra-Pierre-Verger-2020-2022_v2.jpg?resize=350%2C200&ssl=1 1x, https:\/\/i0.wp.com\/wp.ufpel.edu.br\/leppais\/files\/2022\/04\/Cartaz-Mostra-Pierre-Verger-2020-2022_v2.jpg?resize=525%2C300&ssl=1 1.5x, https:\/\/i0.wp.com\/wp.ufpel.edu.br\/leppais\/files\/2022\/04\/Cartaz-Mostra-Pierre-Verger-2020-2022_v2.jpg?resize=700%2C400&ssl=1 2x, https:\/\/i0.wp.com\/wp.ufpel.edu.br\/leppais\/files\/2022\/04\/Cartaz-Mostra-Pierre-Verger-2020-2022_v2.jpg?resize=1050%2C600&ssl=1 3x"},"classes":[]}],"jetpack_likes_enabled":true,"_links":{"self":[{"href":"https:\/\/wp.ufpel.edu.br\/leppais\/wp-json\/wp\/v2\/posts\/3855","targetHints":{"allow":["GET"]}}],"collection":[{"href":"https:\/\/wp.ufpel.edu.br\/leppais\/wp-json\/wp\/v2\/posts"}],"about":[{"href":"https:\/\/wp.ufpel.edu.br\/leppais\/wp-json\/wp\/v2\/types\/post"}],"author":[{"embeddable":true,"href":"https:\/\/wp.ufpel.edu.br\/leppais\/wp-json\/wp\/v2\/users\/641"}],"replies":[{"embeddable":true,"href":"https:\/\/wp.ufpel.edu.br\/leppais\/wp-json\/wp\/v2\/comments?post=3855"}],"version-history":[{"count":1,"href":"https:\/\/wp.ufpel.edu.br\/leppais\/wp-json\/wp\/v2\/posts\/3855\/revisions"}],"predecessor-version":[{"id":3857,"href":"https:\/\/wp.ufpel.edu.br\/leppais\/wp-json\/wp\/v2\/posts\/3855\/revisions\/3857"}],"wp:attachment":[{"href":"https:\/\/wp.ufpel.edu.br\/leppais\/wp-json\/wp\/v2\/media?parent=3855"}],"wp:term":[{"taxonomy":"category","embeddable":true,"href":"https:\/\/wp.ufpel.edu.br\/leppais\/wp-json\/wp\/v2\/categories?post=3855"},{"taxonomy":"post_tag","embeddable":true,"href":"https:\/\/wp.ufpel.edu.br\/leppais\/wp-json\/wp\/v2\/tags?post=3855"}],"curies":[{"name":"wp","href":"https:\/\/api.w.org\/{rel}","templated":true}]}}