{"id":376,"date":"2016-02-12T10:50:55","date_gmt":"2016-02-12T13:50:55","guid":{"rendered":"https:\/\/leppais.wordpress.com\/?p=376"},"modified":"2016-02-12T10:50:55","modified_gmt":"2016-02-12T13:50:55","slug":"conferencia-prof-etienne-samain","status":"publish","type":"post","link":"https:\/\/wp.ufpel.edu.br\/leppais\/2016\/02\/12\/conferencia-prof-etienne-samain\/","title":{"rendered":"Confer\u00eancia Prof. Etienne Samain"},"content":{"rendered":"<p><a href=\"https:\/\/i0.wp.com\/wp.ufpel.edu.br\/leppais\/files\/2016\/02\/etiennesamain-comopensamasimagens.jpg?ssl=1\" rel=\"attachment wp-att-377\"><img data-recalc-dims=\"1\" loading=\"lazy\" decoding=\"async\" data-attachment-id=\"377\" data-permalink=\"https:\/\/wp.ufpel.edu.br\/leppais\/2016\/02\/12\/conferencia-prof-etienne-samain\/etiennesamain-comopensamasimagens\/\" data-orig-file=\"https:\/\/i0.wp.com\/wp.ufpel.edu.br\/leppais\/files\/2016\/02\/etiennesamain-comopensamasimagens.jpg?fit=600%2C693&amp;ssl=1\" data-orig-size=\"600,693\" data-comments-opened=\"0\" data-image-meta=\"{&quot;aperture&quot;:&quot;0&quot;,&quot;credit&quot;:&quot;&quot;,&quot;camera&quot;:&quot;&quot;,&quot;caption&quot;:&quot;&quot;,&quot;created_timestamp&quot;:&quot;0&quot;,&quot;copyright&quot;:&quot;&quot;,&quot;focal_length&quot;:&quot;0&quot;,&quot;iso&quot;:&quot;0&quot;,&quot;shutter_speed&quot;:&quot;0&quot;,&quot;title&quot;:&quot;&quot;,&quot;orientation&quot;:&quot;0&quot;}\" data-image-title=\"EtienneSamain-ComoPensamAsImagens\" data-image-description=\"\" data-image-caption=\"\" data-medium-file=\"https:\/\/i0.wp.com\/wp.ufpel.edu.br\/leppais\/files\/2016\/02\/etiennesamain-comopensamasimagens.jpg?fit=260%2C300&amp;ssl=1\" data-large-file=\"https:\/\/i0.wp.com\/wp.ufpel.edu.br\/leppais\/files\/2016\/02\/etiennesamain-comopensamasimagens.jpg?fit=584%2C675&amp;ssl=1\" class=\"alignnone size-large wp-image-377\" src=\"https:\/\/i0.wp.com\/wp.ufpel.edu.br\/leppais\/files\/2016\/02\/etiennesamain-comopensamasimagens.jpg?resize=584%2C675&#038;ssl=1\" alt=\"EtienneSamain-ComoPensamAsImagens\" width=\"584\" height=\"675\" srcset=\"https:\/\/i0.wp.com\/wp.ufpel.edu.br\/leppais\/files\/2016\/02\/etiennesamain-comopensamasimagens.jpg?w=600&amp;ssl=1 600w, https:\/\/i0.wp.com\/wp.ufpel.edu.br\/leppais\/files\/2016\/02\/etiennesamain-comopensamasimagens.jpg?resize=260%2C300&amp;ssl=1 260w\" sizes=\"auto, (max-width: 584px) 100vw, 584px\" \/><\/a><\/p>\n<div dir=\"ltr\">Etienne Samain \u00e9 refer\u00eancia incontorn\u00e1vel de quem trabalha com Antropologia da Imagem.<\/div>\n<div dir=\"ltr\"><\/div>\n<div dir=\"ltr\">Foi docente do Depto de Cinema e coordenador do p\u00f3s-gradua\u00e7\u00e3o em Multimeios na UNICAMP.<\/div>\n<div dir=\"ltr\"><\/div>\n<div dir=\"ltr\">\n<div dir=\"ltr\">Dentre v\u00e1rias obras, foi respons\u00e1vel por O Fotogr\u00e1fico e Como Pensam as Imagens, tema de sua confer\u00eancia na UFPel, a partir das contribui\u00e7\u00f5es de Aby Warburg, Gregory Bateson e trabalhos relacionados \u00e0 Antropologia da Comunica\u00e7\u00e3o Humana.<\/div>\n<\/div>\n<div dir=\"ltr\"><\/div>\n<div dir=\"ltr\"><\/div>\n<div dir=\"ltr\">E para garantir a participa\u00e7\u00e3o na confer\u00eancia, \u00e9 necess\u00e1rio preencher a ficha de inscri\u00e7\u00e3o (ver link abaixo) e enviar para o email: <a href=\"mailto:lab.leppais@gmail.com\" target=\"_blank\">lab.leppais@gmail.com<\/a><\/div>\n<div dir=\"ltr\"><\/div>\n<div dir=\"ltr\"><\/div>\n<div dir=\"ltr\">https:\/\/drive.google.com\/open?id=0B96O8ikzsLqCMWFrXzZRZ0RHbUE<\/div>\n","protected":false},"excerpt":{"rendered":"<p>Etienne Samain \u00e9 refer\u00eancia incontorn\u00e1vel de quem trabalha com Antropologia da Imagem. Foi docente do Depto de Cinema e coordenador do p\u00f3s-gradua\u00e7\u00e3o em Multimeios na UNICAMP. Dentre v\u00e1rias obras, foi respons\u00e1vel por O Fotogr\u00e1fico e Como Pensam as Imagens, tema &hellip; <a href=\"https:\/\/wp.ufpel.edu.br\/leppais\/2016\/02\/12\/conferencia-prof-etienne-samain\/\">Continue lendo <span class=\"meta-nav\">&rarr;<\/span><\/a><\/p>\n","protected":false},"author":641,"featured_media":0,"comment_status":"open","ping_status":"open","sticky":false,"template":"","format":"standard","meta":{"advanced_seo_description":"","jetpack_seo_html_title":"","jetpack_seo_noindex":false,"jetpack_post_was_ever_published":false,"_jetpack_newsletter_access":"","_jetpack_dont_email_post_to_subs":false,"_jetpack_newsletter_tier_id":0,"_jetpack_memberships_contains_paywalled_content":false,"_jetpack_memberships_contains_paid_content":false,"footnotes":"","jetpack_publicize_message":"","jetpack_publicize_feature_enabled":true,"jetpack_social_post_already_shared":true,"jetpack_social_options":{"image_generator_settings":{"template":"highway","default_image_id":0,"font":"","enabled":false},"version":2}},"categories":[9],"tags":[],"class_list":["post-376","post","type-post","status-publish","format-standard","hentry","category-eventos"],"jetpack_publicize_connections":[],"jetpack_featured_media_url":"","jetpack_sharing_enabled":true,"jetpack_shortlink":"https:\/\/wp.me\/payVYo-64","jetpack-related-posts":[{"id":3682,"url":"https:\/\/wp.ufpel.edu.br\/leppais\/2022\/11\/09\/conferencia-arte-costura-e-imagens-como-narrativas-na-antropologia-10-anos-ppgant\/","url_meta":{"origin":376,"position":0},"title":"Confer\u00eancia &#8211; Arte, costura e imagens como narrativas na antropologia &#8211; 10 anos PPGAnt","author":"antropologia","date":"09\/11\/2022","format":false,"excerpt":"","rel":"","context":"Em &quot;Divulga\u00e7\u00e3o&quot;","block_context":{"text":"Divulga\u00e7\u00e3o","link":"https:\/\/wp.ufpel.edu.br\/leppais\/category\/divulgacao\/"},"img":{"alt_text":"","src":"https:\/\/i0.wp.com\/wp.ufpel.edu.br\/leppais\/files\/2022\/11\/DSC03850.jpg?resize=350%2C200","width":350,"height":200,"srcset":"https:\/\/i0.wp.com\/wp.ufpel.edu.br\/leppais\/files\/2022\/11\/DSC03850.jpg?resize=350%2C200 1x, https:\/\/i0.wp.com\/wp.ufpel.edu.br\/leppais\/files\/2022\/11\/DSC03850.jpg?resize=525%2C300 1.5x, https:\/\/i0.wp.com\/wp.ufpel.edu.br\/leppais\/files\/2022\/11\/DSC03850.jpg?resize=700%2C400 2x, https:\/\/i0.wp.com\/wp.ufpel.edu.br\/leppais\/files\/2022\/11\/DSC03850.jpg?resize=1050%2C600 3x, https:\/\/i0.wp.com\/wp.ufpel.edu.br\/leppais\/files\/2022\/11\/DSC03850.jpg?resize=1400%2C800 4x"},"classes":[]},{"id":2807,"url":"https:\/\/wp.ufpel.edu.br\/leppais\/2019\/08\/08\/fotos-xiii-ram-porto-alegre-2019\/","url_meta":{"origin":376,"position":1},"title":"Fotos XIII RAM &#8211; Porto Alegre 2019","author":"antropologia","date":"08\/08\/2019","format":false,"excerpt":"OF 02) Oficina Antropo\u00e9ticas: etnografia, criatividade e outras grafias Dia 23\/07, na primeira sess\u00e3o, Teceremos reflex\u00f5es que nos acompanham e instigam, atravessando a Escrita, o Desenho, a Montagem com imagens e a Bricolagem. Em um primeiro momento, traremos os trabalhos de Gloria Anzald\u00faa, Silvia Cusicanqui, Tim Ingold, Donna Haraway, numa\u2026","rel":"","context":"Em &quot;Not\u00edcias&quot;","block_context":{"text":"Not\u00edcias","link":"https:\/\/wp.ufpel.edu.br\/leppais\/category\/noticias\/"},"img":{"alt_text":"","src":"https:\/\/i0.wp.com\/wp.ufpel.edu.br\/leppais\/files\/2019\/08\/IMG-20190808-WA0056.jpg?resize=350%2C200","width":350,"height":200,"srcset":"https:\/\/i0.wp.com\/wp.ufpel.edu.br\/leppais\/files\/2019\/08\/IMG-20190808-WA0056.jpg?resize=350%2C200 1x, https:\/\/i0.wp.com\/wp.ufpel.edu.br\/leppais\/files\/2019\/08\/IMG-20190808-WA0056.jpg?resize=525%2C300 1.5x, https:\/\/i0.wp.com\/wp.ufpel.edu.br\/leppais\/files\/2019\/08\/IMG-20190808-WA0056.jpg?resize=700%2C400 2x"},"classes":[]},{"id":3070,"url":"https:\/\/wp.ufpel.edu.br\/leppais\/2020\/01\/30\/apresentacao-profa-claudia-turra-magni-em-lyon-franca\/","url_meta":{"origin":376,"position":2},"title":"Apresenta\u00e7\u00e3o Prof\u00aa Claudia Turra Magni em Lyon\/Fran\u00e7a","author":"antropologia","date":"30\/01\/2020","format":false,"excerpt":"\"O participativo, incontorn\u00e1vel no campo da antropologia visual brasileira\"\u00a0foi a confer\u00eancia de abertura proferida pela Prof\u00aa Claudia Turra Magni na Maison des Sciences de l'Homme da Universidade Lumi\u00e8re Lyon, durante as jornadas de estudo sobre \"O Participativo na Imagem Animada\"\u00a0(23-24 janeiro de 2020). Na segunda parte da comunica\u00e7\u00e3o - \"A\u2026","rel":"","context":"Em &quot;Not\u00edcias&quot;","block_context":{"text":"Not\u00edcias","link":"https:\/\/wp.ufpel.edu.br\/leppais\/category\/noticias\/"},"img":{"alt_text":"","src":"https:\/\/i0.wp.com\/wp.ufpel.edu.br\/leppais\/files\/2020\/01\/sabia.jpg?resize=350%2C200&ssl=1","width":350,"height":200,"srcset":"https:\/\/i0.wp.com\/wp.ufpel.edu.br\/leppais\/files\/2020\/01\/sabia.jpg?resize=350%2C200&ssl=1 1x, https:\/\/i0.wp.com\/wp.ufpel.edu.br\/leppais\/files\/2020\/01\/sabia.jpg?resize=525%2C300&ssl=1 1.5x, https:\/\/i0.wp.com\/wp.ufpel.edu.br\/leppais\/files\/2020\/01\/sabia.jpg?resize=700%2C400&ssl=1 2x"},"classes":[]},{"id":3351,"url":"https:\/\/wp.ufpel.edu.br\/leppais\/2021\/02\/23\/sobre-vivencias-em-tempos-de-pandemia-memorias-em-ensaio\/","url_meta":{"origin":376,"position":3},"title":"(Sobre) viv\u00eancias em tempos de pandemia: mem\u00f3rias em ensaio","author":"antropologia","date":"23\/02\/2021","format":false,"excerpt":"Convidamos tod@s a contribuir com trabalhos para o dossi\u00ea \"(Sobre) viv\u00eancias em tempos de pandemia: mem\u00f3rias em ensaio\", organizado por Daniele Borges e Alex Naka\u00f3ka para a Revista Fotocronografias!! \"A tarefa e o dever deste dossi\u00ea \u00e9 compor um arquivo imag\u00e9tico cuja relev\u00e2ncia se aparenta urgente e necess\u00e1ria, visto que,\u2026","rel":"","context":"Em &quot;Divulga\u00e7\u00e3o&quot;","block_context":{"text":"Divulga\u00e7\u00e3o","link":"https:\/\/wp.ufpel.edu.br\/leppais\/category\/divulgacao\/"},"img":{"alt_text":"","src":"https:\/\/i0.wp.com\/wp.ufpel.edu.br\/leppais\/files\/2021\/02\/Dossie-chamada.jpeg?resize=350%2C200&ssl=1","width":350,"height":200,"srcset":"https:\/\/i0.wp.com\/wp.ufpel.edu.br\/leppais\/files\/2021\/02\/Dossie-chamada.jpeg?resize=350%2C200&ssl=1 1x, https:\/\/i0.wp.com\/wp.ufpel.edu.br\/leppais\/files\/2021\/02\/Dossie-chamada.jpeg?resize=525%2C300&ssl=1 1.5x, https:\/\/i0.wp.com\/wp.ufpel.edu.br\/leppais\/files\/2021\/02\/Dossie-chamada.jpeg?resize=700%2C400&ssl=1 2x, https:\/\/i0.wp.com\/wp.ufpel.edu.br\/leppais\/files\/2021\/02\/Dossie-chamada.jpeg?resize=1050%2C600&ssl=1 3x"},"classes":[]},{"id":3831,"url":"https:\/\/wp.ufpel.edu.br\/leppais\/2023\/08\/03\/e-hoje-03-ago-2023-1a-sessao-mostra-premio-pierre-verger\/","url_meta":{"origin":376,"position":4},"title":"\u00c9 hoje 03 AGO 2023 &#8211; 1\u00aa Sess\u00e3o Mostra Pr\u00eamio Pierre Verger","author":"antropologia","date":"03\/08\/2023","format":false,"excerpt":"Confer\u00eancia online no Google Meet para inscritos no formul\u00e1rio: https:\/\/forms.gle\/HnxgUTByvnWYDgMw8 Transmiss\u00e3o da introdu\u00e7\u00e3o e debate ao vivo para p\u00fablico geral: https:\/\/www.youtube.com\/@leppais\/streams Lembrando que a prefer\u00eancia \u00e9 pela participa\u00e7\u00e3o presencial na sala do Cine UFPEL - Rua Lobo da Costa 447, uma vez que a experi\u00eancia visual de assistir o filme\u2026","rel":"","context":"Em &quot;Convite&quot;","block_context":{"text":"Convite","link":"https:\/\/wp.ufpel.edu.br\/leppais\/category\/convite\/"},"img":{"alt_text":"","src":"https:\/\/i0.wp.com\/wp.ufpel.edu.br\/leppais\/files\/2023\/08\/mostra-1a-sessao.jpg?resize=350%2C200&ssl=1","width":350,"height":200,"srcset":"https:\/\/i0.wp.com\/wp.ufpel.edu.br\/leppais\/files\/2023\/08\/mostra-1a-sessao.jpg?resize=350%2C200&ssl=1 1x, https:\/\/i0.wp.com\/wp.ufpel.edu.br\/leppais\/files\/2023\/08\/mostra-1a-sessao.jpg?resize=525%2C300&ssl=1 1.5x, https:\/\/i0.wp.com\/wp.ufpel.edu.br\/leppais\/files\/2023\/08\/mostra-1a-sessao.jpg?resize=700%2C400&ssl=1 2x"},"classes":[]},{"id":3227,"url":"https:\/\/wp.ufpel.edu.br\/leppais\/2020\/08\/10\/iv-encontro-de-antropologia-visual-da-america-amazonica\/","url_meta":{"origin":376,"position":5},"title":"IV Encontro de Antropologia Visual da Am\u00e9rica Amaz\u00f4nica","author":"antropologia","date":"10\/08\/2020","format":false,"excerpt":"O IV Encontro de Antropologia Visual da Am\u00e9rica Amaz\u00f4nica acontecer\u00e1 entre os dias 17 e 20 de novembro de 2020, de modo totalmente online seguindo a tend\u00eancia mundial de realiza\u00e7\u00e3o de eventos para este ano. Junte-se a n\u00f3s, resistamos! https:\/\/eavaam.com.br\/2020\/ \u00a0 Convidamos todes a participarem do nosso: GT05 \u2013 A\u2026","rel":"","context":"Em &quot;Divulga\u00e7\u00e3o&quot;","block_context":{"text":"Divulga\u00e7\u00e3o","link":"https:\/\/wp.ufpel.edu.br\/leppais\/category\/divulgacao\/"},"img":{"alt_text":"","src":"https:\/\/i0.wp.com\/wp.ufpel.edu.br\/leppais\/files\/2020\/08\/IV-EAVAAM.jpg?resize=350%2C200&ssl=1","width":350,"height":200,"srcset":"https:\/\/i0.wp.com\/wp.ufpel.edu.br\/leppais\/files\/2020\/08\/IV-EAVAAM.jpg?resize=350%2C200&ssl=1 1x, https:\/\/i0.wp.com\/wp.ufpel.edu.br\/leppais\/files\/2020\/08\/IV-EAVAAM.jpg?resize=525%2C300&ssl=1 1.5x, https:\/\/i0.wp.com\/wp.ufpel.edu.br\/leppais\/files\/2020\/08\/IV-EAVAAM.jpg?resize=700%2C400&ssl=1 2x"},"classes":[]}],"jetpack_likes_enabled":true,"_links":{"self":[{"href":"https:\/\/wp.ufpel.edu.br\/leppais\/wp-json\/wp\/v2\/posts\/376","targetHints":{"allow":["GET"]}}],"collection":[{"href":"https:\/\/wp.ufpel.edu.br\/leppais\/wp-json\/wp\/v2\/posts"}],"about":[{"href":"https:\/\/wp.ufpel.edu.br\/leppais\/wp-json\/wp\/v2\/types\/post"}],"author":[{"embeddable":true,"href":"https:\/\/wp.ufpel.edu.br\/leppais\/wp-json\/wp\/v2\/users\/641"}],"replies":[{"embeddable":true,"href":"https:\/\/wp.ufpel.edu.br\/leppais\/wp-json\/wp\/v2\/comments?post=376"}],"version-history":[{"count":0,"href":"https:\/\/wp.ufpel.edu.br\/leppais\/wp-json\/wp\/v2\/posts\/376\/revisions"}],"wp:attachment":[{"href":"https:\/\/wp.ufpel.edu.br\/leppais\/wp-json\/wp\/v2\/media?parent=376"}],"wp:term":[{"taxonomy":"category","embeddable":true,"href":"https:\/\/wp.ufpel.edu.br\/leppais\/wp-json\/wp\/v2\/categories?post=376"},{"taxonomy":"post_tag","embeddable":true,"href":"https:\/\/wp.ufpel.edu.br\/leppais\/wp-json\/wp\/v2\/tags?post=376"}],"curies":[{"name":"wp","href":"https:\/\/api.w.org\/{rel}","templated":true}]}}