{"id":3758,"date":"2023-03-10T16:44:26","date_gmt":"2023-03-10T19:44:26","guid":{"rendered":"https:\/\/wp.ufpel.edu.br\/leppais\/?p=3758"},"modified":"2023-03-10T16:44:26","modified_gmt":"2023-03-10T19:44:26","slug":"antropoeticas-joaquim-santos-ia-e-modelos-de-linguagem","status":"publish","type":"post","link":"https:\/\/wp.ufpel.edu.br\/leppais\/2023\/03\/10\/antropoeticas-joaquim-santos-ia-e-modelos-de-linguagem\/","title":{"rendered":"Antropo\u00e9ticas &#8211; Joaquim Santos &#8211; IA e modelos de linguagem"},"content":{"rendered":"<p><img data-recalc-dims=\"1\" loading=\"lazy\" decoding=\"async\" data-attachment-id=\"3759\" data-permalink=\"https:\/\/wp.ufpel.edu.br\/leppais\/2023\/03\/10\/antropoeticas-joaquim-santos-ia-e-modelos-de-linguagem\/antropoeticas-joaquim-santos-2023-mar_v3\/\" data-orig-file=\"https:\/\/i0.wp.com\/wp.ufpel.edu.br\/leppais\/files\/2023\/03\/Antropoeticas-Joaquim-Santos-2023-MAR_v3.jpg?fit=1000%2C1000&amp;ssl=1\" data-orig-size=\"1000,1000\" data-comments-opened=\"0\" data-image-meta=\"{&quot;aperture&quot;:&quot;0&quot;,&quot;credit&quot;:&quot;&quot;,&quot;camera&quot;:&quot;&quot;,&quot;caption&quot;:&quot;&quot;,&quot;created_timestamp&quot;:&quot;0&quot;,&quot;copyright&quot;:&quot;&quot;,&quot;focal_length&quot;:&quot;0&quot;,&quot;iso&quot;:&quot;0&quot;,&quot;shutter_speed&quot;:&quot;0&quot;,&quot;title&quot;:&quot;&quot;,&quot;orientation&quot;:&quot;0&quot;}\" data-image-title=\"Antropoeticas-Joaquim Santos 2023-MAR_v3\" data-image-description=\"\" data-image-caption=\"\" data-medium-file=\"https:\/\/i0.wp.com\/wp.ufpel.edu.br\/leppais\/files\/2023\/03\/Antropoeticas-Joaquim-Santos-2023-MAR_v3.jpg?fit=300%2C300&amp;ssl=1\" data-large-file=\"https:\/\/i0.wp.com\/wp.ufpel.edu.br\/leppais\/files\/2023\/03\/Antropoeticas-Joaquim-Santos-2023-MAR_v3.jpg?fit=584%2C584&amp;ssl=1\" class=\"alignnone wp-image-3759 size-full\" src=\"https:\/\/i0.wp.com\/wp.ufpel.edu.br\/leppais\/files\/2023\/03\/Antropoeticas-Joaquim-Santos-2023-MAR_v3.jpg?resize=584%2C584&#038;ssl=1\" alt=\"\" width=\"584\" height=\"584\" srcset=\"https:\/\/i0.wp.com\/wp.ufpel.edu.br\/leppais\/files\/2023\/03\/Antropoeticas-Joaquim-Santos-2023-MAR_v3.jpg?w=1000&amp;ssl=1 1000w, https:\/\/i0.wp.com\/wp.ufpel.edu.br\/leppais\/files\/2023\/03\/Antropoeticas-Joaquim-Santos-2023-MAR_v3.jpg?resize=300%2C300&amp;ssl=1 300w, https:\/\/i0.wp.com\/wp.ufpel.edu.br\/leppais\/files\/2023\/03\/Antropoeticas-Joaquim-Santos-2023-MAR_v3.jpg?resize=150%2C150&amp;ssl=1 150w, https:\/\/i0.wp.com\/wp.ufpel.edu.br\/leppais\/files\/2023\/03\/Antropoeticas-Joaquim-Santos-2023-MAR_v3.jpg?resize=768%2C768&amp;ssl=1 768w, https:\/\/i0.wp.com\/wp.ufpel.edu.br\/leppais\/files\/2023\/03\/Antropoeticas-Joaquim-Santos-2023-MAR_v3.jpg?resize=50%2C50&amp;ssl=1 50w\" sizes=\"auto, (max-width: 584px) 100vw, 584px\" \/><\/p>\n<p style=\"text-align: justify;\"><strong>Joaquim Santos<\/strong><br \/>\nAtualmente \u00e9 Doutorando em Computa\u00e7\u00e3o Aplicada na UNISINOS, \u00e9 Mestre em Ci\u00eancia da Computa\u00e7\u00e3o com voto de Louvor pela PUCRS e \u00e9 licenciado em Matem\u00e1tica pela URCA. Tem trabalhado intensamente na \u00e1rea de Intelig\u00eancia Artificial em problemas de Extra\u00e7\u00e3o de Informa\u00e7\u00e3o no campo do Processamento de Linguagem Natural (PLN), demonstrando resultados estado-da-arte na tarefa de Reconhecimento de Entidades Nomeadas em Portugu\u00eas (REN). Seu trabalho de Extra\u00e7\u00e3o de Informa\u00e7\u00e3o tem sido aplicado em \u00e1reas como Geoci\u00eancias para dom\u00ednio de \u00f3leo e g\u00e1s; e Sa\u00fade na detec\u00e7\u00e3o de Eventos Adversos de Queda em prontu\u00e1rios eletr\u00f4nicos (evolu\u00e7\u00f5es). Ainda na \u00e1rea de sa\u00fade, tem trabalhado em projetos que envolvem processamento de dados da COVID-19 para OMS e FAPERGS. No mercado, tem experi\u00eancia de trabalho em Portugal como Cientista de Dados. Tamb\u00e9m j\u00e1 trabalhou para empresas brasileiras em Sistemas Inteligentes de Recomenda\u00e7\u00e3o. Tem publicado em confer\u00eancias e revistas internacionais os resultados de suas pesquisas, usando como principal abordagem estrat\u00e9gias de Deep Learning.<\/p>\n<p>LINK: <a href=\"https:\/\/webconf.ufpel.edu.br\/b\/cla-xca-499\"><strong>https:\/\/webconf.ufpel.edu.br\/b\/cla-xca-499<\/strong><\/a><\/p>\n","protected":false},"excerpt":{"rendered":"<p>Joaquim Santos Atualmente \u00e9 Doutorando em Computa\u00e7\u00e3o Aplicada na UNISINOS, \u00e9 Mestre em Ci\u00eancia da Computa\u00e7\u00e3o com voto de Louvor pela PUCRS e \u00e9 licenciado em Matem\u00e1tica pela URCA. Tem trabalhado intensamente na \u00e1rea de Intelig\u00eancia Artificial em problemas de &hellip; <a href=\"https:\/\/wp.ufpel.edu.br\/leppais\/2023\/03\/10\/antropoeticas-joaquim-santos-ia-e-modelos-de-linguagem\/\">Continue lendo <span class=\"meta-nav\">&rarr;<\/span><\/a><\/p>\n","protected":false},"author":641,"featured_media":0,"comment_status":"closed","ping_status":"closed","sticky":false,"template":"","format":"standard","meta":{"advanced_seo_description":"","jetpack_seo_html_title":"","jetpack_seo_noindex":false,"jetpack_post_was_ever_published":false,"_jetpack_newsletter_access":"","_jetpack_dont_email_post_to_subs":false,"_jetpack_newsletter_tier_id":0,"_jetpack_memberships_contains_paywalled_content":false,"_jetpack_memberships_contains_paid_content":false,"footnotes":"","jetpack_publicize_message":"","jetpack_publicize_feature_enabled":true,"jetpack_social_post_already_shared":true,"jetpack_social_options":{"image_generator_settings":{"template":"highway","default_image_id":0,"font":"","enabled":false},"version":2}},"categories":[2,7,24],"tags":[],"class_list":["post-3758","post","type-post","status-publish","format-standard","hentry","category-antropoeticas","category-convite","category-divulgacao"],"jetpack_publicize_connections":[],"jetpack_featured_media_url":"","jetpack_sharing_enabled":true,"jetpack_shortlink":"https:\/\/wp.me\/payVYo-YC","jetpack-related-posts":[{"id":3047,"url":"https:\/\/wp.ufpel.edu.br\/leppais\/2020\/01\/16\/32a-rba-gt-03-antropoeticas-outras-etnografias\/","url_meta":{"origin":3758,"position":0},"title":"32\u00aa RBA &#8211; GT 03 Antropo\u00e9ticas: outras (etno)grafias","author":"antropologia","date":"16\/01\/2020","format":false,"excerpt":"Em continuidade \u00e0s atividades desenvolvidas no 18\u00ba Congresso Mundial da IUAES, na 31\u00aa RBA e na XIII RAM, o grupo de trabalho \"Antropo\u00e9ticas: outras (etno)grafias\" convida todxs xs interessadxs para submeterem as suas propostas de trabalho (resumos para artigos e p\u00f4steres) no GT 03 da 32\u00aa RBA, que ser\u00e1 realizada\u2026","rel":"","context":"Em &quot;Antropo\u00e9ticas&quot;","block_context":{"text":"Antropo\u00e9ticas","link":"https:\/\/wp.ufpel.edu.br\/leppais\/category\/antropoeticas\/"},"img":{"alt_text":"","src":"https:\/\/i0.wp.com\/wp.ufpel.edu.br\/leppais\/files\/2020\/01\/RBA2020.jpg?resize=350%2C200&ssl=1","width":350,"height":200,"srcset":"https:\/\/i0.wp.com\/wp.ufpel.edu.br\/leppais\/files\/2020\/01\/RBA2020.jpg?resize=350%2C200&ssl=1 1x, https:\/\/i0.wp.com\/wp.ufpel.edu.br\/leppais\/files\/2020\/01\/RBA2020.jpg?resize=525%2C300&ssl=1 1.5x, https:\/\/i0.wp.com\/wp.ufpel.edu.br\/leppais\/files\/2020\/01\/RBA2020.jpg?resize=700%2C400&ssl=1 2x"},"classes":[]},{"id":3203,"url":"https:\/\/wp.ufpel.edu.br\/leppais\/2020\/07\/20\/roda-de-chimarrao-cuidativa-produzido-pelo-grupo-de-teatro-interativo-junto-ao-projeto-pandemia-de-narrativas\/","url_meta":{"origin":3758,"position":1},"title":"Roda de Chimarr\u00e3o CuidATIVA\u201d produzido pelo Grupo de Teatro Interativo junto ao projeto Pandemia de Narrativas","author":"antropologia","date":"20\/07\/2020","format":false,"excerpt":"Roda de Chimarr\u00e3o CuidATIVA\u201d produzido pelo Grupo de Teatro Interativo junto ao projeto Pandemia de Narrativas. O v\u00eddeo \u00e9 uma atividade \u00e0 dist\u00e2ncia do projeto de extens\u00e3o \u201cGrupo de Teatro Interativo: teatro & terapia\u201d (Pr\u00e1ticas Integrativas e Complementares) da CuidATIVA \u2013 Unidade de Cuidados Paliativos da Faculdade de Medicina\/UFPel, cujo\u2026","rel":"","context":"Em &quot;Antropo\u00e9ticas&quot;","block_context":{"text":"Antropo\u00e9ticas","link":"https:\/\/wp.ufpel.edu.br\/leppais\/category\/antropoeticas\/"},"img":{"alt_text":"","src":"https:\/\/i0.wp.com\/img.youtube.com\/vi\/XZyoXcOVJ18\/0.jpg?resize=350%2C200","width":350,"height":200},"classes":[]},{"id":4393,"url":"https:\/\/wp.ufpel.edu.br\/leppais\/2025\/07\/24\/selecao-de-bolsista-bolsa-papin-mestrado-em-antropologia\/","url_meta":{"origin":3758,"position":2},"title":"Sele\u00e7\u00e3o de bolsista: BOLSA PAPIN (Mestrado em antropologia)","author":"antropologia","date":"24\/07\/2025","format":false,"excerpt":"Os Programas de P\u00f3s-gradua\u00e7\u00e3o em Antropologia (PPGAnt), Arquitetura e Urbanismo (PROGRAU), P\u00f3s-Gradua\u00e7\u00e3o em Computa\u00e7\u00e3o (PPGC) e Letras (PPGL) da Universidade Federal de Pelotas (UFPel) lan\u00e7aram, em conjunto, o edital para sele\u00e7\u00e3o de estudantes regulares COM BOLSA, com ingresso no semestre 2025\/2 e in\u00edcio das atividades em setembro de 2025. O\u2026","rel":"","context":"Em &quot;Bolsa&quot;","block_context":{"text":"Bolsa","link":"https:\/\/wp.ufpel.edu.br\/leppais\/category\/bolsa\/"},"img":{"alt_text":"","src":"https:\/\/i0.wp.com\/wp.ufpel.edu.br\/leppais\/files\/2025\/07\/Palestra-Educacao-e-Empreendedorismo-Post-20.png?resize=350%2C200&ssl=1","width":350,"height":200,"srcset":"https:\/\/i0.wp.com\/wp.ufpel.edu.br\/leppais\/files\/2025\/07\/Palestra-Educacao-e-Empreendedorismo-Post-20.png?resize=350%2C200&ssl=1 1x, https:\/\/i0.wp.com\/wp.ufpel.edu.br\/leppais\/files\/2025\/07\/Palestra-Educacao-e-Empreendedorismo-Post-20.png?resize=525%2C300&ssl=1 1.5x, https:\/\/i0.wp.com\/wp.ufpel.edu.br\/leppais\/files\/2025\/07\/Palestra-Educacao-e-Empreendedorismo-Post-20.png?resize=700%2C400&ssl=1 2x, https:\/\/i0.wp.com\/wp.ufpel.edu.br\/leppais\/files\/2025\/07\/Palestra-Educacao-e-Empreendedorismo-Post-20.png?resize=1050%2C600&ssl=1 3x"},"classes":[]},{"id":3101,"url":"https:\/\/wp.ufpel.edu.br\/leppais\/2020\/04\/20\/pandemia-de-narrativas-vida-em-quarentena\/","url_meta":{"origin":3758,"position":3},"title":"Pandemia de narrativas: vida em quarentena","author":"antropologia","date":"20\/04\/2020","format":false,"excerpt":"Pandemia de narrativas nasce num per\u00edodo em que a Pandemia do Covid-19 nos obriga a tra\u00e7ar novas rotas de viv\u00eancia di\u00e1ria, nos impulsiona a adentrar cada vez mais esse espa\u00e7o denso e concentrado que \u00e9 casa, cada canto, cada brecha,repensando nosso cotidiano e nossas pr\u00e1ticas de circula\u00e7\u00e3o e consumo, o\u2026","rel":"","context":"Em &quot;Antropo\u00e9ticas&quot;","block_context":{"text":"Antropo\u00e9ticas","link":"https:\/\/wp.ufpel.edu.br\/leppais\/category\/antropoeticas\/"},"img":{"alt_text":"","src":"https:\/\/i0.wp.com\/wp.ufpel.edu.br\/leppais\/files\/2020\/04\/post-chave.jpg?resize=350%2C200&ssl=1","width":350,"height":200,"srcset":"https:\/\/i0.wp.com\/wp.ufpel.edu.br\/leppais\/files\/2020\/04\/post-chave.jpg?resize=350%2C200&ssl=1 1x, https:\/\/i0.wp.com\/wp.ufpel.edu.br\/leppais\/files\/2020\/04\/post-chave.jpg?resize=525%2C300&ssl=1 1.5x, https:\/\/i0.wp.com\/wp.ufpel.edu.br\/leppais\/files\/2020\/04\/post-chave.jpg?resize=700%2C400&ssl=1 2x, https:\/\/i0.wp.com\/wp.ufpel.edu.br\/leppais\/files\/2020\/04\/post-chave.jpg?resize=1050%2C600&ssl=1 3x"},"classes":[]},{"id":2953,"url":"https:\/\/wp.ufpel.edu.br\/leppais\/2019\/11\/13\/oficina-acoes-antropoeticas-entre-veias-abertas-pela-fluidez-do-metodo\/","url_meta":{"origin":3758,"position":4},"title":"Oficina: A\u00e7\u00f5es Antropo\u00e9ticas entre veias abertas: pela fluidez do m\u00e9todo","author":"antropologia","date":"13\/11\/2019","format":false,"excerpt":"Semana Acad\u00eamica das Ci\u00eancias Sociais\/ 2019 Tema: Crise Social: as veias abertas da Am\u00e9rica Latina Coordenadoras: Prof\u00aa. Dr\u00aa. Daniele Borges Bezerra, graduandas Wemilly Soares; Vit\u00f3ria Lima, Amanda Winter e doutoranda Tanize Garcia A oficina foi pensada para, atrav\u00e9s do desenho e do som, promover uma experi\u00eancia narrativa tendo em mente\u2026","rel":"","context":"Em &quot;Eventos&quot;","block_context":{"text":"Eventos","link":"https:\/\/wp.ufpel.edu.br\/leppais\/category\/eventos\/"},"img":{"alt_text":"","src":"https:\/\/i0.wp.com\/wp.ufpel.edu.br\/leppais\/files\/2019\/11\/Etapa-1-Desenhando-sob-a-mesa-IMG_3544.jpg?resize=350%2C200","width":350,"height":200,"srcset":"https:\/\/i0.wp.com\/wp.ufpel.edu.br\/leppais\/files\/2019\/11\/Etapa-1-Desenhando-sob-a-mesa-IMG_3544.jpg?resize=350%2C200 1x, https:\/\/i0.wp.com\/wp.ufpel.edu.br\/leppais\/files\/2019\/11\/Etapa-1-Desenhando-sob-a-mesa-IMG_3544.jpg?resize=525%2C300 1.5x, https:\/\/i0.wp.com\/wp.ufpel.edu.br\/leppais\/files\/2019\/11\/Etapa-1-Desenhando-sob-a-mesa-IMG_3544.jpg?resize=700%2C400 2x"},"classes":[]},{"id":3183,"url":"https:\/\/wp.ufpel.edu.br\/leppais\/2020\/06\/17\/oficina-experimental-de-desenho-e-escrita-etnografica-mascaras-trajetos-e-estrategias-na-relacao-corpo-cidade-em-tempos-de-pandemia\/","url_meta":{"origin":3758,"position":5},"title":"Oficina experimental de desenho e escrita etnogr\u00e1fica: m\u00e1scaras, trajetos e estrat\u00e9gias na rela\u00e7\u00e3o corpo\/cidade em tempos de pandemia","author":"antropologia","date":"17\/06\/2020","format":false,"excerpt":"Oficina experimental de desenho e escrita etnogr\u00e1fica: m\u00e1scaras, trajetos e estrat\u00e9gias na rela\u00e7\u00e3o corpo\/cidade em tempos de pandemia Com atestado de participa\u00e7\u00e3o Link https:\/\/webconf.ufpel.edu.br\/b\/dan-37v-nxk","rel":"","context":"Em &quot;Antropo\u00e9ticas&quot;","block_context":{"text":"Antropo\u00e9ticas","link":"https:\/\/wp.ufpel.edu.br\/leppais\/category\/antropoeticas\/"},"img":{"alt_text":"","src":"https:\/\/i0.wp.com\/wp.ufpel.edu.br\/leppais\/files\/2020\/06\/Antropoeticas-OficinaExperimentalDesenhoEscrita_v2.jpg?resize=350%2C200&ssl=1","width":350,"height":200,"srcset":"https:\/\/i0.wp.com\/wp.ufpel.edu.br\/leppais\/files\/2020\/06\/Antropoeticas-OficinaExperimentalDesenhoEscrita_v2.jpg?resize=350%2C200&ssl=1 1x, https:\/\/i0.wp.com\/wp.ufpel.edu.br\/leppais\/files\/2020\/06\/Antropoeticas-OficinaExperimentalDesenhoEscrita_v2.jpg?resize=525%2C300&ssl=1 1.5x, https:\/\/i0.wp.com\/wp.ufpel.edu.br\/leppais\/files\/2020\/06\/Antropoeticas-OficinaExperimentalDesenhoEscrita_v2.jpg?resize=700%2C400&ssl=1 2x"},"classes":[]}],"jetpack_likes_enabled":true,"_links":{"self":[{"href":"https:\/\/wp.ufpel.edu.br\/leppais\/wp-json\/wp\/v2\/posts\/3758","targetHints":{"allow":["GET"]}}],"collection":[{"href":"https:\/\/wp.ufpel.edu.br\/leppais\/wp-json\/wp\/v2\/posts"}],"about":[{"href":"https:\/\/wp.ufpel.edu.br\/leppais\/wp-json\/wp\/v2\/types\/post"}],"author":[{"embeddable":true,"href":"https:\/\/wp.ufpel.edu.br\/leppais\/wp-json\/wp\/v2\/users\/641"}],"replies":[{"embeddable":true,"href":"https:\/\/wp.ufpel.edu.br\/leppais\/wp-json\/wp\/v2\/comments?post=3758"}],"version-history":[{"count":1,"href":"https:\/\/wp.ufpel.edu.br\/leppais\/wp-json\/wp\/v2\/posts\/3758\/revisions"}],"predecessor-version":[{"id":3760,"href":"https:\/\/wp.ufpel.edu.br\/leppais\/wp-json\/wp\/v2\/posts\/3758\/revisions\/3760"}],"wp:attachment":[{"href":"https:\/\/wp.ufpel.edu.br\/leppais\/wp-json\/wp\/v2\/media?parent=3758"}],"wp:term":[{"taxonomy":"category","embeddable":true,"href":"https:\/\/wp.ufpel.edu.br\/leppais\/wp-json\/wp\/v2\/categories?post=3758"},{"taxonomy":"post_tag","embeddable":true,"href":"https:\/\/wp.ufpel.edu.br\/leppais\/wp-json\/wp\/v2\/tags?post=3758"}],"curies":[{"name":"wp","href":"https:\/\/api.w.org\/{rel}","templated":true}]}}