{"id":3748,"date":"2023-02-24T16:19:48","date_gmt":"2023-02-24T19:19:48","guid":{"rendered":"https:\/\/wp.ufpel.edu.br\/leppais\/?p=3748"},"modified":"2023-02-24T16:19:48","modified_gmt":"2023-02-24T19:19:48","slug":"proximo-encontro-antropoeticas","status":"publish","type":"post","link":"https:\/\/wp.ufpel.edu.br\/leppais\/2023\/02\/24\/proximo-encontro-antropoeticas\/","title":{"rendered":"Pr\u00f3ximo encontro Antropo\u00e9ticas"},"content":{"rendered":"<p><img data-recalc-dims=\"1\" loading=\"lazy\" decoding=\"async\" data-attachment-id=\"3749\" data-permalink=\"https:\/\/wp.ufpel.edu.br\/leppais\/2023\/02\/24\/proximo-encontro-antropoeticas\/antropoeticas-jessica-2023-fev\/\" data-orig-file=\"https:\/\/i0.wp.com\/wp.ufpel.edu.br\/leppais\/files\/2023\/02\/Antropoeticas-Jessica-2023-FEV.png?fit=1000%2C1000&amp;ssl=1\" data-orig-size=\"1000,1000\" data-comments-opened=\"0\" data-image-meta=\"{&quot;aperture&quot;:&quot;0&quot;,&quot;credit&quot;:&quot;&quot;,&quot;camera&quot;:&quot;&quot;,&quot;caption&quot;:&quot;&quot;,&quot;created_timestamp&quot;:&quot;0&quot;,&quot;copyright&quot;:&quot;&quot;,&quot;focal_length&quot;:&quot;0&quot;,&quot;iso&quot;:&quot;0&quot;,&quot;shutter_speed&quot;:&quot;0&quot;,&quot;title&quot;:&quot;&quot;,&quot;orientation&quot;:&quot;0&quot;}\" data-image-title=\"Antropoeticas-Jessica 2023-FEV\" data-image-description=\"\" data-image-caption=\"\" data-medium-file=\"https:\/\/i0.wp.com\/wp.ufpel.edu.br\/leppais\/files\/2023\/02\/Antropoeticas-Jessica-2023-FEV.png?fit=300%2C300&amp;ssl=1\" data-large-file=\"https:\/\/i0.wp.com\/wp.ufpel.edu.br\/leppais\/files\/2023\/02\/Antropoeticas-Jessica-2023-FEV.png?fit=584%2C584&amp;ssl=1\" class=\"alignnone wp-image-3749 size-full\" src=\"https:\/\/i0.wp.com\/wp.ufpel.edu.br\/leppais\/files\/2023\/02\/Antropoeticas-Jessica-2023-FEV.png?resize=584%2C584&#038;ssl=1\" alt=\"\" width=\"584\" height=\"584\" srcset=\"https:\/\/i0.wp.com\/wp.ufpel.edu.br\/leppais\/files\/2023\/02\/Antropoeticas-Jessica-2023-FEV.png?w=1000&amp;ssl=1 1000w, https:\/\/i0.wp.com\/wp.ufpel.edu.br\/leppais\/files\/2023\/02\/Antropoeticas-Jessica-2023-FEV.png?resize=300%2C300&amp;ssl=1 300w, https:\/\/i0.wp.com\/wp.ufpel.edu.br\/leppais\/files\/2023\/02\/Antropoeticas-Jessica-2023-FEV.png?resize=150%2C150&amp;ssl=1 150w, https:\/\/i0.wp.com\/wp.ufpel.edu.br\/leppais\/files\/2023\/02\/Antropoeticas-Jessica-2023-FEV.png?resize=768%2C768&amp;ssl=1 768w, https:\/\/i0.wp.com\/wp.ufpel.edu.br\/leppais\/files\/2023\/02\/Antropoeticas-Jessica-2023-FEV.png?resize=50%2C50&amp;ssl=1 50w\" sizes=\"auto, (max-width: 584px) 100vw, 584px\" \/><\/p>\n","protected":false},"excerpt":{"rendered":"","protected":false},"author":641,"featured_media":0,"comment_status":"closed","ping_status":"closed","sticky":false,"template":"","format":"standard","meta":{"advanced_seo_description":"","jetpack_seo_html_title":"","jetpack_seo_noindex":false,"jetpack_post_was_ever_published":false,"_jetpack_newsletter_access":"","_jetpack_dont_email_post_to_subs":false,"_jetpack_newsletter_tier_id":0,"_jetpack_memberships_contains_paywalled_content":false,"_jetpack_memberships_contains_paid_content":false,"footnotes":"","jetpack_publicize_message":"","jetpack_publicize_feature_enabled":true,"jetpack_social_post_already_shared":true,"jetpack_social_options":{"image_generator_settings":{"template":"highway","default_image_id":0,"font":"","enabled":false},"version":2}},"categories":[2,7],"tags":[],"class_list":["post-3748","post","type-post","status-publish","format-standard","hentry","category-antropoeticas","category-convite"],"jetpack_publicize_connections":[],"jetpack_featured_media_url":"","jetpack_sharing_enabled":true,"jetpack_shortlink":"https:\/\/wp.me\/payVYo-Ys","jetpack-related-posts":[{"id":3745,"url":"https:\/\/wp.ufpel.edu.br\/leppais\/2023\/02\/13\/encontro-antropoeticas-estacao-ferrea\/","url_meta":{"origin":3748,"position":0},"title":"Encontro Antropo\u00e9ticas &#8211; Esta\u00e7\u00e3o F\u00e9rrea","author":"antropologia","date":"13\/02\/2023","format":false,"excerpt":"O pr\u00f3ximo encontro Antropo\u00e9tico ser\u00e1 realizado na Esta\u00e7\u00e3o F\u00e9rrea de Pelotas, ter\u00e7a 14 FEV - 17h, para retomada do projeto coletivo do Memorial e propostas para o Centro Cultural da Esta\u00e7\u00e3o. Endere\u00e7o: Largo Portugal, 37 (ao lado do supermercado Guanabara)","rel":"","context":"Em &quot;Antropo\u00e9ticas&quot;","block_context":{"text":"Antropo\u00e9ticas","link":"https:\/\/wp.ufpel.edu.br\/leppais\/category\/antropoeticas\/"},"img":{"alt_text":"","src":"https:\/\/i0.wp.com\/wp.ufpel.edu.br\/leppais\/files\/2023\/02\/Antropoeticas-Chamada-MEF-14-02-2023.png?resize=350%2C200&ssl=1","width":350,"height":200,"srcset":"https:\/\/i0.wp.com\/wp.ufpel.edu.br\/leppais\/files\/2023\/02\/Antropoeticas-Chamada-MEF-14-02-2023.png?resize=350%2C200&ssl=1 1x, https:\/\/i0.wp.com\/wp.ufpel.edu.br\/leppais\/files\/2023\/02\/Antropoeticas-Chamada-MEF-14-02-2023.png?resize=525%2C300&ssl=1 1.5x, https:\/\/i0.wp.com\/wp.ufpel.edu.br\/leppais\/files\/2023\/02\/Antropoeticas-Chamada-MEF-14-02-2023.png?resize=700%2C400&ssl=1 2x"},"classes":[]},{"id":3390,"url":"https:\/\/wp.ufpel.edu.br\/leppais\/2021\/08\/10\/convite-antropoeticas-1o-encontro-do-semestre-2021-2\/","url_meta":{"origin":3748,"position":1},"title":"Convite: Antropo\u00e9ticas &#8211; 1\u00ba encontro do semestre 2021\/2","author":"antropologia","date":"10\/08\/2021","format":false,"excerpt":"https:\/\/webconf.ufpel.edu.br\/b\/cla-xca-499","rel":"","context":"Em &quot;Antropo\u00e9ticas&quot;","block_context":{"text":"Antropo\u00e9ticas","link":"https:\/\/wp.ufpel.edu.br\/leppais\/category\/antropoeticas\/"},"img":{"alt_text":"","src":"https:\/\/i0.wp.com\/wp.ufpel.edu.br\/leppais\/files\/2021\/08\/Antropoeticas-Encontro-Semestral-2021-2_v2.jpg?resize=350%2C200&ssl=1","width":350,"height":200,"srcset":"https:\/\/i0.wp.com\/wp.ufpel.edu.br\/leppais\/files\/2021\/08\/Antropoeticas-Encontro-Semestral-2021-2_v2.jpg?resize=350%2C200&ssl=1 1x, https:\/\/i0.wp.com\/wp.ufpel.edu.br\/leppais\/files\/2021\/08\/Antropoeticas-Encontro-Semestral-2021-2_v2.jpg?resize=525%2C300&ssl=1 1.5x, https:\/\/i0.wp.com\/wp.ufpel.edu.br\/leppais\/files\/2021\/08\/Antropoeticas-Encontro-Semestral-2021-2_v2.jpg?resize=700%2C400&ssl=1 2x"},"classes":[]},{"id":1591,"url":"https:\/\/wp.ufpel.edu.br\/leppais\/2018\/06\/20\/convite-antropoeticas-guillermo-gomez\/","url_meta":{"origin":3748,"position":2},"title":"Convite Antropo\u00e9ticas: Guillermo G\u00f3mez","author":"antropologia","date":"20\/06\/2018","format":false,"excerpt":"","rel":"","context":"Em &quot;Antropo\u00e9ticas&quot;","block_context":{"text":"Antropo\u00e9ticas","link":"https:\/\/wp.ufpel.edu.br\/leppais\/category\/antropoeticas\/"},"img":{"alt_text":"","src":"https:\/\/i0.wp.com\/wp.ufpel.edu.br\/leppais\/files\/2018\/06\/convite-antropoeticas-mef.jpg?resize=350%2C200&ssl=1","width":350,"height":200,"srcset":"https:\/\/i0.wp.com\/wp.ufpel.edu.br\/leppais\/files\/2018\/06\/convite-antropoeticas-mef.jpg?resize=350%2C200&ssl=1 1x, https:\/\/i0.wp.com\/wp.ufpel.edu.br\/leppais\/files\/2018\/06\/convite-antropoeticas-mef.jpg?resize=525%2C300&ssl=1 1.5x, https:\/\/i0.wp.com\/wp.ufpel.edu.br\/leppais\/files\/2018\/06\/convite-antropoeticas-mef.jpg?resize=700%2C400&ssl=1 2x"},"classes":[]},{"id":1730,"url":"https:\/\/wp.ufpel.edu.br\/leppais\/2018\/09\/14\/convite-antropoeticas-angelita-ribeiro\/","url_meta":{"origin":3748,"position":3},"title":"Convite Antropo\u00e9ticas: Angelita Ribeiro","author":"antropologia","date":"14\/09\/2018","format":false,"excerpt":"","rel":"","context":"Em &quot;Antropo\u00e9ticas&quot;","block_context":{"text":"Antropo\u00e9ticas","link":"https:\/\/wp.ufpel.edu.br\/leppais\/category\/antropoeticas\/"},"img":{"alt_text":"","src":"https:\/\/i0.wp.com\/wp.ufpel.edu.br\/leppais\/files\/2018\/09\/antropoeticas-angelitaribeiro.jpg?resize=350%2C200&ssl=1","width":350,"height":200,"srcset":"https:\/\/i0.wp.com\/wp.ufpel.edu.br\/leppais\/files\/2018\/09\/antropoeticas-angelitaribeiro.jpg?resize=350%2C200&ssl=1 1x, https:\/\/i0.wp.com\/wp.ufpel.edu.br\/leppais\/files\/2018\/09\/antropoeticas-angelitaribeiro.jpg?resize=525%2C300&ssl=1 1.5x, https:\/\/i0.wp.com\/wp.ufpel.edu.br\/leppais\/files\/2018\/09\/antropoeticas-angelitaribeiro.jpg?resize=700%2C400&ssl=1 2x"},"classes":[]},{"id":3366,"url":"https:\/\/wp.ufpel.edu.br\/leppais\/2021\/04\/21\/encontro-antropoeticas-colcha-de-retalhos-alinhavando-ideias-contando-historias\/","url_meta":{"origin":3748,"position":4},"title":"Encontro Antropo\u00e9ticas &#8211; Colcha de Retalhos: Alinhavando ideias, contando hist\u00f3rias","author":"antropologia","date":"21\/04\/2021","format":false,"excerpt":"Link: https:\/\/webconf.ufpel.edu.br\/b\/cla-xca-499","rel":"","context":"Em &quot;Antropo\u00e9ticas&quot;","block_context":{"text":"Antropo\u00e9ticas","link":"https:\/\/wp.ufpel.edu.br\/leppais\/category\/antropoeticas\/"},"img":{"alt_text":"","src":"https:\/\/i0.wp.com\/wp.ufpel.edu.br\/leppais\/files\/2021\/04\/Antropoeticas-ReuniaoLEPPAIS-COLCHA-DE-RETALHOS.jpg?resize=350%2C200&ssl=1","width":350,"height":200,"srcset":"https:\/\/i0.wp.com\/wp.ufpel.edu.br\/leppais\/files\/2021\/04\/Antropoeticas-ReuniaoLEPPAIS-COLCHA-DE-RETALHOS.jpg?resize=350%2C200&ssl=1 1x, https:\/\/i0.wp.com\/wp.ufpel.edu.br\/leppais\/files\/2021\/04\/Antropoeticas-ReuniaoLEPPAIS-COLCHA-DE-RETALHOS.jpg?resize=525%2C300&ssl=1 1.5x, https:\/\/i0.wp.com\/wp.ufpel.edu.br\/leppais\/files\/2021\/04\/Antropoeticas-ReuniaoLEPPAIS-COLCHA-DE-RETALHOS.jpg?resize=700%2C400&ssl=1 2x"},"classes":[]},{"id":3394,"url":"https:\/\/wp.ufpel.edu.br\/leppais\/2021\/08\/23\/tercas-antropoeticas\/","url_meta":{"origin":3748,"position":5},"title":"Ter\u00e7as Antropo\u00e9ticas","author":"antropologia","date":"23\/08\/2021","format":false,"excerpt":"Inscri\u00e7\u00f5es: https:\/\/forms.gle\/Z3xezUYtknDuNMVJ9","rel":"","context":"Em &quot;Antropo\u00e9ticas&quot;","block_context":{"text":"Antropo\u00e9ticas","link":"https:\/\/wp.ufpel.edu.br\/leppais\/category\/antropoeticas\/"},"img":{"alt_text":"","src":"https:\/\/i0.wp.com\/wp.ufpel.edu.br\/leppais\/files\/2021\/08\/Tercas-Antropoeticas-Programacao_v4.jpg?resize=350%2C200&ssl=1","width":350,"height":200,"srcset":"https:\/\/i0.wp.com\/wp.ufpel.edu.br\/leppais\/files\/2021\/08\/Tercas-Antropoeticas-Programacao_v4.jpg?resize=350%2C200&ssl=1 1x, https:\/\/i0.wp.com\/wp.ufpel.edu.br\/leppais\/files\/2021\/08\/Tercas-Antropoeticas-Programacao_v4.jpg?resize=525%2C300&ssl=1 1.5x, https:\/\/i0.wp.com\/wp.ufpel.edu.br\/leppais\/files\/2021\/08\/Tercas-Antropoeticas-Programacao_v4.jpg?resize=700%2C400&ssl=1 2x"},"classes":[]}],"jetpack_likes_enabled":true,"_links":{"self":[{"href":"https:\/\/wp.ufpel.edu.br\/leppais\/wp-json\/wp\/v2\/posts\/3748","targetHints":{"allow":["GET"]}}],"collection":[{"href":"https:\/\/wp.ufpel.edu.br\/leppais\/wp-json\/wp\/v2\/posts"}],"about":[{"href":"https:\/\/wp.ufpel.edu.br\/leppais\/wp-json\/wp\/v2\/types\/post"}],"author":[{"embeddable":true,"href":"https:\/\/wp.ufpel.edu.br\/leppais\/wp-json\/wp\/v2\/users\/641"}],"replies":[{"embeddable":true,"href":"https:\/\/wp.ufpel.edu.br\/leppais\/wp-json\/wp\/v2\/comments?post=3748"}],"version-history":[{"count":1,"href":"https:\/\/wp.ufpel.edu.br\/leppais\/wp-json\/wp\/v2\/posts\/3748\/revisions"}],"predecessor-version":[{"id":3750,"href":"https:\/\/wp.ufpel.edu.br\/leppais\/wp-json\/wp\/v2\/posts\/3748\/revisions\/3750"}],"wp:attachment":[{"href":"https:\/\/wp.ufpel.edu.br\/leppais\/wp-json\/wp\/v2\/media?parent=3748"}],"wp:term":[{"taxonomy":"category","embeddable":true,"href":"https:\/\/wp.ufpel.edu.br\/leppais\/wp-json\/wp\/v2\/categories?post=3748"},{"taxonomy":"post_tag","embeddable":true,"href":"https:\/\/wp.ufpel.edu.br\/leppais\/wp-json\/wp\/v2\/tags?post=3748"}],"curies":[{"name":"wp","href":"https:\/\/api.w.org\/{rel}","templated":true}]}}