{"id":3745,"date":"2023-02-13T14:08:11","date_gmt":"2023-02-13T17:08:11","guid":{"rendered":"https:\/\/wp.ufpel.edu.br\/leppais\/?p=3745"},"modified":"2023-02-13T14:08:11","modified_gmt":"2023-02-13T17:08:11","slug":"encontro-antropoeticas-estacao-ferrea","status":"publish","type":"post","link":"https:\/\/wp.ufpel.edu.br\/leppais\/2023\/02\/13\/encontro-antropoeticas-estacao-ferrea\/","title":{"rendered":"Encontro Antropo\u00e9ticas &#8211; Esta\u00e7\u00e3o F\u00e9rrea"},"content":{"rendered":"<p><img data-recalc-dims=\"1\" loading=\"lazy\" decoding=\"async\" data-attachment-id=\"3746\" data-permalink=\"https:\/\/wp.ufpel.edu.br\/leppais\/2023\/02\/13\/encontro-antropoeticas-estacao-ferrea\/antropoeticas-chamada-mef-14-02-2023\/\" data-orig-file=\"https:\/\/i0.wp.com\/wp.ufpel.edu.br\/leppais\/files\/2023\/02\/Antropoeticas-Chamada-MEF-14-02-2023.png?fit=1000%2C1000&amp;ssl=1\" data-orig-size=\"1000,1000\" data-comments-opened=\"0\" data-image-meta=\"{&quot;aperture&quot;:&quot;0&quot;,&quot;credit&quot;:&quot;&quot;,&quot;camera&quot;:&quot;&quot;,&quot;caption&quot;:&quot;&quot;,&quot;created_timestamp&quot;:&quot;0&quot;,&quot;copyright&quot;:&quot;&quot;,&quot;focal_length&quot;:&quot;0&quot;,&quot;iso&quot;:&quot;0&quot;,&quot;shutter_speed&quot;:&quot;0&quot;,&quot;title&quot;:&quot;&quot;,&quot;orientation&quot;:&quot;0&quot;}\" data-image-title=\"Antropoeticas-Chamada MEF 14-02-2023\" data-image-description=\"\" data-image-caption=\"\" data-medium-file=\"https:\/\/i0.wp.com\/wp.ufpel.edu.br\/leppais\/files\/2023\/02\/Antropoeticas-Chamada-MEF-14-02-2023.png?fit=300%2C300&amp;ssl=1\" data-large-file=\"https:\/\/i0.wp.com\/wp.ufpel.edu.br\/leppais\/files\/2023\/02\/Antropoeticas-Chamada-MEF-14-02-2023.png?fit=584%2C584&amp;ssl=1\" class=\"alignnone wp-image-3746 size-full\" src=\"https:\/\/i0.wp.com\/wp.ufpel.edu.br\/leppais\/files\/2023\/02\/Antropoeticas-Chamada-MEF-14-02-2023.png?resize=584%2C584&#038;ssl=1\" alt=\"\" width=\"584\" height=\"584\" srcset=\"https:\/\/i0.wp.com\/wp.ufpel.edu.br\/leppais\/files\/2023\/02\/Antropoeticas-Chamada-MEF-14-02-2023.png?w=1000&amp;ssl=1 1000w, https:\/\/i0.wp.com\/wp.ufpel.edu.br\/leppais\/files\/2023\/02\/Antropoeticas-Chamada-MEF-14-02-2023.png?resize=300%2C300&amp;ssl=1 300w, https:\/\/i0.wp.com\/wp.ufpel.edu.br\/leppais\/files\/2023\/02\/Antropoeticas-Chamada-MEF-14-02-2023.png?resize=150%2C150&amp;ssl=1 150w, https:\/\/i0.wp.com\/wp.ufpel.edu.br\/leppais\/files\/2023\/02\/Antropoeticas-Chamada-MEF-14-02-2023.png?resize=768%2C768&amp;ssl=1 768w, https:\/\/i0.wp.com\/wp.ufpel.edu.br\/leppais\/files\/2023\/02\/Antropoeticas-Chamada-MEF-14-02-2023.png?resize=50%2C50&amp;ssl=1 50w\" sizes=\"auto, (max-width: 584px) 100vw, 584px\" \/>O pr\u00f3ximo encontro Antropo\u00e9tico ser\u00e1 realizado na Esta\u00e7\u00e3o F\u00e9rrea de Pelotas, ter\u00e7a 14 FEV &#8211; 17h, para retomada do projeto coletivo do Memorial e propostas para o Centro Cultural da Esta\u00e7\u00e3o.<br \/>\nEndere\u00e7o: Largo Portugal, 37 (ao lado do supermercado Guanabara)<\/p>\n","protected":false},"excerpt":{"rendered":"<p>O pr\u00f3ximo encontro Antropo\u00e9tico ser\u00e1 realizado na Esta\u00e7\u00e3o F\u00e9rrea de Pelotas, ter\u00e7a 14 FEV &#8211; 17h, para retomada do projeto coletivo do Memorial e propostas para o Centro Cultural da Esta\u00e7\u00e3o. Endere\u00e7o: Largo Portugal, 37 (ao lado do supermercado Guanabara)<\/p>\n","protected":false},"author":641,"featured_media":0,"comment_status":"closed","ping_status":"closed","sticky":false,"template":"","format":"standard","meta":{"advanced_seo_description":"","jetpack_seo_html_title":"","jetpack_seo_noindex":false,"jetpack_post_was_ever_published":false,"_jetpack_newsletter_access":"","_jetpack_dont_email_post_to_subs":false,"_jetpack_newsletter_tier_id":0,"_jetpack_memberships_contains_paywalled_content":false,"_jetpack_memberships_contains_paid_content":false,"footnotes":"","jetpack_publicize_message":"","jetpack_publicize_feature_enabled":true,"jetpack_social_post_already_shared":true,"jetpack_social_options":{"image_generator_settings":{"template":"highway","default_image_id":0,"font":"","enabled":false},"version":2}},"categories":[2,7,24,1],"tags":[],"class_list":["post-3745","post","type-post","status-publish","format-standard","hentry","category-antropoeticas","category-convite","category-divulgacao","category-noticias"],"jetpack_publicize_connections":[],"jetpack_featured_media_url":"","jetpack_sharing_enabled":true,"jetpack_shortlink":"https:\/\/wp.me\/payVYo-Yp","jetpack-related-posts":[{"id":3771,"url":"https:\/\/wp.ufpel.edu.br\/leppais\/2023\/04\/24\/roda-de-conversa-centro-cultural-da-estacao-ferrea-de-pelotas\/","url_meta":{"origin":3745,"position":0},"title":"Roda de conversa: Centro Cultural da Esta\u00e7\u00e3o F\u00e9rrea de Pelotas","author":"antropologia","date":"24\/04\/2023","format":false,"excerpt":"Fotos do encontro","rel":"","context":"Em &quot;Antropo\u00e9ticas&quot;","block_context":{"text":"Antropo\u00e9ticas","link":"https:\/\/wp.ufpel.edu.br\/leppais\/category\/antropoeticas\/"},"img":{"alt_text":"","src":"https:\/\/i0.wp.com\/wp.ufpel.edu.br\/leppais\/files\/2023\/04\/DSC05235.jpg?resize=350%2C200","width":350,"height":200,"srcset":"https:\/\/i0.wp.com\/wp.ufpel.edu.br\/leppais\/files\/2023\/04\/DSC05235.jpg?resize=350%2C200 1x, https:\/\/i0.wp.com\/wp.ufpel.edu.br\/leppais\/files\/2023\/04\/DSC05235.jpg?resize=525%2C300 1.5x, https:\/\/i0.wp.com\/wp.ufpel.edu.br\/leppais\/files\/2023\/04\/DSC05235.jpg?resize=700%2C400 2x, https:\/\/i0.wp.com\/wp.ufpel.edu.br\/leppais\/files\/2023\/04\/DSC05235.jpg?resize=1050%2C600 3x, https:\/\/i0.wp.com\/wp.ufpel.edu.br\/leppais\/files\/2023\/04\/DSC05235.jpg?resize=1400%2C800 4x"},"classes":[]},{"id":1164,"url":"https:\/\/wp.ufpel.edu.br\/leppais\/2017\/07\/12\/nosso-trabalho-para-o-memorial-da-estacao-ferrea-em-2015-sendo-reconhecido\/","url_meta":{"origin":3745,"position":1},"title":"Nosso trabalho para o Memorial da Esta\u00e7\u00e3o F\u00e9rrea, em 2015, sendo reconhecido.","author":"antropologia","date":"12\/07\/2017","format":false,"excerpt":"Parab\u00e9ns \u00e0 equipe que se dedicou \u00e0 pesquisa, ao Museu de Rua e ao v\u00eddeo-document\u00e1rio \"Vida nos Trilhos\" ! Fonte","rel":"","context":"Em &quot;Not\u00edcias&quot;","block_context":{"text":"Not\u00edcias","link":"https:\/\/wp.ufpel.edu.br\/leppais\/category\/noticias\/"},"img":{"alt_text":"","src":"https:\/\/i0.wp.com\/wp.ufpel.edu.br\/leppais\/files\/2017\/07\/materiadiariopopular.jpg?resize=350%2C200&ssl=1","width":350,"height":200,"srcset":"https:\/\/i0.wp.com\/wp.ufpel.edu.br\/leppais\/files\/2017\/07\/materiadiariopopular.jpg?resize=350%2C200&ssl=1 1x, https:\/\/i0.wp.com\/wp.ufpel.edu.br\/leppais\/files\/2017\/07\/materiadiariopopular.jpg?resize=525%2C300&ssl=1 1.5x, https:\/\/i0.wp.com\/wp.ufpel.edu.br\/leppais\/files\/2017\/07\/materiadiariopopular.jpg?resize=700%2C400&ssl=1 2x"},"classes":[]},{"id":333,"url":"https:\/\/wp.ufpel.edu.br\/leppais\/2015\/08\/21\/ufpel-e-secult-apresentaram-no-ultimo-sabado-andamento-do-memorial-da-estacao-ferrea\/","url_meta":{"origin":3745,"position":2},"title":"UFPel e Secult apresentaram no \u00faltimo s\u00e1bado andamento do Memorial da Esta\u00e7\u00e3o F\u00e9rrea","author":"antropologia","date":"21\/08\/2015","format":false,"excerpt":"A Universidade Federal de Pelotas (UFPel) e a Secret\u00e1ria Municipal de Cultura (Secult) realizaram no \u00faltimo s\u00e1bado (15 de agosto) \u2013 dentro da programa\u00e7\u00e3o do Dia do Patrim\u00f4nio de Pelotas \u2013, a segunda reuni\u00e3o aberta do Memorial da Esta\u00e7\u00e3o F\u00e9rrea de Pelotas. O objetivo foi apresentar para a comunidade o\u2026","rel":"","context":"Em &quot;Not\u00edcias&quot;","block_context":{"text":"Not\u00edcias","link":"https:\/\/wp.ufpel.edu.br\/leppais\/category\/noticias\/"},"img":{"alt_text":"","src":"https:\/\/i0.wp.com\/wp.ufpel.edu.br\/leppais\/files\/2015\/08\/11902219_742334095896119_2142241694_o.jpg?resize=350%2C200&ssl=1","width":350,"height":200,"srcset":"https:\/\/i0.wp.com\/wp.ufpel.edu.br\/leppais\/files\/2015\/08\/11902219_742334095896119_2142241694_o.jpg?resize=350%2C200&ssl=1 1x, https:\/\/i0.wp.com\/wp.ufpel.edu.br\/leppais\/files\/2015\/08\/11902219_742334095896119_2142241694_o.jpg?resize=525%2C300&ssl=1 1.5x, https:\/\/i0.wp.com\/wp.ufpel.edu.br\/leppais\/files\/2015\/08\/11902219_742334095896119_2142241694_o.jpg?resize=700%2C400&ssl=1 2x"},"classes":[]},{"id":368,"url":"https:\/\/wp.ufpel.edu.br\/leppais\/2015\/12\/09\/convite-memorial-estacao-ferrea\/","url_meta":{"origin":3745,"position":3},"title":"Convite &#8211; Memorial Esta\u00e7\u00e3o F\u00e9rrea","author":"antropologia","date":"09\/12\/2015","format":false,"excerpt":"","rel":"","context":"Em &quot;Eventos&quot;","block_context":{"text":"Eventos","link":"https:\/\/wp.ufpel.edu.br\/leppais\/category\/eventos\/"},"img":{"alt_text":"","src":"https:\/\/i0.wp.com\/wp.ufpel.edu.br\/leppais\/files\/2015\/12\/memorialestacaoferrea-convite.jpg?resize=350%2C200&ssl=1","width":350,"height":200,"srcset":"https:\/\/i0.wp.com\/wp.ufpel.edu.br\/leppais\/files\/2015\/12\/memorialestacaoferrea-convite.jpg?resize=350%2C200&ssl=1 1x, https:\/\/i0.wp.com\/wp.ufpel.edu.br\/leppais\/files\/2015\/12\/memorialestacaoferrea-convite.jpg?resize=525%2C300&ssl=1 1.5x, https:\/\/i0.wp.com\/wp.ufpel.edu.br\/leppais\/files\/2015\/12\/memorialestacaoferrea-convite.jpg?resize=700%2C400&ssl=1 2x"},"classes":[]},{"id":3840,"url":"https:\/\/wp.ufpel.edu.br\/leppais\/2023\/08\/09\/roda-de-conversa-e-jogo-de-memoria-sobre-o-bairro-simoes-lopes-e-a-estacao-ferrea-de-pelotas\/","url_meta":{"origin":3745,"position":4},"title":"Roda de conversa e jogo de mem\u00f3ria sobre o bairro Sim\u00f5es Lopes e a Esta\u00e7\u00e3o F\u00e9rrea de Pelotas","author":"antropologia","date":"09\/08\/2023","format":false,"excerpt":"ATIVIDADE SEMANA DO PATRIMONIO-2023 Sim\u00f5es Lopes, um augusto bairro: conversas a partir de imagens hist\u00f3ricas e jogos de mem\u00f3ria LOCAL: Casa da M\u00fasica (galp\u00e3o da antiga ferrovia, ao lado da esta\u00e7\u00e3o f\u00e9rrea de Pelotas, na Pra\u00e7a Rio Branco) DATA: 19\/08 HOR\u00c1RIO: 14h30m \u2013 18h Roda de conversa e jogo de\u2026","rel":"","context":"Em &quot;Convite&quot;","block_context":{"text":"Convite","link":"https:\/\/wp.ufpel.edu.br\/leppais\/category\/convite\/"},"img":{"alt_text":"","src":"https:\/\/i0.wp.com\/wp.ufpel.edu.br\/leppais\/files\/2023\/08\/MEF-Estacao-Ferrea-AGO2023_v2.jpg?resize=350%2C200&ssl=1","width":350,"height":200,"srcset":"https:\/\/i0.wp.com\/wp.ufpel.edu.br\/leppais\/files\/2023\/08\/MEF-Estacao-Ferrea-AGO2023_v2.jpg?resize=350%2C200&ssl=1 1x, https:\/\/i0.wp.com\/wp.ufpel.edu.br\/leppais\/files\/2023\/08\/MEF-Estacao-Ferrea-AGO2023_v2.jpg?resize=525%2C300&ssl=1 1.5x, https:\/\/i0.wp.com\/wp.ufpel.edu.br\/leppais\/files\/2023\/08\/MEF-Estacao-Ferrea-AGO2023_v2.jpg?resize=700%2C400&ssl=1 2x, https:\/\/i0.wp.com\/wp.ufpel.edu.br\/leppais\/files\/2023\/08\/MEF-Estacao-Ferrea-AGO2023_v2.jpg?resize=1050%2C600&ssl=1 3x"},"classes":[]},{"id":326,"url":"https:\/\/wp.ufpel.edu.br\/leppais\/2015\/07\/02\/forca-tarefa-no-memorial-estacao-ferrea\/","url_meta":{"origin":3745,"position":5},"title":"Memorial Esta\u00e7\u00e3o F\u00e9rrea","author":"antropologia","date":"02\/07\/2015","format":false,"excerpt":"","rel":"","context":"Em &quot;Eventos&quot;","block_context":{"text":"Eventos","link":"https:\/\/wp.ufpel.edu.br\/leppais\/category\/eventos\/"},"img":{"alt_text":"","src":"https:\/\/i0.wp.com\/wp.ufpel.edu.br\/leppais\/files\/2015\/07\/011622.jpg?resize=350%2C200&ssl=1","width":350,"height":200,"srcset":"https:\/\/i0.wp.com\/wp.ufpel.edu.br\/leppais\/files\/2015\/07\/011622.jpg?resize=350%2C200&ssl=1 1x, https:\/\/i0.wp.com\/wp.ufpel.edu.br\/leppais\/files\/2015\/07\/011622.jpg?resize=525%2C300&ssl=1 1.5x, https:\/\/i0.wp.com\/wp.ufpel.edu.br\/leppais\/files\/2015\/07\/011622.jpg?resize=700%2C400&ssl=1 2x, https:\/\/i0.wp.com\/wp.ufpel.edu.br\/leppais\/files\/2015\/07\/011622.jpg?resize=1050%2C600&ssl=1 3x"},"classes":[]}],"jetpack_likes_enabled":true,"_links":{"self":[{"href":"https:\/\/wp.ufpel.edu.br\/leppais\/wp-json\/wp\/v2\/posts\/3745","targetHints":{"allow":["GET"]}}],"collection":[{"href":"https:\/\/wp.ufpel.edu.br\/leppais\/wp-json\/wp\/v2\/posts"}],"about":[{"href":"https:\/\/wp.ufpel.edu.br\/leppais\/wp-json\/wp\/v2\/types\/post"}],"author":[{"embeddable":true,"href":"https:\/\/wp.ufpel.edu.br\/leppais\/wp-json\/wp\/v2\/users\/641"}],"replies":[{"embeddable":true,"href":"https:\/\/wp.ufpel.edu.br\/leppais\/wp-json\/wp\/v2\/comments?post=3745"}],"version-history":[{"count":1,"href":"https:\/\/wp.ufpel.edu.br\/leppais\/wp-json\/wp\/v2\/posts\/3745\/revisions"}],"predecessor-version":[{"id":3747,"href":"https:\/\/wp.ufpel.edu.br\/leppais\/wp-json\/wp\/v2\/posts\/3745\/revisions\/3747"}],"wp:attachment":[{"href":"https:\/\/wp.ufpel.edu.br\/leppais\/wp-json\/wp\/v2\/media?parent=3745"}],"wp:term":[{"taxonomy":"category","embeddable":true,"href":"https:\/\/wp.ufpel.edu.br\/leppais\/wp-json\/wp\/v2\/categories?post=3745"},{"taxonomy":"post_tag","embeddable":true,"href":"https:\/\/wp.ufpel.edu.br\/leppais\/wp-json\/wp\/v2\/tags?post=3745"}],"curies":[{"name":"wp","href":"https:\/\/api.w.org\/{rel}","templated":true}]}}