{"id":3741,"date":"2023-02-01T11:40:40","date_gmt":"2023-02-01T14:40:40","guid":{"rendered":"https:\/\/wp.ufpel.edu.br\/leppais\/?p=3741"},"modified":"2023-02-01T11:40:40","modified_gmt":"2023-02-01T14:40:40","slug":"retomada-encontros-antropoeticas-2","status":"publish","type":"post","link":"https:\/\/wp.ufpel.edu.br\/leppais\/2023\/02\/01\/retomada-encontros-antropoeticas-2\/","title":{"rendered":"Retomada encontros Antropo\u00e9ticas"},"content":{"rendered":"<p><img data-recalc-dims=\"1\" loading=\"lazy\" decoding=\"async\" data-attachment-id=\"3742\" data-permalink=\"https:\/\/wp.ufpel.edu.br\/leppais\/2023\/02\/01\/retomada-encontros-antropoeticas-2\/antropoeticas-chamada-2023-1\/\" data-orig-file=\"https:\/\/i0.wp.com\/wp.ufpel.edu.br\/leppais\/files\/2023\/02\/Antropoeticas-Chamada-2023-1.png?fit=1000%2C1000&amp;ssl=1\" data-orig-size=\"1000,1000\" data-comments-opened=\"0\" data-image-meta=\"{&quot;aperture&quot;:&quot;0&quot;,&quot;credit&quot;:&quot;&quot;,&quot;camera&quot;:&quot;&quot;,&quot;caption&quot;:&quot;&quot;,&quot;created_timestamp&quot;:&quot;0&quot;,&quot;copyright&quot;:&quot;&quot;,&quot;focal_length&quot;:&quot;0&quot;,&quot;iso&quot;:&quot;0&quot;,&quot;shutter_speed&quot;:&quot;0&quot;,&quot;title&quot;:&quot;&quot;,&quot;orientation&quot;:&quot;0&quot;}\" data-image-title=\"Antropoeticas-Chamada 2023-1\" data-image-description=\"\" data-image-caption=\"\" data-medium-file=\"https:\/\/i0.wp.com\/wp.ufpel.edu.br\/leppais\/files\/2023\/02\/Antropoeticas-Chamada-2023-1.png?fit=300%2C300&amp;ssl=1\" data-large-file=\"https:\/\/i0.wp.com\/wp.ufpel.edu.br\/leppais\/files\/2023\/02\/Antropoeticas-Chamada-2023-1.png?fit=584%2C584&amp;ssl=1\" class=\"alignnone wp-image-3742 size-full\" src=\"https:\/\/i0.wp.com\/wp.ufpel.edu.br\/leppais\/files\/2023\/02\/Antropoeticas-Chamada-2023-1.png?resize=584%2C584&#038;ssl=1\" alt=\"\" width=\"584\" height=\"584\" srcset=\"https:\/\/i0.wp.com\/wp.ufpel.edu.br\/leppais\/files\/2023\/02\/Antropoeticas-Chamada-2023-1.png?w=1000&amp;ssl=1 1000w, https:\/\/i0.wp.com\/wp.ufpel.edu.br\/leppais\/files\/2023\/02\/Antropoeticas-Chamada-2023-1.png?resize=300%2C300&amp;ssl=1 300w, https:\/\/i0.wp.com\/wp.ufpel.edu.br\/leppais\/files\/2023\/02\/Antropoeticas-Chamada-2023-1.png?resize=150%2C150&amp;ssl=1 150w, https:\/\/i0.wp.com\/wp.ufpel.edu.br\/leppais\/files\/2023\/02\/Antropoeticas-Chamada-2023-1.png?resize=768%2C768&amp;ssl=1 768w, https:\/\/i0.wp.com\/wp.ufpel.edu.br\/leppais\/files\/2023\/02\/Antropoeticas-Chamada-2023-1.png?resize=50%2C50&amp;ssl=1 50w\" sizes=\"auto, (max-width: 584px) 100vw, 584px\" \/><\/p>\n","protected":false},"excerpt":{"rendered":"","protected":false},"author":641,"featured_media":0,"comment_status":"closed","ping_status":"closed","sticky":false,"template":"","format":"standard","meta":{"advanced_seo_description":"","jetpack_seo_html_title":"","jetpack_seo_noindex":false,"jetpack_post_was_ever_published":false,"_jetpack_newsletter_access":"","_jetpack_dont_email_post_to_subs":false,"_jetpack_newsletter_tier_id":0,"_jetpack_memberships_contains_paywalled_content":false,"_jetpack_memberships_contains_paid_content":false,"footnotes":"","jetpack_publicize_message":"","jetpack_publicize_feature_enabled":true,"jetpack_social_post_already_shared":true,"jetpack_social_options":{"image_generator_settings":{"template":"highway","default_image_id":0,"font":"","enabled":false},"version":2}},"categories":[2,7,24],"tags":[],"class_list":["post-3741","post","type-post","status-publish","format-standard","hentry","category-antropoeticas","category-convite","category-divulgacao"],"jetpack_publicize_connections":[],"jetpack_featured_media_url":"","jetpack_sharing_enabled":true,"jetpack_shortlink":"https:\/\/wp.me\/payVYo-Yl","jetpack-related-posts":[{"id":3541,"url":"https:\/\/wp.ufpel.edu.br\/leppais\/2022\/09\/12\/retomada-encontros-antropoeticas\/","url_meta":{"origin":3741,"position":0},"title":"Retomada encontros Antropo\u00e9ticas","author":"antropologia","date":"12\/09\/2022","format":false,"excerpt":"https:\/\/webconf.ufpel.edu.br\/b\/cla-xca-499","rel":"","context":"Em &quot;Antropo\u00e9ticas&quot;","block_context":{"text":"Antropo\u00e9ticas","link":"https:\/\/wp.ufpel.edu.br\/leppais\/category\/antropoeticas\/"},"img":{"alt_text":"","src":"https:\/\/i0.wp.com\/wp.ufpel.edu.br\/leppais\/files\/2022\/09\/Antropoeticas-Chamada-2022-2.png?resize=350%2C200&ssl=1","width":350,"height":200,"srcset":"https:\/\/i0.wp.com\/wp.ufpel.edu.br\/leppais\/files\/2022\/09\/Antropoeticas-Chamada-2022-2.png?resize=350%2C200&ssl=1 1x, https:\/\/i0.wp.com\/wp.ufpel.edu.br\/leppais\/files\/2022\/09\/Antropoeticas-Chamada-2022-2.png?resize=525%2C300&ssl=1 1.5x, https:\/\/i0.wp.com\/wp.ufpel.edu.br\/leppais\/files\/2022\/09\/Antropoeticas-Chamada-2022-2.png?resize=700%2C400&ssl=1 2x"},"classes":[]},{"id":3745,"url":"https:\/\/wp.ufpel.edu.br\/leppais\/2023\/02\/13\/encontro-antropoeticas-estacao-ferrea\/","url_meta":{"origin":3741,"position":1},"title":"Encontro Antropo\u00e9ticas &#8211; Esta\u00e7\u00e3o F\u00e9rrea","author":"antropologia","date":"13\/02\/2023","format":false,"excerpt":"O pr\u00f3ximo encontro Antropo\u00e9tico ser\u00e1 realizado na Esta\u00e7\u00e3o F\u00e9rrea de Pelotas, ter\u00e7a 14 FEV - 17h, para retomada do projeto coletivo do Memorial e propostas para o Centro Cultural da Esta\u00e7\u00e3o. Endere\u00e7o: Largo Portugal, 37 (ao lado do supermercado Guanabara)","rel":"","context":"Em &quot;Antropo\u00e9ticas&quot;","block_context":{"text":"Antropo\u00e9ticas","link":"https:\/\/wp.ufpel.edu.br\/leppais\/category\/antropoeticas\/"},"img":{"alt_text":"","src":"https:\/\/i0.wp.com\/wp.ufpel.edu.br\/leppais\/files\/2023\/02\/Antropoeticas-Chamada-MEF-14-02-2023.png?resize=350%2C200&ssl=1","width":350,"height":200,"srcset":"https:\/\/i0.wp.com\/wp.ufpel.edu.br\/leppais\/files\/2023\/02\/Antropoeticas-Chamada-MEF-14-02-2023.png?resize=350%2C200&ssl=1 1x, https:\/\/i0.wp.com\/wp.ufpel.edu.br\/leppais\/files\/2023\/02\/Antropoeticas-Chamada-MEF-14-02-2023.png?resize=525%2C300&ssl=1 1.5x, https:\/\/i0.wp.com\/wp.ufpel.edu.br\/leppais\/files\/2023\/02\/Antropoeticas-Chamada-MEF-14-02-2023.png?resize=700%2C400&ssl=1 2x"},"classes":[]},{"id":3218,"url":"https:\/\/wp.ufpel.edu.br\/leppais\/2020\/07\/22\/encontros-antropoeticas-grupo-de-estudos\/","url_meta":{"origin":3741,"position":2},"title":"Encontros Antropo\u00e9ticas &#8211; Grupo de Estudos","author":"antropologia","date":"22\/07\/2020","format":false,"excerpt":"Estamos retomando nosso grupo de estudos nas tardes de ter\u00e7a-feira. O grupo que desde o in\u00edcio da pandemia vinha se encontrando de modo espor\u00e1dico de retoma seu formato regular, online. O grupo de estudos tem por objetivo ser um momento de encontro para discuss\u00e3o de temas sobre antropologia visual e\u2026","rel":"","context":"Em &quot;Antropo\u00e9ticas&quot;","block_context":{"text":"Antropo\u00e9ticas","link":"https:\/\/wp.ufpel.edu.br\/leppais\/category\/antropoeticas\/"},"img":{"alt_text":"","src":"https:\/\/i0.wp.com\/wp.ufpel.edu.br\/leppais\/files\/2020\/07\/Antropoeticas-Encontros.jpg?resize=350%2C200&ssl=1","width":350,"height":200,"srcset":"https:\/\/i0.wp.com\/wp.ufpel.edu.br\/leppais\/files\/2020\/07\/Antropoeticas-Encontros.jpg?resize=350%2C200&ssl=1 1x, https:\/\/i0.wp.com\/wp.ufpel.edu.br\/leppais\/files\/2020\/07\/Antropoeticas-Encontros.jpg?resize=525%2C300&ssl=1 1.5x, https:\/\/i0.wp.com\/wp.ufpel.edu.br\/leppais\/files\/2020\/07\/Antropoeticas-Encontros.jpg?resize=700%2C400&ssl=1 2x"},"classes":[]},{"id":3761,"url":"https:\/\/wp.ufpel.edu.br\/leppais\/2023\/03\/23\/antropoeticas-isadora-ebersol\/","url_meta":{"origin":3741,"position":3},"title":"Antropo\u00e9ticas &#8211; Isadora Ebersol","author":"antropologia","date":"23\/03\/2023","format":false,"excerpt":"LINK: https:\/\/webconf.ufpel.edu.br\/b\/cla-xca-499","rel":"","context":"Em &quot;Antropo\u00e9ticas&quot;","block_context":{"text":"Antropo\u00e9ticas","link":"https:\/\/wp.ufpel.edu.br\/leppais\/category\/antropoeticas\/"},"img":{"alt_text":"","src":"https:\/\/i0.wp.com\/wp.ufpel.edu.br\/leppais\/files\/2023\/03\/Antropoeticas-Isadora-Ebersol-2023-MAR.jpg?resize=350%2C200&ssl=1","width":350,"height":200,"srcset":"https:\/\/i0.wp.com\/wp.ufpel.edu.br\/leppais\/files\/2023\/03\/Antropoeticas-Isadora-Ebersol-2023-MAR.jpg?resize=350%2C200&ssl=1 1x, https:\/\/i0.wp.com\/wp.ufpel.edu.br\/leppais\/files\/2023\/03\/Antropoeticas-Isadora-Ebersol-2023-MAR.jpg?resize=525%2C300&ssl=1 1.5x, https:\/\/i0.wp.com\/wp.ufpel.edu.br\/leppais\/files\/2023\/03\/Antropoeticas-Isadora-Ebersol-2023-MAR.jpg?resize=700%2C400&ssl=1 2x"},"classes":[]},{"id":3969,"url":"https:\/\/wp.ufpel.edu.br\/leppais\/2023\/11\/29\/antropoeticas-guillermo-gomez\/","url_meta":{"origin":3741,"position":4},"title":"Antropo\u00e9ticas &#8211; Guillermo G\u00f3mez","author":"antropologia","date":"29\/11\/2023","format":false,"excerpt":"Link: https:\/\/webconf.ufpel.edu.br\/b\/cla-xca-499","rel":"","context":"Em &quot;Antropo\u00e9ticas&quot;","block_context":{"text":"Antropo\u00e9ticas","link":"https:\/\/wp.ufpel.edu.br\/leppais\/category\/antropoeticas\/"},"img":{"alt_text":"","src":"https:\/\/i0.wp.com\/wp.ufpel.edu.br\/leppais\/files\/2023\/11\/Antropoeticas-Guillermo-Gomez-2023-DEZ.jpg?resize=350%2C200&ssl=1","width":350,"height":200,"srcset":"https:\/\/i0.wp.com\/wp.ufpel.edu.br\/leppais\/files\/2023\/11\/Antropoeticas-Guillermo-Gomez-2023-DEZ.jpg?resize=350%2C200&ssl=1 1x, https:\/\/i0.wp.com\/wp.ufpel.edu.br\/leppais\/files\/2023\/11\/Antropoeticas-Guillermo-Gomez-2023-DEZ.jpg?resize=525%2C300&ssl=1 1.5x, https:\/\/i0.wp.com\/wp.ufpel.edu.br\/leppais\/files\/2023\/11\/Antropoeticas-Guillermo-Gomez-2023-DEZ.jpg?resize=700%2C400&ssl=1 2x, https:\/\/i0.wp.com\/wp.ufpel.edu.br\/leppais\/files\/2023\/11\/Antropoeticas-Guillermo-Gomez-2023-DEZ.jpg?resize=1050%2C600&ssl=1 3x"},"classes":[]},{"id":3798,"url":"https:\/\/wp.ufpel.edu.br\/leppais\/2023\/05\/02\/antropoeticas-alejandro-escobar-hoyos\/","url_meta":{"origin":3741,"position":5},"title":"Antropo\u00e9ticas &#8211; Alejandro Escobar Hoyos","author":"antropologia","date":"02\/05\/2023","format":false,"excerpt":"Link: https:\/\/meet.google.com\/mwr-irbd-uay","rel":"","context":"Em &quot;Antropo\u00e9ticas&quot;","block_context":{"text":"Antropo\u00e9ticas","link":"https:\/\/wp.ufpel.edu.br\/leppais\/category\/antropoeticas\/"},"img":{"alt_text":"","src":"https:\/\/i0.wp.com\/wp.ufpel.edu.br\/leppais\/files\/2023\/05\/GT-Antropoeticas-ALA-Alejandro-Escobar-Hoyos_v2.png?resize=350%2C200&ssl=1","width":350,"height":200,"srcset":"https:\/\/i0.wp.com\/wp.ufpel.edu.br\/leppais\/files\/2023\/05\/GT-Antropoeticas-ALA-Alejandro-Escobar-Hoyos_v2.png?resize=350%2C200&ssl=1 1x, https:\/\/i0.wp.com\/wp.ufpel.edu.br\/leppais\/files\/2023\/05\/GT-Antropoeticas-ALA-Alejandro-Escobar-Hoyos_v2.png?resize=525%2C300&ssl=1 1.5x, https:\/\/i0.wp.com\/wp.ufpel.edu.br\/leppais\/files\/2023\/05\/GT-Antropoeticas-ALA-Alejandro-Escobar-Hoyos_v2.png?resize=700%2C400&ssl=1 2x, https:\/\/i0.wp.com\/wp.ufpel.edu.br\/leppais\/files\/2023\/05\/GT-Antropoeticas-ALA-Alejandro-Escobar-Hoyos_v2.png?resize=1050%2C600&ssl=1 3x"},"classes":[]}],"jetpack_likes_enabled":true,"_links":{"self":[{"href":"https:\/\/wp.ufpel.edu.br\/leppais\/wp-json\/wp\/v2\/posts\/3741","targetHints":{"allow":["GET"]}}],"collection":[{"href":"https:\/\/wp.ufpel.edu.br\/leppais\/wp-json\/wp\/v2\/posts"}],"about":[{"href":"https:\/\/wp.ufpel.edu.br\/leppais\/wp-json\/wp\/v2\/types\/post"}],"author":[{"embeddable":true,"href":"https:\/\/wp.ufpel.edu.br\/leppais\/wp-json\/wp\/v2\/users\/641"}],"replies":[{"embeddable":true,"href":"https:\/\/wp.ufpel.edu.br\/leppais\/wp-json\/wp\/v2\/comments?post=3741"}],"version-history":[{"count":1,"href":"https:\/\/wp.ufpel.edu.br\/leppais\/wp-json\/wp\/v2\/posts\/3741\/revisions"}],"predecessor-version":[{"id":3743,"href":"https:\/\/wp.ufpel.edu.br\/leppais\/wp-json\/wp\/v2\/posts\/3741\/revisions\/3743"}],"wp:attachment":[{"href":"https:\/\/wp.ufpel.edu.br\/leppais\/wp-json\/wp\/v2\/media?parent=3741"}],"wp:term":[{"taxonomy":"category","embeddable":true,"href":"https:\/\/wp.ufpel.edu.br\/leppais\/wp-json\/wp\/v2\/categories?post=3741"},{"taxonomy":"post_tag","embeddable":true,"href":"https:\/\/wp.ufpel.edu.br\/leppais\/wp-json\/wp\/v2\/tags?post=3741"}],"curies":[{"name":"wp","href":"https:\/\/api.w.org\/{rel}","templated":true}]}}