{"id":368,"date":"2015-12-09T13:03:27","date_gmt":"2015-12-09T16:03:27","guid":{"rendered":"https:\/\/leppais.wordpress.com\/?p=368"},"modified":"2015-12-09T13:03:27","modified_gmt":"2015-12-09T16:03:27","slug":"convite-memorial-estacao-ferrea","status":"publish","type":"post","link":"https:\/\/wp.ufpel.edu.br\/leppais\/2015\/12\/09\/convite-memorial-estacao-ferrea\/","title":{"rendered":"Convite &#8211; Memorial Esta\u00e7\u00e3o F\u00e9rrea"},"content":{"rendered":"<p><a href=\"https:\/\/i0.wp.com\/wp.ufpel.edu.br\/leppais\/files\/2015\/12\/memorialestacaoferrea-convite.jpg?ssl=1\" rel=\"attachment wp-att-369\"><img data-recalc-dims=\"1\" loading=\"lazy\" decoding=\"async\" data-attachment-id=\"369\" data-permalink=\"https:\/\/wp.ufpel.edu.br\/leppais\/2015\/12\/09\/convite-memorial-estacao-ferrea\/memorialestacaoferrea-convite\/\" data-orig-file=\"https:\/\/i0.wp.com\/wp.ufpel.edu.br\/leppais\/files\/2015\/12\/memorialestacaoferrea-convite.jpg?fit=700%2C840&amp;ssl=1\" data-orig-size=\"700,840\" data-comments-opened=\"0\" data-image-meta=\"{&quot;aperture&quot;:&quot;0&quot;,&quot;credit&quot;:&quot;&quot;,&quot;camera&quot;:&quot;&quot;,&quot;caption&quot;:&quot;&quot;,&quot;created_timestamp&quot;:&quot;0&quot;,&quot;copyright&quot;:&quot;&quot;,&quot;focal_length&quot;:&quot;0&quot;,&quot;iso&quot;:&quot;0&quot;,&quot;shutter_speed&quot;:&quot;0&quot;,&quot;title&quot;:&quot;&quot;,&quot;orientation&quot;:&quot;0&quot;}\" data-image-title=\"MemorialEstacaoFerrea-CONVITE\" data-image-description=\"\" data-image-caption=\"\" data-medium-file=\"https:\/\/i0.wp.com\/wp.ufpel.edu.br\/leppais\/files\/2015\/12\/memorialestacaoferrea-convite.jpg?fit=250%2C300&amp;ssl=1\" data-large-file=\"https:\/\/i0.wp.com\/wp.ufpel.edu.br\/leppais\/files\/2015\/12\/memorialestacaoferrea-convite.jpg?fit=584%2C701&amp;ssl=1\" class=\"alignnone size-large wp-image-369\" src=\"https:\/\/i0.wp.com\/wp.ufpel.edu.br\/leppais\/files\/2015\/12\/memorialestacaoferrea-convite.jpg?resize=584%2C701&#038;ssl=1\" alt=\"MemorialEstacaoFerrea-CONVITE\" width=\"584\" height=\"701\" srcset=\"https:\/\/i0.wp.com\/wp.ufpel.edu.br\/leppais\/files\/2015\/12\/memorialestacaoferrea-convite.jpg?w=700&amp;ssl=1 700w, https:\/\/i0.wp.com\/wp.ufpel.edu.br\/leppais\/files\/2015\/12\/memorialestacaoferrea-convite.jpg?resize=250%2C300&amp;ssl=1 250w\" sizes=\"auto, (max-width: 584px) 100vw, 584px\" \/><\/a><\/p>\n","protected":false},"excerpt":{"rendered":"","protected":false},"author":641,"featured_media":0,"comment_status":"open","ping_status":"open","sticky":false,"template":"","format":"standard","meta":{"advanced_seo_description":"","jetpack_seo_html_title":"","jetpack_seo_noindex":false,"jetpack_post_was_ever_published":false,"_jetpack_newsletter_access":"","_jetpack_dont_email_post_to_subs":false,"_jetpack_newsletter_tier_id":0,"_jetpack_memberships_contains_paywalled_content":false,"_jetpack_memberships_contains_paid_content":false,"footnotes":"","jetpack_publicize_message":"","jetpack_publicize_feature_enabled":true,"jetpack_social_post_already_shared":true,"jetpack_social_options":{"image_generator_settings":{"template":"highway","default_image_id":0,"font":"","enabled":false},"version":2}},"categories":[9],"tags":[],"class_list":["post-368","post","type-post","status-publish","format-standard","hentry","category-eventos"],"jetpack_publicize_connections":[],"jetpack_featured_media_url":"","jetpack_sharing_enabled":true,"jetpack_shortlink":"https:\/\/wp.me\/payVYo-5W","jetpack-related-posts":[{"id":1723,"url":"https:\/\/wp.ufpel.edu.br\/leppais\/2018\/09\/14\/memorial-da-estacao-ferrea-e-documentario-vida-nos-trilhos-no-ihgcl-capao-do-leao\/","url_meta":{"origin":368,"position":0},"title":"Memorial da Esta\u00e7\u00e3o F\u00e9rrea e Document\u00e1rio &#8220;Vida nos Trilhos&#8221; no IHGCL Cap\u00e3o do Le\u00e3o","author":"antropologia","date":"14\/09\/2018","format":false,"excerpt":"","rel":"","context":"Em &quot;Atividades&quot;","block_context":{"text":"Atividades","link":"https:\/\/wp.ufpel.edu.br\/leppais\/category\/atividades\/"},"img":{"alt_text":"","src":"https:\/\/i0.wp.com\/wp.ufpel.edu.br\/leppais\/files\/2018\/09\/memorialestacaoferrea-convite_2018.jpg?resize=350%2C200&ssl=1","width":350,"height":200,"srcset":"https:\/\/i0.wp.com\/wp.ufpel.edu.br\/leppais\/files\/2018\/09\/memorialestacaoferrea-convite_2018.jpg?resize=350%2C200&ssl=1 1x, https:\/\/i0.wp.com\/wp.ufpel.edu.br\/leppais\/files\/2018\/09\/memorialestacaoferrea-convite_2018.jpg?resize=525%2C300&ssl=1 1.5x, https:\/\/i0.wp.com\/wp.ufpel.edu.br\/leppais\/files\/2018\/09\/memorialestacaoferrea-convite_2018.jpg?resize=700%2C400&ssl=1 2x"},"classes":[]},{"id":1814,"url":"https:\/\/wp.ufpel.edu.br\/leppais\/2018\/11\/08\/convite-memorial-da-estacao-ferrea-de-pelotas-e-doc-vida-nos-trilhos-na-casa-de-cultura-do-capao-do-leao\/","url_meta":{"origin":368,"position":1},"title":"Convite: Memorial da Esta\u00e7\u00e3o Ferrea de Pelotas e doc. &#8220;Vida nos Trilhos&#8221; na Casa de Cultura do Cap\u00e3o do Le\u00e3o","author":"antropologia","date":"08\/11\/2018","format":false,"excerpt":"","rel":"","context":"Em &quot;Convite&quot;","block_context":{"text":"Convite","link":"https:\/\/wp.ufpel.edu.br\/leppais\/category\/convite\/"},"img":{"alt_text":"","src":"https:\/\/i0.wp.com\/wp.ufpel.edu.br\/leppais\/files\/2018\/11\/memorialestacaoferrea-convite_nov2018.jpg?resize=350%2C200&ssl=1","width":350,"height":200,"srcset":"https:\/\/i0.wp.com\/wp.ufpel.edu.br\/leppais\/files\/2018\/11\/memorialestacaoferrea-convite_nov2018.jpg?resize=350%2C200&ssl=1 1x, https:\/\/i0.wp.com\/wp.ufpel.edu.br\/leppais\/files\/2018\/11\/memorialestacaoferrea-convite_nov2018.jpg?resize=525%2C300&ssl=1 1.5x, https:\/\/i0.wp.com\/wp.ufpel.edu.br\/leppais\/files\/2018\/11\/memorialestacaoferrea-convite_nov2018.jpg?resize=700%2C400&ssl=1 2x"},"classes":[]},{"id":326,"url":"https:\/\/wp.ufpel.edu.br\/leppais\/2015\/07\/02\/forca-tarefa-no-memorial-estacao-ferrea\/","url_meta":{"origin":368,"position":2},"title":"Memorial Esta\u00e7\u00e3o F\u00e9rrea","author":"antropologia","date":"02\/07\/2015","format":false,"excerpt":"","rel":"","context":"Em &quot;Eventos&quot;","block_context":{"text":"Eventos","link":"https:\/\/wp.ufpel.edu.br\/leppais\/category\/eventos\/"},"img":{"alt_text":"","src":"https:\/\/i0.wp.com\/wp.ufpel.edu.br\/leppais\/files\/2015\/07\/011622.jpg?resize=350%2C200&ssl=1","width":350,"height":200,"srcset":"https:\/\/i0.wp.com\/wp.ufpel.edu.br\/leppais\/files\/2015\/07\/011622.jpg?resize=350%2C200&ssl=1 1x, https:\/\/i0.wp.com\/wp.ufpel.edu.br\/leppais\/files\/2015\/07\/011622.jpg?resize=525%2C300&ssl=1 1.5x, https:\/\/i0.wp.com\/wp.ufpel.edu.br\/leppais\/files\/2015\/07\/011622.jpg?resize=700%2C400&ssl=1 2x, https:\/\/i0.wp.com\/wp.ufpel.edu.br\/leppais\/files\/2015\/07\/011622.jpg?resize=1050%2C600&ssl=1 3x"},"classes":[]},{"id":1733,"url":"https:\/\/wp.ufpel.edu.br\/leppais\/2018\/09\/17\/fotos-exposicao-memorial-da-estacao-ferrea-e-vida-nos-trilhos-no-capao-do-leao\/","url_meta":{"origin":368,"position":3},"title":"Fotos Exposi\u00e7\u00e3o Memorial da Esta\u00e7\u00e3o F\u00e9rrea e \u201cVida nos Trilhos\u201d no Cap\u00e3o do Le\u00e3o","author":"antropologia","date":"17\/09\/2018","format":false,"excerpt":"","rel":"","context":"Em &quot;Eventos&quot;","block_context":{"text":"Eventos","link":"https:\/\/wp.ufpel.edu.br\/leppais\/category\/eventos\/"},"img":{"alt_text":"","src":"https:\/\/i0.wp.com\/wp.ufpel.edu.br\/leppais\/files\/2018\/09\/img-20180917-wa0025.jpg?resize=350%2C200","width":350,"height":200,"srcset":"https:\/\/i0.wp.com\/wp.ufpel.edu.br\/leppais\/files\/2018\/09\/img-20180917-wa0025.jpg?resize=350%2C200 1x, https:\/\/i0.wp.com\/wp.ufpel.edu.br\/leppais\/files\/2018\/09\/img-20180917-wa0025.jpg?resize=525%2C300 1.5x, https:\/\/i0.wp.com\/wp.ufpel.edu.br\/leppais\/files\/2018\/09\/img-20180917-wa0025.jpg?resize=700%2C400 2x, https:\/\/i0.wp.com\/wp.ufpel.edu.br\/leppais\/files\/2018\/09\/img-20180917-wa0025.jpg?resize=1050%2C600 3x"},"classes":[]},{"id":3771,"url":"https:\/\/wp.ufpel.edu.br\/leppais\/2023\/04\/24\/roda-de-conversa-centro-cultural-da-estacao-ferrea-de-pelotas\/","url_meta":{"origin":368,"position":4},"title":"Roda de conversa: Centro Cultural da Esta\u00e7\u00e3o F\u00e9rrea de Pelotas","author":"antropologia","date":"24\/04\/2023","format":false,"excerpt":"Fotos do encontro","rel":"","context":"Em &quot;Antropo\u00e9ticas&quot;","block_context":{"text":"Antropo\u00e9ticas","link":"https:\/\/wp.ufpel.edu.br\/leppais\/category\/antropoeticas\/"},"img":{"alt_text":"","src":"https:\/\/i0.wp.com\/wp.ufpel.edu.br\/leppais\/files\/2023\/04\/DSC05235.jpg?resize=350%2C200","width":350,"height":200,"srcset":"https:\/\/i0.wp.com\/wp.ufpel.edu.br\/leppais\/files\/2023\/04\/DSC05235.jpg?resize=350%2C200 1x, https:\/\/i0.wp.com\/wp.ufpel.edu.br\/leppais\/files\/2023\/04\/DSC05235.jpg?resize=525%2C300 1.5x, https:\/\/i0.wp.com\/wp.ufpel.edu.br\/leppais\/files\/2023\/04\/DSC05235.jpg?resize=700%2C400 2x, https:\/\/i0.wp.com\/wp.ufpel.edu.br\/leppais\/files\/2023\/04\/DSC05235.jpg?resize=1050%2C600 3x, https:\/\/i0.wp.com\/wp.ufpel.edu.br\/leppais\/files\/2023\/04\/DSC05235.jpg?resize=1400%2C800 4x"},"classes":[]},{"id":3745,"url":"https:\/\/wp.ufpel.edu.br\/leppais\/2023\/02\/13\/encontro-antropoeticas-estacao-ferrea\/","url_meta":{"origin":368,"position":5},"title":"Encontro Antropo\u00e9ticas &#8211; Esta\u00e7\u00e3o F\u00e9rrea","author":"antropologia","date":"13\/02\/2023","format":false,"excerpt":"O pr\u00f3ximo encontro Antropo\u00e9tico ser\u00e1 realizado na Esta\u00e7\u00e3o F\u00e9rrea de Pelotas, ter\u00e7a 14 FEV - 17h, para retomada do projeto coletivo do Memorial e propostas para o Centro Cultural da Esta\u00e7\u00e3o. Endere\u00e7o: Largo Portugal, 37 (ao lado do supermercado Guanabara)","rel":"","context":"Em &quot;Antropo\u00e9ticas&quot;","block_context":{"text":"Antropo\u00e9ticas","link":"https:\/\/wp.ufpel.edu.br\/leppais\/category\/antropoeticas\/"},"img":{"alt_text":"","src":"https:\/\/i0.wp.com\/wp.ufpel.edu.br\/leppais\/files\/2023\/02\/Antropoeticas-Chamada-MEF-14-02-2023.png?resize=350%2C200&ssl=1","width":350,"height":200,"srcset":"https:\/\/i0.wp.com\/wp.ufpel.edu.br\/leppais\/files\/2023\/02\/Antropoeticas-Chamada-MEF-14-02-2023.png?resize=350%2C200&ssl=1 1x, https:\/\/i0.wp.com\/wp.ufpel.edu.br\/leppais\/files\/2023\/02\/Antropoeticas-Chamada-MEF-14-02-2023.png?resize=525%2C300&ssl=1 1.5x, https:\/\/i0.wp.com\/wp.ufpel.edu.br\/leppais\/files\/2023\/02\/Antropoeticas-Chamada-MEF-14-02-2023.png?resize=700%2C400&ssl=1 2x"},"classes":[]}],"jetpack_likes_enabled":true,"_links":{"self":[{"href":"https:\/\/wp.ufpel.edu.br\/leppais\/wp-json\/wp\/v2\/posts\/368","targetHints":{"allow":["GET"]}}],"collection":[{"href":"https:\/\/wp.ufpel.edu.br\/leppais\/wp-json\/wp\/v2\/posts"}],"about":[{"href":"https:\/\/wp.ufpel.edu.br\/leppais\/wp-json\/wp\/v2\/types\/post"}],"author":[{"embeddable":true,"href":"https:\/\/wp.ufpel.edu.br\/leppais\/wp-json\/wp\/v2\/users\/641"}],"replies":[{"embeddable":true,"href":"https:\/\/wp.ufpel.edu.br\/leppais\/wp-json\/wp\/v2\/comments?post=368"}],"version-history":[{"count":0,"href":"https:\/\/wp.ufpel.edu.br\/leppais\/wp-json\/wp\/v2\/posts\/368\/revisions"}],"wp:attachment":[{"href":"https:\/\/wp.ufpel.edu.br\/leppais\/wp-json\/wp\/v2\/media?parent=368"}],"wp:term":[{"taxonomy":"category","embeddable":true,"href":"https:\/\/wp.ufpel.edu.br\/leppais\/wp-json\/wp\/v2\/categories?post=368"},{"taxonomy":"post_tag","embeddable":true,"href":"https:\/\/wp.ufpel.edu.br\/leppais\/wp-json\/wp\/v2\/tags?post=368"}],"curies":[{"name":"wp","href":"https:\/\/api.w.org\/{rel}","templated":true}]}}