{"id":365,"date":"2015-12-08T10:54:23","date_gmt":"2015-12-08T13:54:23","guid":{"rendered":"https:\/\/leppais.wordpress.com\/?p=365"},"modified":"2015-12-08T10:54:23","modified_gmt":"2015-12-08T13:54:23","slug":"oficina-cartografia-critica-antena-mutante","status":"publish","type":"post","link":"https:\/\/wp.ufpel.edu.br\/leppais\/2015\/12\/08\/oficina-cartografia-critica-antena-mutante\/","title":{"rendered":"Oficina Cartografia Cr\u00edtica &#8211; Antena Mutante"},"content":{"rendered":"<p><a href=\"https:\/\/i0.wp.com\/wp.ufpel.edu.br\/leppais\/files\/2015\/12\/oficina-antena-mutante.jpg?ssl=1\" rel=\"attachment wp-att-366\"><img data-recalc-dims=\"1\" loading=\"lazy\" decoding=\"async\" data-attachment-id=\"366\" data-permalink=\"https:\/\/wp.ufpel.edu.br\/leppais\/2015\/12\/08\/oficina-cartografia-critica-antena-mutante\/oficina-antena-mutante\/\" data-orig-file=\"https:\/\/i0.wp.com\/wp.ufpel.edu.br\/leppais\/files\/2015\/12\/oficina-antena-mutante.jpg?fit=1200%2C697&amp;ssl=1\" data-orig-size=\"1200,697\" data-comments-opened=\"0\" data-image-meta=\"{&quot;aperture&quot;:&quot;4&quot;,&quot;credit&quot;:&quot;Kelly Schmidt-www.kellyfotografi&quot;,&quot;camera&quot;:&quot;Canon EOS 6D&quot;,&quot;caption&quot;:&quot;&quot;,&quot;created_timestamp&quot;:&quot;1434988343&quot;,&quot;copyright&quot;:&quot;www.kellyfotografia.com.br&quot;,&quot;focal_length&quot;:&quot;24&quot;,&quot;iso&quot;:&quot;500&quot;,&quot;shutter_speed&quot;:&quot;0.002&quot;,&quot;title&quot;:&quot;&quot;,&quot;orientation&quot;:&quot;1&quot;}\" data-image-title=\"oficina-antena-mutante\" data-image-description=\"\" data-image-caption=\"\" data-medium-file=\"https:\/\/i0.wp.com\/wp.ufpel.edu.br\/leppais\/files\/2015\/12\/oficina-antena-mutante.jpg?fit=300%2C174&amp;ssl=1\" data-large-file=\"https:\/\/i0.wp.com\/wp.ufpel.edu.br\/leppais\/files\/2015\/12\/oficina-antena-mutante.jpg?fit=584%2C339&amp;ssl=1\" class=\"alignnone size-large wp-image-366\" src=\"https:\/\/i0.wp.com\/wp.ufpel.edu.br\/leppais\/files\/2015\/12\/oficina-antena-mutante.jpg?resize=584%2C339&#038;ssl=1\" alt=\"oficina-antena-mutante\" width=\"584\" height=\"339\" srcset=\"https:\/\/i0.wp.com\/wp.ufpel.edu.br\/leppais\/files\/2015\/12\/oficina-antena-mutante.jpg?w=1200&amp;ssl=1 1200w, https:\/\/i0.wp.com\/wp.ufpel.edu.br\/leppais\/files\/2015\/12\/oficina-antena-mutante.jpg?resize=300%2C174&amp;ssl=1 300w, https:\/\/i0.wp.com\/wp.ufpel.edu.br\/leppais\/files\/2015\/12\/oficina-antena-mutante.jpg?resize=768%2C446&amp;ssl=1 768w, https:\/\/i0.wp.com\/wp.ufpel.edu.br\/leppais\/files\/2015\/12\/oficina-antena-mutante.jpg?resize=1024%2C595&amp;ssl=1 1024w, https:\/\/i0.wp.com\/wp.ufpel.edu.br\/leppais\/files\/2015\/12\/oficina-antena-mutante.jpg?resize=500%2C290&amp;ssl=1 500w\" sizes=\"auto, (max-width: 584px) 100vw, 584px\" \/><\/a><\/p>\n","protected":false},"excerpt":{"rendered":"","protected":false},"author":641,"featured_media":0,"comment_status":"open","ping_status":"open","sticky":false,"template":"","format":"standard","meta":{"advanced_seo_description":"","jetpack_seo_html_title":"","jetpack_seo_noindex":false,"jetpack_post_was_ever_published":false,"_jetpack_newsletter_access":"","_jetpack_dont_email_post_to_subs":false,"_jetpack_newsletter_tier_id":0,"_jetpack_memberships_contains_paywalled_content":false,"_jetpack_memberships_contains_paid_content":false,"footnotes":"","jetpack_publicize_message":"","jetpack_publicize_feature_enabled":true,"jetpack_social_post_already_shared":true,"jetpack_social_options":{"image_generator_settings":{"template":"highway","default_image_id":0,"font":"","enabled":false},"version":2}},"categories":[9],"tags":[],"class_list":["post-365","post","type-post","status-publish","format-standard","hentry","category-eventos"],"jetpack_publicize_connections":[],"jetpack_featured_media_url":"","jetpack_sharing_enabled":true,"jetpack_shortlink":"https:\/\/wp.me\/payVYo-5T","jetpack-related-posts":[{"id":1050,"url":"https:\/\/wp.ufpel.edu.br\/leppais\/2017\/05\/03\/cartografia-das-ciencias-rasgando-mapas\/","url_meta":{"origin":365,"position":0},"title":"Cartografia das ci\u00eancias: rasgando mapas","author":"antropologia","date":"03\/05\/2017","format":false,"excerpt":"","rel":"","context":"Em &quot;Eventos&quot;","block_context":{"text":"Eventos","link":"https:\/\/wp.ufpel.edu.br\/leppais\/category\/eventos\/"},"img":{"alt_text":"","src":"https:\/\/i0.wp.com\/wp.ufpel.edu.br\/leppais\/files\/2017\/05\/convite-antropologiainterativo.jpg?resize=350%2C200&ssl=1","width":350,"height":200,"srcset":"https:\/\/i0.wp.com\/wp.ufpel.edu.br\/leppais\/files\/2017\/05\/convite-antropologiainterativo.jpg?resize=350%2C200&ssl=1 1x, https:\/\/i0.wp.com\/wp.ufpel.edu.br\/leppais\/files\/2017\/05\/convite-antropologiainterativo.jpg?resize=525%2C300&ssl=1 1.5x, https:\/\/i0.wp.com\/wp.ufpel.edu.br\/leppais\/files\/2017\/05\/convite-antropologiainterativo.jpg?resize=700%2C400&ssl=1 2x"},"classes":[]},{"id":2938,"url":"https:\/\/wp.ufpel.edu.br\/leppais\/2019\/11\/04\/oficina-antropoeticas-na-semana-de-ciencias-sociais-2019\/","url_meta":{"origin":365,"position":1},"title":"Oficina Antropo\u00e9ticas na Semana de Ci\u00eancias Sociais 2019","author":"antropologia","date":"04\/11\/2019","format":false,"excerpt":"","rel":"","context":"Em &quot;Antropo\u00e9ticas&quot;","block_context":{"text":"Antropo\u00e9ticas","link":"https:\/\/wp.ufpel.edu.br\/leppais\/category\/antropoeticas\/"},"img":{"alt_text":"","src":"https:\/\/i0.wp.com\/wp.ufpel.edu.br\/leppais\/files\/2019\/11\/Oficina-Antropoeticas-NOV2019.jpg?resize=350%2C200&ssl=1","width":350,"height":200,"srcset":"https:\/\/i0.wp.com\/wp.ufpel.edu.br\/leppais\/files\/2019\/11\/Oficina-Antropoeticas-NOV2019.jpg?resize=350%2C200&ssl=1 1x, https:\/\/i0.wp.com\/wp.ufpel.edu.br\/leppais\/files\/2019\/11\/Oficina-Antropoeticas-NOV2019.jpg?resize=525%2C300&ssl=1 1.5x, https:\/\/i0.wp.com\/wp.ufpel.edu.br\/leppais\/files\/2019\/11\/Oficina-Antropoeticas-NOV2019.jpg?resize=700%2C400&ssl=1 2x, https:\/\/i0.wp.com\/wp.ufpel.edu.br\/leppais\/files\/2019\/11\/Oficina-Antropoeticas-NOV2019.jpg?resize=1050%2C600&ssl=1 3x"},"classes":[]},{"id":3122,"url":"https:\/\/wp.ufpel.edu.br\/leppais\/2020\/04\/29\/cartografia-do-cuidado-de-pessoas-em-situacao-de-rua-de-novo-hamburgo-bino-zwetsch\/","url_meta":{"origin":365,"position":2},"title":"Cartografia do cuidado de pessoas em situa\u00e7\u00e3o de rua de Novo Hamburgo &#8211; Bin\u00f4 Zwetsch","author":"antropologia","date":"29\/04\/2020","format":false,"excerpt":"Link https:\/\/webconf.ufpel.edu.br\/b\/dan-37v-nxk","rel":"","context":"Em &quot;Antropo\u00e9ticas&quot;","block_context":{"text":"Antropo\u00e9ticas","link":"https:\/\/wp.ufpel.edu.br\/leppais\/category\/antropoeticas\/"},"img":{"alt_text":"","src":"https:\/\/i0.wp.com\/wp.ufpel.edu.br\/leppais\/files\/2020\/04\/Antropoeticas-Bino-Zwetsch-209x300.jpg?resize=350%2C200&ssl=1","width":350,"height":200},"classes":[]},{"id":2741,"url":"https:\/\/wp.ufpel.edu.br\/leppais\/2019\/07\/10\/programacao-oficina-ocupacao-antropoetica-pre-ram-2019\/","url_meta":{"origin":365,"position":3},"title":"Programa\u00e7\u00e3o Oficina Ocupa\u00e7\u00e3o Antropo\u00e9tica | Pr\u00e9-RAM 2019","author":"antropologia","date":"10\/07\/2019","format":false,"excerpt":"Oficina ocupa\u00e7\u00e3o antropo\u00e9tica: \u00e9tica, pol\u00edtica e po\u00e9tica em um ambiente interativo de rua Programa\u00e7\u00e3o: Sess\u00e3o 1 | Concep\u00e7\u00e3o coletiva da montagem Datas: 15 de julho Hor\u00e1rio: 14h \u00e0s18h Local: LEPPAIS Sess\u00e3o 2 | Tratamentos e concep\u00e7\u00f5es de imagens antropo\u00e9ticas Datas: 19 de julho Hor\u00e1rio: 14h \u00e0s18h Local: CEHUS Convidados: Aina\u2026","rel":"","context":"Em &quot;Antropo\u00e9ticas&quot;","block_context":{"text":"Antropo\u00e9ticas","link":"https:\/\/wp.ufpel.edu.br\/leppais\/category\/antropoeticas\/"},"img":{"alt_text":"","src":"https:\/\/i0.wp.com\/wp.ufpel.edu.br\/leppais\/files\/2019\/07\/Pre-RAM-2019.png?resize=350%2C200&ssl=1","width":350,"height":200,"srcset":"https:\/\/i0.wp.com\/wp.ufpel.edu.br\/leppais\/files\/2019\/07\/Pre-RAM-2019.png?resize=350%2C200&ssl=1 1x, https:\/\/i0.wp.com\/wp.ufpel.edu.br\/leppais\/files\/2019\/07\/Pre-RAM-2019.png?resize=525%2C300&ssl=1 1.5x, https:\/\/i0.wp.com\/wp.ufpel.edu.br\/leppais\/files\/2019\/07\/Pre-RAM-2019.png?resize=700%2C400&ssl=1 2x"},"classes":[]},{"id":3688,"url":"https:\/\/wp.ufpel.edu.br\/leppais\/2022\/11\/17\/exposicao-com-um-doce-olhar-pelotas-para-quem\/","url_meta":{"origin":365,"position":4},"title":"Exposi\u00e7\u00e3o: Com um doce olhar Pelotas para quem?","author":"antropologia","date":"17\/11\/2022","format":false,"excerpt":"Exposi\u00e7\u00e3o dos trabalhos realizados na Oficina imagens e grafias antropo\u00e9ticas com Emiliano Dantas","rel":"","context":"Em &quot;Antropo\u00e9ticas&quot;","block_context":{"text":"Antropo\u00e9ticas","link":"https:\/\/wp.ufpel.edu.br\/leppais\/category\/antropoeticas\/"},"img":{"alt_text":"","src":"https:\/\/i0.wp.com\/wp.ufpel.edu.br\/leppais\/files\/2022\/11\/DSC04262.jpg?resize=350%2C200","width":350,"height":200,"srcset":"https:\/\/i0.wp.com\/wp.ufpel.edu.br\/leppais\/files\/2022\/11\/DSC04262.jpg?resize=350%2C200 1x, https:\/\/i0.wp.com\/wp.ufpel.edu.br\/leppais\/files\/2022\/11\/DSC04262.jpg?resize=525%2C300 1.5x, https:\/\/i0.wp.com\/wp.ufpel.edu.br\/leppais\/files\/2022\/11\/DSC04262.jpg?resize=700%2C400 2x, https:\/\/i0.wp.com\/wp.ufpel.edu.br\/leppais\/files\/2022\/11\/DSC04262.jpg?resize=1050%2C600 3x, https:\/\/i0.wp.com\/wp.ufpel.edu.br\/leppais\/files\/2022\/11\/DSC04262.jpg?resize=1400%2C800 4x"},"classes":[]},{"id":2722,"url":"https:\/\/wp.ufpel.edu.br\/leppais\/2019\/07\/03\/pre-ram-2019-oficina-ocupacao-antropoetica-etica-politica-e-poetica-em-um-ambiente-interativo-de-rua\/","url_meta":{"origin":365,"position":5},"title":"Pr\u00e9 RAM 2019 | Oficina ocupa\u00e7\u00e3o antropo\u00e9tica: \u00e9tica, pol\u00edtica e po\u00e9tica em um ambiente interativo de rua.","author":"antropologia","date":"03\/07\/2019","format":false,"excerpt":"A atividade proposta \u00e9 um desdobramento dos trabalhos desenvolvidos no LEPPAIS\/UFPel pelo Grupo de Pesquisa Antropo\u00e9ticas, em parceria com pesquisadores da UFPB. Visa \u201caquecer\u201d os integrantes da atividade programada para a XIII RAM, a oficina Antropo\u00e9ticas: etnografia, criatividade e outras grafias, bem como contribuir para o fortalecimento da rede de\u2026","rel":"","context":"Em &quot;Antropo\u00e9ticas&quot;","block_context":{"text":"Antropo\u00e9ticas","link":"https:\/\/wp.ufpel.edu.br\/leppais\/category\/antropoeticas\/"},"img":{"alt_text":"","src":"https:\/\/i0.wp.com\/wp.ufpel.edu.br\/leppais\/files\/2019\/07\/Pre-RAM-2019.png?resize=350%2C200&ssl=1","width":350,"height":200,"srcset":"https:\/\/i0.wp.com\/wp.ufpel.edu.br\/leppais\/files\/2019\/07\/Pre-RAM-2019.png?resize=350%2C200&ssl=1 1x, https:\/\/i0.wp.com\/wp.ufpel.edu.br\/leppais\/files\/2019\/07\/Pre-RAM-2019.png?resize=525%2C300&ssl=1 1.5x, https:\/\/i0.wp.com\/wp.ufpel.edu.br\/leppais\/files\/2019\/07\/Pre-RAM-2019.png?resize=700%2C400&ssl=1 2x"},"classes":[]}],"jetpack_likes_enabled":true,"_links":{"self":[{"href":"https:\/\/wp.ufpel.edu.br\/leppais\/wp-json\/wp\/v2\/posts\/365","targetHints":{"allow":["GET"]}}],"collection":[{"href":"https:\/\/wp.ufpel.edu.br\/leppais\/wp-json\/wp\/v2\/posts"}],"about":[{"href":"https:\/\/wp.ufpel.edu.br\/leppais\/wp-json\/wp\/v2\/types\/post"}],"author":[{"embeddable":true,"href":"https:\/\/wp.ufpel.edu.br\/leppais\/wp-json\/wp\/v2\/users\/641"}],"replies":[{"embeddable":true,"href":"https:\/\/wp.ufpel.edu.br\/leppais\/wp-json\/wp\/v2\/comments?post=365"}],"version-history":[{"count":0,"href":"https:\/\/wp.ufpel.edu.br\/leppais\/wp-json\/wp\/v2\/posts\/365\/revisions"}],"wp:attachment":[{"href":"https:\/\/wp.ufpel.edu.br\/leppais\/wp-json\/wp\/v2\/media?parent=365"}],"wp:term":[{"taxonomy":"category","embeddable":true,"href":"https:\/\/wp.ufpel.edu.br\/leppais\/wp-json\/wp\/v2\/categories?post=365"},{"taxonomy":"post_tag","embeddable":true,"href":"https:\/\/wp.ufpel.edu.br\/leppais\/wp-json\/wp\/v2\/tags?post=365"}],"curies":[{"name":"wp","href":"https:\/\/api.w.org\/{rel}","templated":true}]}}