{"id":3550,"date":"2022-09-29T12:00:17","date_gmt":"2022-09-29T15:00:17","guid":{"rendered":"https:\/\/wp.ufpel.edu.br\/leppais\/?p=3550"},"modified":"2022-09-29T12:00:17","modified_gmt":"2022-09-29T15:00:17","slug":"atelie-fotofilme-com-alexsander-nakaoka-elias","status":"publish","type":"post","link":"https:\/\/wp.ufpel.edu.br\/leppais\/2022\/09\/29\/atelie-fotofilme-com-alexsander-nakaoka-elias\/","title":{"rendered":"Ateli\u00ea Fotofilme com Alexs\u00e2nder Naka\u00f3ka Elias"},"content":{"rendered":"<p><img data-recalc-dims=\"1\" loading=\"lazy\" decoding=\"async\" data-attachment-id=\"3551\" data-permalink=\"https:\/\/wp.ufpel.edu.br\/leppais\/2022\/09\/29\/atelie-fotofilme-com-alexsander-nakaoka-elias\/fotofilme\/\" data-orig-file=\"https:\/\/i0.wp.com\/wp.ufpel.edu.br\/leppais\/files\/2022\/09\/Fotofilme.jpeg?fit=1024%2C1024&amp;ssl=1\" data-orig-size=\"1024,1024\" data-comments-opened=\"0\" data-image-meta=\"{&quot;aperture&quot;:&quot;0&quot;,&quot;credit&quot;:&quot;&quot;,&quot;camera&quot;:&quot;&quot;,&quot;caption&quot;:&quot;&quot;,&quot;created_timestamp&quot;:&quot;0&quot;,&quot;copyright&quot;:&quot;&quot;,&quot;focal_length&quot;:&quot;0&quot;,&quot;iso&quot;:&quot;0&quot;,&quot;shutter_speed&quot;:&quot;0&quot;,&quot;title&quot;:&quot;&quot;,&quot;orientation&quot;:&quot;0&quot;}\" data-image-title=\"Fotofilme\" data-image-description=\"\" data-image-caption=\"\" data-medium-file=\"https:\/\/i0.wp.com\/wp.ufpel.edu.br\/leppais\/files\/2022\/09\/Fotofilme.jpeg?fit=300%2C300&amp;ssl=1\" data-large-file=\"https:\/\/i0.wp.com\/wp.ufpel.edu.br\/leppais\/files\/2022\/09\/Fotofilme.jpeg?fit=584%2C584&amp;ssl=1\" class=\"alignnone wp-image-3551 size-full\" src=\"https:\/\/i0.wp.com\/wp.ufpel.edu.br\/leppais\/files\/2022\/09\/Fotofilme.jpeg?resize=584%2C584&#038;ssl=1\" alt=\"\" width=\"584\" height=\"584\" srcset=\"https:\/\/i0.wp.com\/wp.ufpel.edu.br\/leppais\/files\/2022\/09\/Fotofilme.jpeg?w=1024&amp;ssl=1 1024w, https:\/\/i0.wp.com\/wp.ufpel.edu.br\/leppais\/files\/2022\/09\/Fotofilme.jpeg?resize=300%2C300&amp;ssl=1 300w, https:\/\/i0.wp.com\/wp.ufpel.edu.br\/leppais\/files\/2022\/09\/Fotofilme.jpeg?resize=150%2C150&amp;ssl=1 150w, https:\/\/i0.wp.com\/wp.ufpel.edu.br\/leppais\/files\/2022\/09\/Fotofilme.jpeg?resize=768%2C768&amp;ssl=1 768w, https:\/\/i0.wp.com\/wp.ufpel.edu.br\/leppais\/files\/2022\/09\/Fotofilme.jpeg?resize=50%2C50&amp;ssl=1 50w\" sizes=\"auto, (max-width: 584px) 100vw, 584px\" \/><\/p>\n<p><strong><a href=\"https:\/\/docs.google.com\/forms\/d\/e\/1FAIpQLScfJhSM-xoUTC6tyQIbPSM-_vk6jFe1o0vR8tjRCXRt-TFWRA\/viewform?vc=0&amp;c=0&amp;w=1&amp;flr=0&amp;fbclid=IwAR0l7OxZxYmKZH9wltHuIUJmRQrOMqwofc6PtuW4kt8JDn0rTF3jP4Ufgqg\">Formul\u00e1rio de inscri\u00e7\u00e3o (LINK)<\/a><\/strong><\/p>\n","protected":false},"excerpt":{"rendered":"<p>Formul\u00e1rio de inscri\u00e7\u00e3o (LINK)<\/p>\n","protected":false},"author":641,"featured_media":0,"comment_status":"closed","ping_status":"closed","sticky":false,"template":"","format":"standard","meta":{"advanced_seo_description":"","jetpack_seo_html_title":"","jetpack_seo_noindex":false,"jetpack_post_was_ever_published":false,"_jetpack_newsletter_access":"","_jetpack_dont_email_post_to_subs":false,"_jetpack_newsletter_tier_id":0,"_jetpack_memberships_contains_paywalled_content":false,"_jetpack_memberships_contains_paid_content":false,"footnotes":"","jetpack_publicize_message":"","jetpack_publicize_feature_enabled":true,"jetpack_social_post_already_shared":true,"jetpack_social_options":{"image_generator_settings":{"template":"highway","default_image_id":0,"font":"","enabled":false},"version":2}},"categories":[3,7,9,14],"tags":[],"class_list":["post-3550","post","type-post","status-publish","format-standard","hentry","category-atividades","category-convite","category-eventos","category-oficinas"],"jetpack_publicize_connections":[],"jetpack_featured_media_url":"","jetpack_sharing_enabled":true,"jetpack_shortlink":"https:\/\/wp.me\/payVYo-Vg","jetpack-related-posts":[{"id":3765,"url":"https:\/\/wp.ufpel.edu.br\/leppais\/2023\/03\/27\/antropoeticas-alexsander-nakaoka-elias\/","url_meta":{"origin":3550,"position":0},"title":"Antropo\u00e9ticas &#8211; Alexs\u00e2nder Naka\u00f3ka Elias","author":"antropologia","date":"27\/03\/2023","format":false,"excerpt":"","rel":"","context":"Em &quot;Antropo\u00e9ticas&quot;","block_context":{"text":"Antropo\u00e9ticas","link":"https:\/\/wp.ufpel.edu.br\/leppais\/category\/antropoeticas\/"},"img":{"alt_text":"","src":"https:\/\/i0.wp.com\/wp.ufpel.edu.br\/leppais\/files\/2023\/03\/GT-Antropoeticas-ALA-Alexsander-Nakaoka.jpg?resize=350%2C200&ssl=1","width":350,"height":200,"srcset":"https:\/\/i0.wp.com\/wp.ufpel.edu.br\/leppais\/files\/2023\/03\/GT-Antropoeticas-ALA-Alexsander-Nakaoka.jpg?resize=350%2C200&ssl=1 1x, https:\/\/i0.wp.com\/wp.ufpel.edu.br\/leppais\/files\/2023\/03\/GT-Antropoeticas-ALA-Alexsander-Nakaoka.jpg?resize=525%2C300&ssl=1 1.5x, https:\/\/i0.wp.com\/wp.ufpel.edu.br\/leppais\/files\/2023\/03\/GT-Antropoeticas-ALA-Alexsander-Nakaoka.jpg?resize=700%2C400&ssl=1 2x, https:\/\/i0.wp.com\/wp.ufpel.edu.br\/leppais\/files\/2023\/03\/GT-Antropoeticas-ALA-Alexsander-Nakaoka.jpg?resize=1050%2C600&ssl=1 3x"},"classes":[]},{"id":3248,"url":"https:\/\/wp.ufpel.edu.br\/leppais\/2020\/09\/02\/eavaam-com-o-tema-imagem-lutas-e-resistencias\/","url_meta":{"origin":3550,"position":1},"title":"EAVAAM com o tema &#8220;Imagem, Lutas e Resist\u00eancias&#8221;. Inscri\u00e7\u00f5es prorrogadas at\u00e9 10\/10\u00a0","author":"antropologia","date":"02\/09\/2020","format":false,"excerpt":"O EAVAAM deste ano tem como tema \"Imagem, Lutas e Resist\u00eancias\". E dentro dessa programa\u00e7\u00e3o incr\u00edvel estamos coordenando o GT 5. Veja a seguir: GT05 \u2013 A \u00c9TICA NA PRODU\u00c7\u00c3O E NA CIRCULA\u00c7\u00c3O DE IMAGENS EM PESQUISAS ETNOGR\u00c1FICAS Alexs\u00e2nder Naka\u00f3ka Elias (Unicamp) \u2013\u00a0alexdefabri@yahoo.com.br Daniele Borges Bezerra (UFPel) O GT 05\u2026","rel":"","context":"Em &quot;Atividades&quot;","block_context":{"text":"Atividades","link":"https:\/\/wp.ufpel.edu.br\/leppais\/category\/atividades\/"},"img":{"alt_text":"","src":"https:\/\/i0.wp.com\/wp.ufpel.edu.br\/leppais\/files\/2020\/09\/eavaam-logo.png?resize=350%2C200&ssl=1","width":350,"height":200,"srcset":"https:\/\/i0.wp.com\/wp.ufpel.edu.br\/leppais\/files\/2020\/09\/eavaam-logo.png?resize=350%2C200&ssl=1 1x, https:\/\/i0.wp.com\/wp.ufpel.edu.br\/leppais\/files\/2020\/09\/eavaam-logo.png?resize=525%2C300&ssl=1 1.5x, https:\/\/i0.wp.com\/wp.ufpel.edu.br\/leppais\/files\/2020\/09\/eavaam-logo.png?resize=700%2C400&ssl=1 2x, https:\/\/i0.wp.com\/wp.ufpel.edu.br\/leppais\/files\/2020\/09\/eavaam-logo.png?resize=1050%2C600&ssl=1 3x, https:\/\/i0.wp.com\/wp.ufpel.edu.br\/leppais\/files\/2020\/09\/eavaam-logo.png?resize=1400%2C800&ssl=1 4x"},"classes":[]},{"id":1758,"url":"https:\/\/wp.ufpel.edu.br\/leppais\/2018\/09\/21\/oficinadesenho\/","url_meta":{"origin":3550,"position":2},"title":"Oficina Antropo\u00e9ticas com Desenho e Bricolagem","author":"antropologia","date":"21\/09\/2018","format":false,"excerpt":"FORMUL\u00c1RIO DE INSCRI\u00c7\u00c3O","rel":"","context":"Em &quot;Antropo\u00e9ticas&quot;","block_context":{"text":"Antropo\u00e9ticas","link":"https:\/\/wp.ufpel.edu.br\/leppais\/category\/antropoeticas\/"},"img":{"alt_text":"","src":"https:\/\/i0.wp.com\/wp.ufpel.edu.br\/leppais\/files\/2018\/09\/antropoeticas-oficinadesenho-vivianherzog_v3.jpg?resize=350%2C200&ssl=1","width":350,"height":200,"srcset":"https:\/\/i0.wp.com\/wp.ufpel.edu.br\/leppais\/files\/2018\/09\/antropoeticas-oficinadesenho-vivianherzog_v3.jpg?resize=350%2C200&ssl=1 1x, https:\/\/i0.wp.com\/wp.ufpel.edu.br\/leppais\/files\/2018\/09\/antropoeticas-oficinadesenho-vivianherzog_v3.jpg?resize=525%2C300&ssl=1 1.5x, https:\/\/i0.wp.com\/wp.ufpel.edu.br\/leppais\/files\/2018\/09\/antropoeticas-oficinadesenho-vivianherzog_v3.jpg?resize=700%2C400&ssl=1 2x"},"classes":[]},{"id":3146,"url":"https:\/\/wp.ufpel.edu.br\/leppais\/2020\/05\/19\/fotofilme-e-memoria-experimentacoes-na-quarentena-alex-nakaoka\/","url_meta":{"origin":3550,"position":3},"title":"[REMARCADO] Fotofilme e mem\u00f3ria: experimenta\u00e7\u00f5es na quarentena &#8211; Alex Naka\u00f3ka","author":"antropologia","date":"19\/05\/2020","format":false,"excerpt":"\u00a0 Link https:\/\/webconf.ufpel.edu.br\/b\/dan-37v-nxk","rel":"","context":"Em &quot;Not\u00edcias&quot;","block_context":{"text":"Not\u00edcias","link":"https:\/\/wp.ufpel.edu.br\/leppais\/category\/noticias\/"},"img":{"alt_text":"","src":"https:\/\/i0.wp.com\/wp.ufpel.edu.br\/leppais\/files\/2020\/05\/Antropoeticas-Alex-Naka%C3%B3ka_v2.jpg?resize=350%2C200&ssl=1","width":350,"height":200,"srcset":"https:\/\/i0.wp.com\/wp.ufpel.edu.br\/leppais\/files\/2020\/05\/Antropoeticas-Alex-Naka%C3%B3ka_v2.jpg?resize=350%2C200&ssl=1 1x, https:\/\/i0.wp.com\/wp.ufpel.edu.br\/leppais\/files\/2020\/05\/Antropoeticas-Alex-Naka%C3%B3ka_v2.jpg?resize=525%2C300&ssl=1 1.5x, https:\/\/i0.wp.com\/wp.ufpel.edu.br\/leppais\/files\/2020\/05\/Antropoeticas-Alex-Naka%C3%B3ka_v2.jpg?resize=700%2C400&ssl=1 2x"},"classes":[]},{"id":3422,"url":"https:\/\/wp.ufpel.edu.br\/leppais\/2021\/10\/09\/lancamento-do-dossie-sobre-vivencias-em-tempos-de-pandemia-memorias-em-ensaio\/","url_meta":{"origin":3550,"position":4},"title":"(Sobre)viv\u00eancias em tempos de pandemia: mem\u00f3rias em ensaio","author":"antropologia","date":"09\/10\/2021","format":false,"excerpt":"Convidamos a todas\/os\/es para a sess\u00e3o de lan\u00e7amento do dossi\u00ea da revista Fotocronografias (BIEV-UFRGS) que ocorrer\u00e1 no dia 15 de outubro de 2021, das 13h30 \u00e0s 16h30, em sala virtual a ser informada em breve. O dossi\u00ea foi organizado pelo Dr. Alexs\u00e2nder Naka\u00f3ka e Elias e pela Dra. Daniele Borges\u2026","rel":"","context":"Em &quot;Not\u00edcias&quot;","block_context":{"text":"Not\u00edcias","link":"https:\/\/wp.ufpel.edu.br\/leppais\/category\/noticias\/"},"img":{"alt_text":"","src":"https:\/\/i0.wp.com\/wp.ufpel.edu.br\/leppais\/files\/2021\/10\/WhatsApp-Image-2021-10-09-at-14.16.19.jpeg?resize=350%2C200&ssl=1","width":350,"height":200,"srcset":"https:\/\/i0.wp.com\/wp.ufpel.edu.br\/leppais\/files\/2021\/10\/WhatsApp-Image-2021-10-09-at-14.16.19.jpeg?resize=350%2C200&ssl=1 1x, https:\/\/i0.wp.com\/wp.ufpel.edu.br\/leppais\/files\/2021\/10\/WhatsApp-Image-2021-10-09-at-14.16.19.jpeg?resize=525%2C300&ssl=1 1.5x, https:\/\/i0.wp.com\/wp.ufpel.edu.br\/leppais\/files\/2021\/10\/WhatsApp-Image-2021-10-09-at-14.16.19.jpeg?resize=700%2C400&ssl=1 2x, https:\/\/i0.wp.com\/wp.ufpel.edu.br\/leppais\/files\/2021\/10\/WhatsApp-Image-2021-10-09-at-14.16.19.jpeg?resize=1050%2C600&ssl=1 3x"},"classes":[]},{"id":4236,"url":"https:\/\/wp.ufpel.edu.br\/leppais\/2025\/04\/24\/se-fazer-experimento-inesperado-oficina-multigrafica-entre-pessoas-trans-e-travestis-wemi-soares\/","url_meta":{"origin":3550,"position":5},"title":"SE FAZER EXPERIMENTO INESPERADO: oficina multigr\u00e1fica entre pessoas trans e travestis- wemi soares","author":"antropologia","date":"24\/04\/2025","format":false,"excerpt":"Link do formul\u00e1rio para inscri\u00e7\u00e3o","rel":"","context":"Em &quot;Convite&quot;","block_context":{"text":"Convite","link":"https:\/\/wp.ufpel.edu.br\/leppais\/category\/convite\/"},"img":{"alt_text":"","src":"https:\/\/i0.wp.com\/wp.ufpel.edu.br\/leppais\/files\/2025\/04\/IMG-20250423-WA0143.jpg?resize=350%2C200&ssl=1","width":350,"height":200,"srcset":"https:\/\/i0.wp.com\/wp.ufpel.edu.br\/leppais\/files\/2025\/04\/IMG-20250423-WA0143.jpg?resize=350%2C200&ssl=1 1x, https:\/\/i0.wp.com\/wp.ufpel.edu.br\/leppais\/files\/2025\/04\/IMG-20250423-WA0143.jpg?resize=525%2C300&ssl=1 1.5x, https:\/\/i0.wp.com\/wp.ufpel.edu.br\/leppais\/files\/2025\/04\/IMG-20250423-WA0143.jpg?resize=700%2C400&ssl=1 2x, https:\/\/i0.wp.com\/wp.ufpel.edu.br\/leppais\/files\/2025\/04\/IMG-20250423-WA0143.jpg?resize=1050%2C600&ssl=1 3x"},"classes":[]}],"jetpack_likes_enabled":true,"_links":{"self":[{"href":"https:\/\/wp.ufpel.edu.br\/leppais\/wp-json\/wp\/v2\/posts\/3550","targetHints":{"allow":["GET"]}}],"collection":[{"href":"https:\/\/wp.ufpel.edu.br\/leppais\/wp-json\/wp\/v2\/posts"}],"about":[{"href":"https:\/\/wp.ufpel.edu.br\/leppais\/wp-json\/wp\/v2\/types\/post"}],"author":[{"embeddable":true,"href":"https:\/\/wp.ufpel.edu.br\/leppais\/wp-json\/wp\/v2\/users\/641"}],"replies":[{"embeddable":true,"href":"https:\/\/wp.ufpel.edu.br\/leppais\/wp-json\/wp\/v2\/comments?post=3550"}],"version-history":[{"count":2,"href":"https:\/\/wp.ufpel.edu.br\/leppais\/wp-json\/wp\/v2\/posts\/3550\/revisions"}],"predecessor-version":[{"id":3553,"href":"https:\/\/wp.ufpel.edu.br\/leppais\/wp-json\/wp\/v2\/posts\/3550\/revisions\/3553"}],"wp:attachment":[{"href":"https:\/\/wp.ufpel.edu.br\/leppais\/wp-json\/wp\/v2\/media?parent=3550"}],"wp:term":[{"taxonomy":"category","embeddable":true,"href":"https:\/\/wp.ufpel.edu.br\/leppais\/wp-json\/wp\/v2\/categories?post=3550"},{"taxonomy":"post_tag","embeddable":true,"href":"https:\/\/wp.ufpel.edu.br\/leppais\/wp-json\/wp\/v2\/tags?post=3550"}],"curies":[{"name":"wp","href":"https:\/\/api.w.org\/{rel}","templated":true}]}}