{"id":3529,"date":"2022-08-16T09:17:29","date_gmt":"2022-08-16T12:17:29","guid":{"rendered":"https:\/\/wp.ufpel.edu.br\/leppais\/?p=3529"},"modified":"2022-08-16T09:17:29","modified_gmt":"2022-08-16T12:17:29","slug":"premio-pierre-verger-2022","status":"publish","type":"post","link":"https:\/\/wp.ufpel.edu.br\/leppais\/2022\/08\/16\/premio-pierre-verger-2022\/","title":{"rendered":"Pr\u00eamio Pierre Verger 2022"},"content":{"rendered":"<p style=\"text-align: justify;\">O Pr\u00eamio Pierre Verger (PPV), promovido pela Associa\u00e7\u00e3o Brasileira de Antropologia (ABA), \u00e9 o principal festival competitivo de obras f\u00edlmicas, fotogr\u00e1\ufb01cas e gr\u00e1ficas produzidas no \u00e2mbito de pesquisas antropol\u00f3gicas na Am\u00e9rica Latina. Atrav\u00e9s destas linguagens art\u00edsticas e pol\u00edticas de difus\u00e3o do conhecimento, suas mostras exploram, registram, expressam e interpelam diferentes contextos e experi\u00eancias socioculturais.<\/p>\n<p><img data-recalc-dims=\"1\" loading=\"lazy\" decoding=\"async\" data-attachment-id=\"3530\" data-permalink=\"https:\/\/wp.ufpel.edu.br\/leppais\/2022\/08\/16\/premio-pierre-verger-2022\/ppv-2022\/\" data-orig-file=\"https:\/\/i0.wp.com\/wp.ufpel.edu.br\/leppais\/files\/2022\/08\/PPV-2022.jpeg?fit=836%2C1280&amp;ssl=1\" data-orig-size=\"836,1280\" data-comments-opened=\"0\" data-image-meta=\"{&quot;aperture&quot;:&quot;0&quot;,&quot;credit&quot;:&quot;&quot;,&quot;camera&quot;:&quot;&quot;,&quot;caption&quot;:&quot;&quot;,&quot;created_timestamp&quot;:&quot;0&quot;,&quot;copyright&quot;:&quot;&quot;,&quot;focal_length&quot;:&quot;0&quot;,&quot;iso&quot;:&quot;0&quot;,&quot;shutter_speed&quot;:&quot;0&quot;,&quot;title&quot;:&quot;&quot;,&quot;orientation&quot;:&quot;0&quot;}\" data-image-title=\"PPV 2022\" data-image-description=\"\" data-image-caption=\"\" data-medium-file=\"https:\/\/i0.wp.com\/wp.ufpel.edu.br\/leppais\/files\/2022\/08\/PPV-2022.jpeg?fit=196%2C300&amp;ssl=1\" data-large-file=\"https:\/\/i0.wp.com\/wp.ufpel.edu.br\/leppais\/files\/2022\/08\/PPV-2022.jpeg?fit=584%2C894&amp;ssl=1\" class=\"alignnone size-full wp-image-3530\" src=\"https:\/\/i0.wp.com\/wp.ufpel.edu.br\/leppais\/files\/2022\/08\/PPV-2022.jpeg?resize=584%2C894&#038;ssl=1\" alt=\"\" width=\"584\" height=\"894\" srcset=\"https:\/\/i0.wp.com\/wp.ufpel.edu.br\/leppais\/files\/2022\/08\/PPV-2022.jpeg?w=836&amp;ssl=1 836w, https:\/\/i0.wp.com\/wp.ufpel.edu.br\/leppais\/files\/2022\/08\/PPV-2022.jpeg?resize=196%2C300&amp;ssl=1 196w, https:\/\/i0.wp.com\/wp.ufpel.edu.br\/leppais\/files\/2022\/08\/PPV-2022.jpeg?resize=669%2C1024&amp;ssl=1 669w, https:\/\/i0.wp.com\/wp.ufpel.edu.br\/leppais\/files\/2022\/08\/PPV-2022.jpeg?resize=768%2C1176&amp;ssl=1 768w\" sizes=\"auto, (max-width: 584px) 100vw, 584px\" \/> <img data-recalc-dims=\"1\" loading=\"lazy\" decoding=\"async\" data-attachment-id=\"3531\" data-permalink=\"https:\/\/wp.ufpel.edu.br\/leppais\/2022\/08\/16\/premio-pierre-verger-2022\/tim-ingold-ppv2022\/\" data-orig-file=\"https:\/\/i0.wp.com\/wp.ufpel.edu.br\/leppais\/files\/2022\/08\/Tim-Ingold-PPV2022.jpeg?fit=1200%2C628&amp;ssl=1\" data-orig-size=\"1200,628\" data-comments-opened=\"0\" data-image-meta=\"{&quot;aperture&quot;:&quot;0&quot;,&quot;credit&quot;:&quot;&quot;,&quot;camera&quot;:&quot;&quot;,&quot;caption&quot;:&quot;&quot;,&quot;created_timestamp&quot;:&quot;0&quot;,&quot;copyright&quot;:&quot;&quot;,&quot;focal_length&quot;:&quot;0&quot;,&quot;iso&quot;:&quot;0&quot;,&quot;shutter_speed&quot;:&quot;0&quot;,&quot;title&quot;:&quot;&quot;,&quot;orientation&quot;:&quot;0&quot;}\" data-image-title=\"Tim Ingold PPV2022\" data-image-description=\"\" data-image-caption=\"\" data-medium-file=\"https:\/\/i0.wp.com\/wp.ufpel.edu.br\/leppais\/files\/2022\/08\/Tim-Ingold-PPV2022.jpeg?fit=300%2C157&amp;ssl=1\" data-large-file=\"https:\/\/i0.wp.com\/wp.ufpel.edu.br\/leppais\/files\/2022\/08\/Tim-Ingold-PPV2022.jpeg?fit=584%2C306&amp;ssl=1\" class=\"alignnone size-full wp-image-3531\" src=\"https:\/\/i0.wp.com\/wp.ufpel.edu.br\/leppais\/files\/2022\/08\/Tim-Ingold-PPV2022.jpeg?resize=584%2C306&#038;ssl=1\" alt=\"\" width=\"584\" height=\"306\" srcset=\"https:\/\/i0.wp.com\/wp.ufpel.edu.br\/leppais\/files\/2022\/08\/Tim-Ingold-PPV2022.jpeg?w=1200&amp;ssl=1 1200w, https:\/\/i0.wp.com\/wp.ufpel.edu.br\/leppais\/files\/2022\/08\/Tim-Ingold-PPV2022.jpeg?resize=300%2C157&amp;ssl=1 300w, https:\/\/i0.wp.com\/wp.ufpel.edu.br\/leppais\/files\/2022\/08\/Tim-Ingold-PPV2022.jpeg?resize=1024%2C536&amp;ssl=1 1024w, https:\/\/i0.wp.com\/wp.ufpel.edu.br\/leppais\/files\/2022\/08\/Tim-Ingold-PPV2022.jpeg?resize=768%2C402&amp;ssl=1 768w, https:\/\/i0.wp.com\/wp.ufpel.edu.br\/leppais\/files\/2022\/08\/Tim-Ingold-PPV2022.jpeg?resize=500%2C262&amp;ssl=1 500w\" sizes=\"auto, (max-width: 584px) 100vw, 584px\" \/><\/p>\n<p>Acesse <strong><a href=\"https:\/\/www.ppv2022.abant.org.br\">ppv2022.abant.org.br<\/a><\/strong><\/p>\n","protected":false},"excerpt":{"rendered":"<p>O Pr\u00eamio Pierre Verger (PPV), promovido pela Associa\u00e7\u00e3o Brasileira de Antropologia (ABA), \u00e9 o principal festival competitivo de obras f\u00edlmicas, fotogr\u00e1\ufb01cas e gr\u00e1ficas produzidas no \u00e2mbito de pesquisas antropol\u00f3gicas na Am\u00e9rica Latina. Atrav\u00e9s destas linguagens art\u00edsticas e pol\u00edticas de difus\u00e3o &hellip; <a href=\"https:\/\/wp.ufpel.edu.br\/leppais\/2022\/08\/16\/premio-pierre-verger-2022\/\">Continue lendo <span class=\"meta-nav\">&rarr;<\/span><\/a><\/p>\n","protected":false},"author":641,"featured_media":0,"comment_status":"closed","ping_status":"closed","sticky":false,"template":"","format":"standard","meta":{"advanced_seo_description":"","jetpack_seo_html_title":"","jetpack_seo_noindex":false,"jetpack_post_was_ever_published":false,"_jetpack_newsletter_access":"","_jetpack_dont_email_post_to_subs":false,"_jetpack_newsletter_tier_id":0,"_jetpack_memberships_contains_paywalled_content":false,"_jetpack_memberships_contains_paid_content":false,"footnotes":"","jetpack_publicize_message":"","jetpack_publicize_feature_enabled":true,"jetpack_social_post_already_shared":true,"jetpack_social_options":{"image_generator_settings":{"template":"highway","default_image_id":0,"font":"","enabled":false},"version":2}},"categories":[24,9,1],"tags":[],"class_list":["post-3529","post","type-post","status-publish","format-standard","hentry","category-divulgacao","category-eventos","category-noticias"],"jetpack_publicize_connections":[],"jetpack_featured_media_url":"","jetpack_sharing_enabled":true,"jetpack_shortlink":"https:\/\/wp.me\/payVYo-UV","jetpack-related-posts":[{"id":3825,"url":"https:\/\/wp.ufpel.edu.br\/leppais\/2023\/08\/01\/1a-sessao-mostra-itinerante-premio-pierre-verger\/","url_meta":{"origin":3529,"position":0},"title":"1\u00aa Sess\u00e3o Mostra Itinerante Pr\u00eamio Pierre Verger","author":"antropologia","date":"01\/08\/2023","format":false,"excerpt":"Lembrando que come\u00e7a na pr\u00f3xima semana a Mostra Itinerante PPV (edi\u00e7\u00e3o 2022), organizada pelo LEPPAIS, em parceria com o LABOME. Para participar preencher o formul\u00e1rio: https:\/\/forms.gle\/HnxgUTByvnWYDgMw8 Evento h\u00edbrido (online e na sala de Cinema da UFPel), com certificado de participa\u00e7\u00e3o. Esperamos voc\u00ea!!!","rel":"","context":"Em &quot;Convite&quot;","block_context":{"text":"Convite","link":"https:\/\/wp.ufpel.edu.br\/leppais\/category\/convite\/"},"img":{"alt_text":"","src":"https:\/\/i0.wp.com\/wp.ufpel.edu.br\/leppais\/files\/2023\/07\/Cartaz-PPV2023-cineufpel-SESSAO-03AGO_v2.jpg?resize=350%2C200&ssl=1","width":350,"height":200,"srcset":"https:\/\/i0.wp.com\/wp.ufpel.edu.br\/leppais\/files\/2023\/07\/Cartaz-PPV2023-cineufpel-SESSAO-03AGO_v2.jpg?resize=350%2C200&ssl=1 1x, https:\/\/i0.wp.com\/wp.ufpel.edu.br\/leppais\/files\/2023\/07\/Cartaz-PPV2023-cineufpel-SESSAO-03AGO_v2.jpg?resize=525%2C300&ssl=1 1.5x, https:\/\/i0.wp.com\/wp.ufpel.edu.br\/leppais\/files\/2023\/07\/Cartaz-PPV2023-cineufpel-SESSAO-03AGO_v2.jpg?resize=700%2C400&ssl=1 2x"},"classes":[]},{"id":3831,"url":"https:\/\/wp.ufpel.edu.br\/leppais\/2023\/08\/03\/e-hoje-03-ago-2023-1a-sessao-mostra-premio-pierre-verger\/","url_meta":{"origin":3529,"position":1},"title":"\u00c9 hoje 03 AGO 2023 &#8211; 1\u00aa Sess\u00e3o Mostra Pr\u00eamio Pierre Verger","author":"antropologia","date":"03\/08\/2023","format":false,"excerpt":"Confer\u00eancia online no Google Meet para inscritos no formul\u00e1rio: https:\/\/forms.gle\/HnxgUTByvnWYDgMw8 Transmiss\u00e3o da introdu\u00e7\u00e3o e debate ao vivo para p\u00fablico geral: https:\/\/www.youtube.com\/@leppais\/streams Lembrando que a prefer\u00eancia \u00e9 pela participa\u00e7\u00e3o presencial na sala do Cine UFPEL - Rua Lobo da Costa 447, uma vez que a experi\u00eancia visual de assistir o filme\u2026","rel":"","context":"Em &quot;Convite&quot;","block_context":{"text":"Convite","link":"https:\/\/wp.ufpel.edu.br\/leppais\/category\/convite\/"},"img":{"alt_text":"","src":"https:\/\/i0.wp.com\/wp.ufpel.edu.br\/leppais\/files\/2023\/08\/mostra-1a-sessao.jpg?resize=350%2C200&ssl=1","width":350,"height":200,"srcset":"https:\/\/i0.wp.com\/wp.ufpel.edu.br\/leppais\/files\/2023\/08\/mostra-1a-sessao.jpg?resize=350%2C200&ssl=1 1x, https:\/\/i0.wp.com\/wp.ufpel.edu.br\/leppais\/files\/2023\/08\/mostra-1a-sessao.jpg?resize=525%2C300&ssl=1 1.5x, https:\/\/i0.wp.com\/wp.ufpel.edu.br\/leppais\/files\/2023\/08\/mostra-1a-sessao.jpg?resize=700%2C400&ssl=1 2x"},"classes":[]},{"id":3822,"url":"https:\/\/wp.ufpel.edu.br\/leppais\/2023\/07\/28\/mostra-itinerante-premio-pierre-verger-edicao-de-2022-no-cineufpel\/","url_meta":{"origin":3529,"position":2},"title":"Mostra Itinerante Pr\u00eamio Pierre Verger [Edi\u00e7\u00e3o de 2022] no Cineufpel","author":"antropologia","date":"28\/07\/2023","format":false,"excerpt":"Come\u00e7a na pr\u00f3xima semana a Mostra Itinerante PPV (edi\u00e7\u00e3o 2022), organizada pelo LEPPAIS, em parceria com o LABOME. Para participar preencher o formul\u00e1rio: https:\/\/forms.gle\/HnxgUTByvnWYDgMw8 Evento h\u00edbrido (online e na sala de Cinema da UFPel), com certificado de participa\u00e7\u00e3o. Esperamos voc\u00ea!!!","rel":"","context":"Em &quot;Convite&quot;","block_context":{"text":"Convite","link":"https:\/\/wp.ufpel.edu.br\/leppais\/category\/convite\/"},"img":{"alt_text":"","src":"https:\/\/i0.wp.com\/wp.ufpel.edu.br\/leppais\/files\/2023\/07\/Cartaz-PPV2023-cineufpel_v3.jpg?resize=350%2C200&ssl=1","width":350,"height":200,"srcset":"https:\/\/i0.wp.com\/wp.ufpel.edu.br\/leppais\/files\/2023\/07\/Cartaz-PPV2023-cineufpel_v3.jpg?resize=350%2C200&ssl=1 1x, https:\/\/i0.wp.com\/wp.ufpel.edu.br\/leppais\/files\/2023\/07\/Cartaz-PPV2023-cineufpel_v3.jpg?resize=525%2C300&ssl=1 1.5x, https:\/\/i0.wp.com\/wp.ufpel.edu.br\/leppais\/files\/2023\/07\/Cartaz-PPV2023-cineufpel_v3.jpg?resize=700%2C400&ssl=1 2x"},"classes":[]},{"id":4025,"url":"https:\/\/wp.ufpel.edu.br\/leppais\/2024\/07\/19\/premio-pierre-verger-34a-rba-belo-horizonte\/","url_meta":{"origin":3529,"position":3},"title":"Premio Pierre Verger &#8211; 34\u00aa RBA &#8211; Belo Horizonte","author":"antropologia","date":"19\/07\/2024","format":false,"excerpt":"https:\/\/premiopierreverger.com\/2024\/ Pr\u00eamio Pierre Verger - Filme Etnogr\u00e1fico https:\/\/www.34rba.abant.org.br\/modalidadetrabalho\/public?ID_MODALIDADE_TRABALHO=23 Pr\u00eamio Pierre Verger - Ensaio Fotogr\u00e1fico https:\/\/www.34rba.abant.org.br\/modalidadetrabalho\/public?ID_MODALIDADE_TRABALHO=24 Pr\u00eamio Pierre Verger - Desenho https:\/\/www.34rba.abant.org.br\/modalidadetrabalho\/public?ID_MODALIDADE_TRABALHO=25","rel":"","context":"Em &quot;Not\u00edcias&quot;","block_context":{"text":"Not\u00edcias","link":"https:\/\/wp.ufpel.edu.br\/leppais\/category\/noticias\/"},"img":{"alt_text":"","src":"https:\/\/i0.wp.com\/wp.ufpel.edu.br\/leppais\/files\/2024\/07\/pierre-verger2.jpg?resize=350%2C200&ssl=1","width":350,"height":200,"srcset":"https:\/\/i0.wp.com\/wp.ufpel.edu.br\/leppais\/files\/2024\/07\/pierre-verger2.jpg?resize=350%2C200&ssl=1 1x, https:\/\/i0.wp.com\/wp.ufpel.edu.br\/leppais\/files\/2024\/07\/pierre-verger2.jpg?resize=525%2C300&ssl=1 1.5x, https:\/\/i0.wp.com\/wp.ufpel.edu.br\/leppais\/files\/2024\/07\/pierre-verger2.jpg?resize=700%2C400&ssl=1 2x, https:\/\/i0.wp.com\/wp.ufpel.edu.br\/leppais\/files\/2024\/07\/pierre-verger2.jpg?resize=1050%2C600&ssl=1 3x, https:\/\/i0.wp.com\/wp.ufpel.edu.br\/leppais\/files\/2024\/07\/pierre-verger2.jpg?resize=1400%2C800&ssl=1 4x"},"classes":[]},{"id":3087,"url":"https:\/\/wp.ufpel.edu.br\/leppais\/2020\/03\/09\/premio-pierre-verger-inscricoes-prorrogadas\/","url_meta":{"origin":3529,"position":4},"title":"Pr\u00eamio Pierre Verger &#8211; Inscri\u00e7\u00f5es prorrogadas","author":"antropologia","date":"09\/03\/2020","format":false,"excerpt":"Mais informa\u00e7\u00f5es","rel":"","context":"Em &quot;Divulga\u00e7\u00e3o&quot;","block_context":{"text":"Divulga\u00e7\u00e3o","link":"https:\/\/wp.ufpel.edu.br\/leppais\/category\/divulgacao\/"},"img":{"alt_text":"","src":"https:\/\/i0.wp.com\/wp.ufpel.edu.br\/leppais\/files\/2020\/03\/IMG-20200229-WA0001.jpg?resize=350%2C200&ssl=1","width":350,"height":200,"srcset":"https:\/\/i0.wp.com\/wp.ufpel.edu.br\/leppais\/files\/2020\/03\/IMG-20200229-WA0001.jpg?resize=350%2C200&ssl=1 1x, https:\/\/i0.wp.com\/wp.ufpel.edu.br\/leppais\/files\/2020\/03\/IMG-20200229-WA0001.jpg?resize=525%2C300&ssl=1 1.5x, https:\/\/i0.wp.com\/wp.ufpel.edu.br\/leppais\/files\/2020\/03\/IMG-20200229-WA0001.jpg?resize=700%2C400&ssl=1 2x, https:\/\/i0.wp.com\/wp.ufpel.edu.br\/leppais\/files\/2020\/03\/IMG-20200229-WA0001.jpg?resize=1050%2C600&ssl=1 3x"},"classes":[]},{"id":3845,"url":"https:\/\/wp.ufpel.edu.br\/leppais\/2023\/08\/15\/17-ago-2023-3a-sessao-mostra-premio-pierre-verger\/","url_meta":{"origin":3529,"position":5},"title":"17 AGO 2023 \u2013 3\u00aa Sess\u00e3o Mostra Pr\u00eamio Pierre Verger","author":"antropologia","date":"15\/08\/2023","format":false,"excerpt":"Segue abaixo os respectivos links para Mostra Itinerante de Filmes Etnogr\u00e1ficos Pr\u00eamio Pierre Verger \/ edi\u00e7\u00e3o 2022. Link para inscri\u00e7\u00e3o: https:\/\/forms.gle\/HnxgUTByvnWYDgMw8 Link do canal do LABOME e do LEPPAIS onde ser\u00e1 transmitido: https:\/\/youtube.com\/@LabomeVisualidades https:\/\/www.youtube.com\/@leppais\/streams Al\u00e1gbed\u00e9 Do ferro-velho ao terreiro, Z\u00e9 Diabo forja deuses em sua oficina por meio do caminho\u2026","rel":"","context":"Em &quot;Convite&quot;","block_context":{"text":"Convite","link":"https:\/\/wp.ufpel.edu.br\/leppais\/category\/convite\/"},"img":{"alt_text":"","src":"https:\/\/i0.wp.com\/wp.ufpel.edu.br\/leppais\/files\/2023\/08\/Cartaz-PPV2023-cineufpel-SESSAO-17AGO.jpg?resize=350%2C200&ssl=1","width":350,"height":200,"srcset":"https:\/\/i0.wp.com\/wp.ufpel.edu.br\/leppais\/files\/2023\/08\/Cartaz-PPV2023-cineufpel-SESSAO-17AGO.jpg?resize=350%2C200&ssl=1 1x, https:\/\/i0.wp.com\/wp.ufpel.edu.br\/leppais\/files\/2023\/08\/Cartaz-PPV2023-cineufpel-SESSAO-17AGO.jpg?resize=525%2C300&ssl=1 1.5x, https:\/\/i0.wp.com\/wp.ufpel.edu.br\/leppais\/files\/2023\/08\/Cartaz-PPV2023-cineufpel-SESSAO-17AGO.jpg?resize=700%2C400&ssl=1 2x, https:\/\/i0.wp.com\/wp.ufpel.edu.br\/leppais\/files\/2023\/08\/Cartaz-PPV2023-cineufpel-SESSAO-17AGO.jpg?resize=1050%2C600&ssl=1 3x"},"classes":[]}],"jetpack_likes_enabled":true,"_links":{"self":[{"href":"https:\/\/wp.ufpel.edu.br\/leppais\/wp-json\/wp\/v2\/posts\/3529","targetHints":{"allow":["GET"]}}],"collection":[{"href":"https:\/\/wp.ufpel.edu.br\/leppais\/wp-json\/wp\/v2\/posts"}],"about":[{"href":"https:\/\/wp.ufpel.edu.br\/leppais\/wp-json\/wp\/v2\/types\/post"}],"author":[{"embeddable":true,"href":"https:\/\/wp.ufpel.edu.br\/leppais\/wp-json\/wp\/v2\/users\/641"}],"replies":[{"embeddable":true,"href":"https:\/\/wp.ufpel.edu.br\/leppais\/wp-json\/wp\/v2\/comments?post=3529"}],"version-history":[{"count":1,"href":"https:\/\/wp.ufpel.edu.br\/leppais\/wp-json\/wp\/v2\/posts\/3529\/revisions"}],"predecessor-version":[{"id":3532,"href":"https:\/\/wp.ufpel.edu.br\/leppais\/wp-json\/wp\/v2\/posts\/3529\/revisions\/3532"}],"wp:attachment":[{"href":"https:\/\/wp.ufpel.edu.br\/leppais\/wp-json\/wp\/v2\/media?parent=3529"}],"wp:term":[{"taxonomy":"category","embeddable":true,"href":"https:\/\/wp.ufpel.edu.br\/leppais\/wp-json\/wp\/v2\/categories?post=3529"},{"taxonomy":"post_tag","embeddable":true,"href":"https:\/\/wp.ufpel.edu.br\/leppais\/wp-json\/wp\/v2\/tags?post=3529"}],"curies":[{"name":"wp","href":"https:\/\/api.w.org\/{rel}","templated":true}]}}