{"id":3488,"date":"2022-05-19T20:52:18","date_gmt":"2022-05-19T23:52:18","guid":{"rendered":"https:\/\/wp.ufpel.edu.br\/leppais\/?p=3488"},"modified":"2022-05-19T20:52:18","modified_gmt":"2022-05-19T23:52:18","slug":"ebook-pandemia-de-narrativas","status":"publish","type":"post","link":"https:\/\/wp.ufpel.edu.br\/leppais\/2022\/05\/19\/ebook-pandemia-de-narrativas\/","title":{"rendered":"Ebook Pandemia de Narrativas"},"content":{"rendered":"<div style=\"text-align: justify;\"><span style=\"font-family: arial, helvetica, sans-serif;\">Temos o prazer de compartilhar o ebook do livro Pandemia de Narrativas &#8211; Vida em Quarentena: Um Hipertexto Sobre Tempo, Corpos e Afetos, dispon\u00edvel em: <a href=\"https:\/\/drive.google.com\/file\/d\/16p-Iz5Uu-4eXT0xLsbV9TZerQxX-kTUx\/view?usp=sharing\" target=\"_blank\" rel=\"noopener\" data-saferedirecturl=\"https:\/\/www.google.com\/url?q=https:\/\/drive.google.com\/file\/d\/16p-Iz5Uu-4eXT0xLsbV9TZerQxX-kTUx\/view?usp%3Dsharing&amp;source=gmail&amp;ust=1653086576418000&amp;usg=AOvVaw388OCfwc92815mmT6z0RUN\"><strong>https:\/\/drive.google.com\/<wbr \/>file\/d\/16p-Iz5Uu-<wbr \/>4eXT0xLsbV9TZerQxX-kTUx\/view?<wbr \/>usp=sharing<\/strong><\/a><\/span><span style=\"font-family: arial, helvetica, sans-serif;\">.<\/span><\/div>\n<div style=\"text-align: justify;\"><span style=\"font-family: arial, helvetica, sans-serif;\">O <a href=\"https:\/\/www.instagram.com\/pandemiadenarrativas\/\" target=\"_blank\" rel=\"noopener\" data-saferedirecturl=\"https:\/\/www.google.com\/url?q=https:\/\/www.instagram.com\/pandemiadenarrativas\/&amp;source=gmail&amp;ust=1653086576418000&amp;usg=AOvVaw3W-cDHOoPGeJOg_umgihcE\">@pandemiadenarrativas<\/a>\u00a0foi criado como um espa\u00e7o de partilha de sensa\u00e7\u00f5es e afetos que surgiam com o desafio da nova rotina imposta pela pandemia de COVID-19. <\/span><\/div>\n<div style=\"text-align: justify;\"><span style=\"font-family: arial, helvetica, sans-serif;\">Esse acervo virtual transformou os\/as colaboradores\/as de diversas partes do pa\u00eds, e de fora dele, em narradores\/as dessa experi\u00eancia de crise , abrindo espa\u00e7o para florescer a criatividade e a resili\u00eancia. Agradecemos a todas\/os\/es voc\u00eas que, de alguma forma, contribu\u00edram para esta a\u00e7\u00e3o!<\/span><\/div>\n<div><\/div>\n<div><a href=\"https:\/\/drive.google.com\/file\/d\/16p-Iz5Uu-4eXT0xLsbV9TZerQxX-kTUx\/view?usp=sharing\"><img data-recalc-dims=\"1\" loading=\"lazy\" decoding=\"async\" data-attachment-id=\"3489\" data-permalink=\"https:\/\/wp.ufpel.edu.br\/leppais\/2022\/05\/19\/ebook-pandemia-de-narrativas\/cartaz-6\/\" data-orig-file=\"https:\/\/i0.wp.com\/wp.ufpel.edu.br\/leppais\/files\/2022\/05\/Cartaz.jpg?fit=800%2C800&amp;ssl=1\" data-orig-size=\"800,800\" data-comments-opened=\"0\" data-image-meta=\"{&quot;aperture&quot;:&quot;0&quot;,&quot;credit&quot;:&quot;&quot;,&quot;camera&quot;:&quot;&quot;,&quot;caption&quot;:&quot;&quot;,&quot;created_timestamp&quot;:&quot;0&quot;,&quot;copyright&quot;:&quot;&quot;,&quot;focal_length&quot;:&quot;0&quot;,&quot;iso&quot;:&quot;0&quot;,&quot;shutter_speed&quot;:&quot;0&quot;,&quot;title&quot;:&quot;&quot;,&quot;orientation&quot;:&quot;0&quot;}\" data-image-title=\"Cartaz\" data-image-description=\"\" data-image-caption=\"\" data-medium-file=\"https:\/\/i0.wp.com\/wp.ufpel.edu.br\/leppais\/files\/2022\/05\/Cartaz.jpg?fit=300%2C300&amp;ssl=1\" data-large-file=\"https:\/\/i0.wp.com\/wp.ufpel.edu.br\/leppais\/files\/2022\/05\/Cartaz.jpg?fit=584%2C584&amp;ssl=1\" class=\"alignnone size-full wp-image-3489\" src=\"https:\/\/i0.wp.com\/wp.ufpel.edu.br\/leppais\/files\/2022\/05\/Cartaz.jpg?resize=584%2C584&#038;ssl=1\" alt=\"\" width=\"584\" height=\"584\" srcset=\"https:\/\/i0.wp.com\/wp.ufpel.edu.br\/leppais\/files\/2022\/05\/Cartaz.jpg?w=800&amp;ssl=1 800w, https:\/\/i0.wp.com\/wp.ufpel.edu.br\/leppais\/files\/2022\/05\/Cartaz.jpg?resize=300%2C300&amp;ssl=1 300w, https:\/\/i0.wp.com\/wp.ufpel.edu.br\/leppais\/files\/2022\/05\/Cartaz.jpg?resize=150%2C150&amp;ssl=1 150w, https:\/\/i0.wp.com\/wp.ufpel.edu.br\/leppais\/files\/2022\/05\/Cartaz.jpg?resize=768%2C768&amp;ssl=1 768w, https:\/\/i0.wp.com\/wp.ufpel.edu.br\/leppais\/files\/2022\/05\/Cartaz.jpg?resize=50%2C50&amp;ssl=1 50w\" sizes=\"auto, (max-width: 584px) 100vw, 584px\" \/><\/a><\/div>\n<div><\/div>\n<div>\n<div><span style=\"font-family: arial, helvetica, sans-serif;\">Organiza\u00e7\u00e3o: Daniele Borges Bezerra e Claudia\u00a0Turra Magni\u00a0<\/span><\/div>\n<div><span style=\"font-family: arial, helvetica, sans-serif;\"><span class=\"im\">Apresenta\u00e7\u00e3o: Claudia Turra Magni e Alexs\u00e2nder Naka\u00f3ka<br \/>\nIntrodu\u00e7\u00e3o: Daniele Bezerra Borges<br \/>\nCap\u00edtulos: Daniele Borges Bezerra, Amanda Dias Vinter e Alexs\u00e2nder Naka\u00f3ka, Mateus Fernandes da Silva<br \/>\nPosf\u00e1cio: Priscilla Chagas Oliveira<br \/>\n<\/span>Diagrama\u00e7\u00e3o: Laborat\u00f3rio de Ensino, Pesquisa e Produ\u00e7\u00e3o em Antropologia da Imagem e do Som (LEPPAIS)<span class=\"im\"><br \/>\nLogotipo do Projeto: Nicola Bianco<\/span><\/span><\/div>\n<div><span style=\"font-family: arial, helvetica, sans-serif;\">Editora\u00e7\u00e3o: Marcelo Fran\u00e7a de Oliveira \/ Casaletras<\/span><\/p>\n<div><span style=\"font-family: arial, helvetica, sans-serif;\">Financiamento: PROAP\/CAPES.<\/span><\/div>\n<\/div>\n<\/div>\n","protected":false},"excerpt":{"rendered":"<p>Temos o prazer de compartilhar o ebook do livro Pandemia de Narrativas &#8211; Vida em Quarentena: Um Hipertexto Sobre Tempo, Corpos e Afetos, dispon\u00edvel em: https:\/\/drive.google.com\/file\/d\/16p-Iz5Uu-4eXT0xLsbV9TZerQxX-kTUx\/view?usp=sharing. O @pandemiadenarrativas\u00a0foi criado como um espa\u00e7o de partilha de sensa\u00e7\u00f5es e afetos que surgiam &hellip; <a href=\"https:\/\/wp.ufpel.edu.br\/leppais\/2022\/05\/19\/ebook-pandemia-de-narrativas\/\">Continue lendo <span class=\"meta-nav\">&rarr;<\/span><\/a><\/p>\n","protected":false},"author":641,"featured_media":0,"comment_status":"closed","ping_status":"closed","sticky":false,"template":"","format":"standard","meta":{"advanced_seo_description":"","jetpack_seo_html_title":"","jetpack_seo_noindex":false,"jetpack_post_was_ever_published":false,"_jetpack_newsletter_access":"","_jetpack_dont_email_post_to_subs":false,"_jetpack_newsletter_tier_id":0,"_jetpack_memberships_contains_paywalled_content":false,"_jetpack_memberships_contains_paid_content":false,"footnotes":"","jetpack_publicize_message":"","jetpack_publicize_feature_enabled":true,"jetpack_social_post_already_shared":true,"jetpack_social_options":{"image_generator_settings":{"template":"highway","default_image_id":0,"font":"","enabled":false},"version":2}},"categories":[2,24,1],"tags":[],"class_list":["post-3488","post","type-post","status-publish","format-standard","hentry","category-antropoeticas","category-divulgacao","category-noticias"],"jetpack_publicize_connections":[],"jetpack_featured_media_url":"","jetpack_sharing_enabled":true,"jetpack_shortlink":"https:\/\/wp.me\/payVYo-Ug","jetpack-related-posts":[{"id":3101,"url":"https:\/\/wp.ufpel.edu.br\/leppais\/2020\/04\/20\/pandemia-de-narrativas-vida-em-quarentena\/","url_meta":{"origin":3488,"position":0},"title":"Pandemia de narrativas: vida em quarentena","author":"antropologia","date":"20\/04\/2020","format":false,"excerpt":"Pandemia de narrativas nasce num per\u00edodo em que a Pandemia do Covid-19 nos obriga a tra\u00e7ar novas rotas de viv\u00eancia di\u00e1ria, nos impulsiona a adentrar cada vez mais esse espa\u00e7o denso e concentrado que \u00e9 casa, cada canto, cada brecha,repensando nosso cotidiano e nossas pr\u00e1ticas de circula\u00e7\u00e3o e consumo, o\u2026","rel":"","context":"Em &quot;Antropo\u00e9ticas&quot;","block_context":{"text":"Antropo\u00e9ticas","link":"https:\/\/wp.ufpel.edu.br\/leppais\/category\/antropoeticas\/"},"img":{"alt_text":"","src":"https:\/\/i0.wp.com\/wp.ufpel.edu.br\/leppais\/files\/2020\/04\/post-chave.jpg?resize=350%2C200&ssl=1","width":350,"height":200,"srcset":"https:\/\/i0.wp.com\/wp.ufpel.edu.br\/leppais\/files\/2020\/04\/post-chave.jpg?resize=350%2C200&ssl=1 1x, https:\/\/i0.wp.com\/wp.ufpel.edu.br\/leppais\/files\/2020\/04\/post-chave.jpg?resize=525%2C300&ssl=1 1.5x, https:\/\/i0.wp.com\/wp.ufpel.edu.br\/leppais\/files\/2020\/04\/post-chave.jpg?resize=700%2C400&ssl=1 2x, https:\/\/i0.wp.com\/wp.ufpel.edu.br\/leppais\/files\/2020\/04\/post-chave.jpg?resize=1050%2C600&ssl=1 3x"},"classes":[]},{"id":3178,"url":"https:\/\/wp.ufpel.edu.br\/leppais\/2020\/06\/15\/materia-do-pandemia-de-narrativas-no-diario-popular\/","url_meta":{"origin":3488,"position":1},"title":"Mat\u00e9ria do Pandemia de Narrativas no Diario Popular","author":"antropologia","date":"15\/06\/2020","format":false,"excerpt":"Link da mat\u00e9ria","rel":"","context":"Em &quot;Antropo\u00e9ticas&quot;","block_context":{"text":"Antropo\u00e9ticas","link":"https:\/\/wp.ufpel.edu.br\/leppais\/category\/antropoeticas\/"},"img":{"alt_text":"","src":"https:\/\/i0.wp.com\/wp.ufpel.edu.br\/leppais\/files\/2020\/06\/Pandemia-de-narrativas-DP-blog.jpg?resize=350%2C200&ssl=1","width":350,"height":200,"srcset":"https:\/\/i0.wp.com\/wp.ufpel.edu.br\/leppais\/files\/2020\/06\/Pandemia-de-narrativas-DP-blog.jpg?resize=350%2C200&ssl=1 1x, https:\/\/i0.wp.com\/wp.ufpel.edu.br\/leppais\/files\/2020\/06\/Pandemia-de-narrativas-DP-blog.jpg?resize=525%2C300&ssl=1 1.5x, https:\/\/i0.wp.com\/wp.ufpel.edu.br\/leppais\/files\/2020\/06\/Pandemia-de-narrativas-DP-blog.jpg?resize=700%2C400&ssl=1 2x"},"classes":[]},{"id":3175,"url":"https:\/\/wp.ufpel.edu.br\/leppais\/2020\/06\/05\/roda-de-conversa-acao-pandemia-de-narrativas-08-06-15h\/","url_meta":{"origin":3488,"position":2},"title":"Roda de conversa | A\u00e7\u00e3o Pandemia de Narrativas &#8211; 08\/06 &#8211; 15h","author":"antropologia","date":"05\/06\/2020","format":false,"excerpt":"Link https:\/\/webconf.ufpel.edu.br\/b\/dan-37v-nxk","rel":"","context":"Em &quot;Antropo\u00e9ticas&quot;","block_context":{"text":"Antropo\u00e9ticas","link":"https:\/\/wp.ufpel.edu.br\/leppais\/category\/antropoeticas\/"},"img":{"alt_text":"","src":"https:\/\/i0.wp.com\/wp.ufpel.edu.br\/leppais\/files\/2020\/06\/Antropoeticas-Pandemia-de-narrativas.jpg?resize=350%2C200&ssl=1","width":350,"height":200,"srcset":"https:\/\/i0.wp.com\/wp.ufpel.edu.br\/leppais\/files\/2020\/06\/Antropoeticas-Pandemia-de-narrativas.jpg?resize=350%2C200&ssl=1 1x, https:\/\/i0.wp.com\/wp.ufpel.edu.br\/leppais\/files\/2020\/06\/Antropoeticas-Pandemia-de-narrativas.jpg?resize=525%2C300&ssl=1 1.5x, https:\/\/i0.wp.com\/wp.ufpel.edu.br\/leppais\/files\/2020\/06\/Antropoeticas-Pandemia-de-narrativas.jpg?resize=700%2C400&ssl=1 2x"},"classes":[]},{"id":2745,"url":"https:\/\/wp.ufpel.edu.br\/leppais\/2019\/07\/23\/cultura-digital-e-narrativas-hibridas-a-memoria-em-processo\/","url_meta":{"origin":3488,"position":3},"title":"CULTURA DIGITAL E NARRATIVAS H\u00cdBRIDAS: A MEM\u00d3RIA EM PROCESSO","author":"antropologia","date":"23\/07\/2019","format":false,"excerpt":"Est\u00e3o abertas as inscri\u00e7\u00f5es para comunicadores no V EHM \/ IV CLAEHM, a ocorrer entre os dias 26 e 28 de novembro de 2019, na UNIPAMPA - Jaguar\u00e3o\/RS. \u00a0Priscila Chagas, Daniele Borges e Fernando Igansi coordenam o Simp\u00f3sio Tem\u00e1tico: \"Cultura digital e narrativas h\u00edbridas: a mem\u00f3ria em processo\"! Inscrevam-se!!!! https:\/\/claec.org\/ehm\/st-11-cultura-digital-e-narrativas-hibridas-a-memoria-em-processo\/","rel":"","context":"Em &quot;Convite&quot;","block_context":{"text":"Convite","link":"https:\/\/wp.ufpel.edu.br\/leppais\/category\/convite\/"},"img":{"alt_text":"","src":"https:\/\/i0.wp.com\/wp.ufpel.edu.br\/leppais\/files\/2019\/07\/66720731_2294012500865684_6902545737876242432_o.jpg?resize=350%2C200&ssl=1","width":350,"height":200,"srcset":"https:\/\/i0.wp.com\/wp.ufpel.edu.br\/leppais\/files\/2019\/07\/66720731_2294012500865684_6902545737876242432_o.jpg?resize=350%2C200&ssl=1 1x, https:\/\/i0.wp.com\/wp.ufpel.edu.br\/leppais\/files\/2019\/07\/66720731_2294012500865684_6902545737876242432_o.jpg?resize=525%2C300&ssl=1 1.5x, https:\/\/i0.wp.com\/wp.ufpel.edu.br\/leppais\/files\/2019\/07\/66720731_2294012500865684_6902545737876242432_o.jpg?resize=700%2C400&ssl=1 2x"},"classes":[]},{"id":4318,"url":"https:\/\/wp.ufpel.edu.br\/leppais\/2025\/06\/04\/oficinas-antropoeticas-narrativas-hibridas-um-fazer-po-etico\/","url_meta":{"origin":3488,"position":4},"title":"Oficinas Antropo\u00e9ticas: Narrativas hibridas: um fazer (po) \u00e9tico.","author":"antropologia","date":"04\/06\/2025","format":false,"excerpt":"O Antropo\u00e9ticas estar\u00e1 na XV Reuni\u00e3o de Antropologia do Mercosul, em Salvador\/BA, na Oficina Antropo\u00e9ticas e narrativas h\u00edbridas: um fazer (po)\u00e9tico. Inscri\u00e7\u00f5es pelo site https:\/\/www.ram2025.sinteseeventos.com.br\/","rel":"","context":"Em &quot;Antropo\u00e9ticas&quot;","block_context":{"text":"Antropo\u00e9ticas","link":"https:\/\/wp.ufpel.edu.br\/leppais\/category\/antropoeticas\/"},"img":{"alt_text":"","src":"https:\/\/i0.wp.com\/wp.ufpel.edu.br\/leppais\/files\/2025\/06\/WhatsApp-Image-2025-05-20-at-11.16.56.jpeg?resize=350%2C200","width":350,"height":200,"srcset":"https:\/\/i0.wp.com\/wp.ufpel.edu.br\/leppais\/files\/2025\/06\/WhatsApp-Image-2025-05-20-at-11.16.56.jpeg?resize=350%2C200 1x, https:\/\/i0.wp.com\/wp.ufpel.edu.br\/leppais\/files\/2025\/06\/WhatsApp-Image-2025-05-20-at-11.16.56.jpeg?resize=525%2C300 1.5x, https:\/\/i0.wp.com\/wp.ufpel.edu.br\/leppais\/files\/2025\/06\/WhatsApp-Image-2025-05-20-at-11.16.56.jpeg?resize=700%2C400 2x, https:\/\/i0.wp.com\/wp.ufpel.edu.br\/leppais\/files\/2025\/06\/WhatsApp-Image-2025-05-20-at-11.16.56.jpeg?resize=1050%2C600 3x"},"classes":[]},{"id":3203,"url":"https:\/\/wp.ufpel.edu.br\/leppais\/2020\/07\/20\/roda-de-chimarrao-cuidativa-produzido-pelo-grupo-de-teatro-interativo-junto-ao-projeto-pandemia-de-narrativas\/","url_meta":{"origin":3488,"position":5},"title":"Roda de Chimarr\u00e3o CuidATIVA\u201d produzido pelo Grupo de Teatro Interativo junto ao projeto Pandemia de Narrativas","author":"antropologia","date":"20\/07\/2020","format":false,"excerpt":"Roda de Chimarr\u00e3o CuidATIVA\u201d produzido pelo Grupo de Teatro Interativo junto ao projeto Pandemia de Narrativas. O v\u00eddeo \u00e9 uma atividade \u00e0 dist\u00e2ncia do projeto de extens\u00e3o \u201cGrupo de Teatro Interativo: teatro & terapia\u201d (Pr\u00e1ticas Integrativas e Complementares) da CuidATIVA \u2013 Unidade de Cuidados Paliativos da Faculdade de Medicina\/UFPel, cujo\u2026","rel":"","context":"Em &quot;Antropo\u00e9ticas&quot;","block_context":{"text":"Antropo\u00e9ticas","link":"https:\/\/wp.ufpel.edu.br\/leppais\/category\/antropoeticas\/"},"img":{"alt_text":"","src":"https:\/\/i0.wp.com\/img.youtube.com\/vi\/XZyoXcOVJ18\/0.jpg?resize=350%2C200","width":350,"height":200},"classes":[]}],"jetpack_likes_enabled":true,"_links":{"self":[{"href":"https:\/\/wp.ufpel.edu.br\/leppais\/wp-json\/wp\/v2\/posts\/3488","targetHints":{"allow":["GET"]}}],"collection":[{"href":"https:\/\/wp.ufpel.edu.br\/leppais\/wp-json\/wp\/v2\/posts"}],"about":[{"href":"https:\/\/wp.ufpel.edu.br\/leppais\/wp-json\/wp\/v2\/types\/post"}],"author":[{"embeddable":true,"href":"https:\/\/wp.ufpel.edu.br\/leppais\/wp-json\/wp\/v2\/users\/641"}],"replies":[{"embeddable":true,"href":"https:\/\/wp.ufpel.edu.br\/leppais\/wp-json\/wp\/v2\/comments?post=3488"}],"version-history":[{"count":1,"href":"https:\/\/wp.ufpel.edu.br\/leppais\/wp-json\/wp\/v2\/posts\/3488\/revisions"}],"predecessor-version":[{"id":3490,"href":"https:\/\/wp.ufpel.edu.br\/leppais\/wp-json\/wp\/v2\/posts\/3488\/revisions\/3490"}],"wp:attachment":[{"href":"https:\/\/wp.ufpel.edu.br\/leppais\/wp-json\/wp\/v2\/media?parent=3488"}],"wp:term":[{"taxonomy":"category","embeddable":true,"href":"https:\/\/wp.ufpel.edu.br\/leppais\/wp-json\/wp\/v2\/categories?post=3488"},{"taxonomy":"post_tag","embeddable":true,"href":"https:\/\/wp.ufpel.edu.br\/leppais\/wp-json\/wp\/v2\/tags?post=3488"}],"curies":[{"name":"wp","href":"https:\/\/api.w.org\/{rel}","templated":true}]}}